{"id":14852,"date":"2021-10-23T20:21:48","date_gmt":"2021-10-23T17:21:48","guid":{"rendered":"http:\/\/akdenizolaygazetesi.com\/?p=14852"},"modified":"2021-10-23T20:21:48","modified_gmt":"2021-10-23T17:21:48","slug":"mersin-buyuksehirin-kir-cicekleri-dilek-imamoglu-nuray-karalar-ve-meral-seceri-agirladi","status":"publish","type":"post","link":"https:\/\/akdenizolaygazetesi.com\/?p=14852","title":{"rendered":"MERS\u0130N B\u00dcY\u00dcK\u015eEH\u0130R\u2019\u0130N KIR \u00c7\u0130\u00c7EKLER\u0130, D\u0130LEK \u0130MAMO\u011eLU, NURAY KARALAR VE MERAL SE\u00c7ER\u2019\u0130 A\u011eIRLADI"},"content":{"rendered":"<p>\u0130stanbul Vakf\u0131\u2019n\u0131n \u201cB\u00fcy\u00fct Hayallerini Projesi\u201d kapsam\u0131nda geliriyle k\u0131z \u00f6\u011frencilere burs imk\u00e2n\u0131 sa\u011flayacak olan \u2018\u0130lham Veren Ad\u0131mlar\u2019 kitab\u0131n\u0131n T\u00fcrkiye\u2019deki ilk tan\u0131t\u0131m\u0131 Mersin\u2019den ba\u015flad\u0131. \u0130stanbul Vakf\u0131 G\u00f6n\u00fcll\u00fcs\u00fc Dilek \u0130mamo\u011flu ve beraberindeki heyet, Adana B\u00fcy\u00fck\u015fehir Belediye Ba\u015fkan\u0131 Zeydan Karalar\u2019\u0131n e\u015fi Nuray Karalar ve Mersinden Kad\u0131n Kooperatifi Ba\u015fkan\u0131 Meral Se\u00e7er\u2019le birlikte Mersin\u2019de bir dizi programa kat\u0131ld\u0131. Dilek \u0130mamo\u011flu, Mersin B\u00fcy\u00fck\u015fehir Belediyesi\u2019nin K\u0131r \u00c7i\u00e7ekleri\u2019ni de ziyaret ederek, \u2018\u0130lham Veren Ad\u0131mlar\u2019 kitab\u0131n\u0131 sporcu k\u0131z \u00e7ocuklar\u0131na hediye etti.<\/p>\n<p>Mersinden Kad\u0131n Kooperatifi Ba\u015fkan\u0131 Meral Se\u00e7er\u2019in ev sahipli\u011finde ger\u00e7ekle\u015fen program kapsam\u0131nda ilk olarak Mersin B\u00fcy\u00fck\u015fehir Belediye Ba\u015fkan\u0131 Vahap Se\u00e7er\u2019i ziyaret eden \u0130stanbul B\u00fcy\u00fck\u015fehir Belediye Ba\u015fkan\u0131 Ekrem \u0130mamo\u011flu\u2019nun e\u015fi ve \u0130stanbul Vakf\u0131 G\u00f6n\u00fcll\u00fcs\u00fc Dilek \u0130mamo\u011flu, Adana B\u00fcy\u00fck\u015fehir Belediye Ba\u015fkan\u0131 Zeydan Karalar\u2019\u0131n e\u015fi Nuray Karalar, \u0130stanbul Vakf\u0131 Genel M\u00fcd\u00fcr\u00fc Perihan Y\u00fccel, \u0130stanbul Vakf\u0131 Koordinat\u00f6r\u00fc B\u00fc\u015fra Kiri\u015f ve beraberindeki heyet, ard\u0131ndan \u2018D\u00fcnya Kad\u0131n \u00c7ift\u00e7iler G\u00fcn\u00fc\u2019 etkinli\u011fine kat\u0131ld\u0131.<\/p>\n<p>Sporcu k\u0131z \u00e7ocuklar\u0131 \u2018\u0130lham Veren Ad\u0131mlar\u2019\u0131 hemen okumaya ba\u015flad\u0131<\/p>\n<p>\u201c\u0130lham Veren Ad\u0131mlar\u201d kitab\u0131n\u0131n tan\u0131t\u0131m\u0131 i\u00e7in Mersin B\u00fcy\u00fck\u015fehir Belediyesi\u2019nin K\u0131r \u00c7i\u00e7ekleri Projesi kapsam\u0131nda k\u0131rsal mahallelerden gelerek Mersin\u2019de \u00f6\u011frenim g\u00f6ren 55 sporcu k\u0131z \u00e7ocu\u011fuyla bulu\u015fan \u0130mamo\u011flu, Se\u00e7er ve Karalar; B\u00fcy\u00fck\u015fehir\u2019in K\u0131r \u00c7i\u00e7ekleri\u2019yle keyifli vakit ge\u00e7irdi. K\u0131z \u00e7ocuklar\u0131na kitab\u0131 tan\u0131tan Dilek \u0130mamo\u011flu, ard\u0131ndan onlara hayallerini sordu. Reyhan, Cemile, \u0130rem ve Ecrin gibi gelece\u011fe umutla bakan k\u0131z \u00e7ocuklar\u0131 gelecek hayallerini anlat\u0131rken; Cemile, avukat olup kad\u0131nlar\u0131 ve \u00e7ocuklar\u0131 korumak istedi\u011fini s\u00f6yledi. \u0130mamo\u011flu, \u00e7ocuklar\u0131n hayalleri \u00fczerine \u201cBa\u015fkalar\u0131na ilham verecek ba\u015far\u0131 hik\u00e2yeleri g\u00f6r\u00fcyorum burada\u201d dedi. Halterci olmak istedi\u011fini s\u00f6yleyen Nesrin\u2019in hayallerini de dinleyen \u0130mamo\u011flu, \u201cSenin ba\u015far\u0131 hik\u00e2yeni okumak i\u00e7in sab\u0131rs\u0131zlan\u0131yorum\u201d diye konu\u015ftu.<\/p>\n<p>55 sporcu k\u0131z \u00e7ocu\u011fu, ziyarette \u00e7e\u015fitli dans g\u00f6sterileri de sergileyerek \u015fark\u0131lar s\u00f6yledi. Dilek \u0130mamo\u011flu, Nuray Karalar, Meral Se\u00e7er ve Perihan Y\u00fccel\u2019e Atat\u00fcrk portreli tablolar da hediye eden k\u0131z \u00e7ocuklar\u0131, ard\u0131ndan merak ettikleri sorular\u0131 y\u00f6neltti. Sohbet esnas\u0131nda keyifli ve e\u011flenceli dakikalar ya\u015fan\u0131rken, ziyaretin sonunda K\u0131r \u00c7i\u00e7ekleri\u2019nin misafir edildi\u011fi \u00d6zel K\u0131r \u00c7i\u00e7ekleri Ortaokul K\u0131z Sporcu Yeti\u015ftirme Yurdu\u2019nu gezen Dilek \u0130mamo\u011flu, an\u0131 defterine duygular\u0131n\u0131 yazd\u0131.<\/p>\n<p>\u201cBu kitap eminim hepsine ilham kayna\u011f\u0131 olacak\u201d<\/p>\n<p>\u0130stanbul Vakf\u0131 G\u00f6n\u00fcll\u00fcs\u00fc Dilek \u0130mamo\u011flu, \u201cB\u00fcy\u00fct Hayallerini Projesi\u201d kapsam\u0131nda ilk geziyi Mersin\u2019e yapt\u0131klar\u0131n\u0131 ve K\u0131r \u00c7i\u00e7ekleri\u2019yle anlaml\u0131 bir bulu\u015fma ger\u00e7ekle\u015ftirdiklerini belirtti. \u0130mamo\u011flu, \u015funlar\u0131 s\u00f6yledi:<\/p>\n<p>\u201cAmac\u0131m\u0131z B\u00fcy\u00fct Hayallerini Projesi\u2019yle birlikte \u0130lham Veren Ad\u0131mlar kitab\u0131m\u0131z\u0131 T\u00fcrkiye\u2019nin d\u00f6rt bir yan\u0131ndaki k\u0131z \u00e7ocuklar\u0131na ula\u015ft\u0131rmak. \u0130lk aya\u011f\u0131 bug\u00fcn Mersin\u2019de ger\u00e7ekle\u015fti. K\u0131r \u00c7i\u00e7ekleri\u2019ndeki k\u0131zlar\u0131m\u0131za kitab\u0131 ula\u015ft\u0131rd\u0131m. Bu kitap eminim hepsine ilham kayna\u011f\u0131 olacak. Ama ben g\u00f6r\u00fcyorum ki onlar\u0131n hepsinden kendilerinden sonra gelecek nesildeki k\u0131zlara ilham olacak \u00e7ok g\u00fczel ba\u015far\u0131l\u0131 hik\u00e2yeler \u00e7\u0131kacak. Bug\u00fcn sohbetimizden onu anlad\u0131m. E\u011fitim ama\u00e7l\u0131 bir projenin geliriyle k\u0131z \u00e7ocuklar\u0131m\u0131za burs verece\u011fiz. Onlara katk\u0131 sa\u011flayaca\u011f\u0131z. K\u0131r \u00c7i\u00e7ekleri\u2019nde de ayn\u0131 ama\u00e7 yap\u0131l\u0131yor. Dolay\u0131s\u0131yla g\u00fczel \u015feyler birbirini buldu ve biz burada k\u0131zlar\u0131m\u0131zla bulu\u015ftuk.\u201d<\/p>\n<p>\u201c\u0130lk deste\u011fi Meral Se\u00e7er\u2019den ald\u0131\u011f\u0131m i\u00e7in te\u015fekk\u00fcr ediyorum\u201d<\/p>\n<p>K\u0131z \u00e7ocuklar\u0131n\u0131n e\u011fitimine destek veren bir projeyi hayata ge\u00e7irdiklerini vurgulayan \u0130mamo\u011flu, \u201cProjeyi ilk anlatt\u0131\u011f\u0131mda, Meral Se\u00e7er\u2019le konu\u015ftu\u011fumuzda projeye ger\u00e7ekten inand\u0131. \u0130lk deste\u011fi de ondan ald\u0131\u011f\u0131m i\u00e7in ger\u00e7ekten te\u015fekk\u00fcr ediyorum. Toplumun ilerlemesi ve daha ayd\u0131nl\u0131k bir seviyeye ula\u015fmas\u0131 i\u00e7in k\u0131z \u00e7ocuklar\u0131n\u0131n e\u011fitimi \u00e7ok \u00f6nemli. Bizim amac\u0131m\u0131z zaten bu; yar\u0131n\u0131n kad\u0131nlar\u0131 bug\u00fcn\u00fcn k\u0131zlar\u0131n\u0131n g\u00fc\u00e7l\u00fc e\u011fitiminden ge\u00e7iyor. Dolay\u0131s\u0131yla burada \u00e7ok g\u00fczel bir bulu\u015fma oldu. Zaten k\u0131zlar\u0131m\u0131z da bu ilhama haz\u0131r ve devaml\u0131 hayallerini b\u00fcy\u00fctecekler. Onlar\u0131n b\u00fcy\u00fcyen hayallerine de biz destek olmaya devam edece\u011fiz\u201d ifadelerine yer verdi.<\/p>\n<p>\u201cK\u0131r \u00c7i\u00e7ekleri ile bu kitap asl\u0131nda ayn\u0131 ama\u00e7 \u00fczerinde y\u00fcr\u00fcyor\u201d<\/p>\n<p>Mersinden Kad\u0131n Kooperatifi Ba\u015fkan\u0131 Meral Se\u00e7er ise Dilek \u0130mamo\u011flu\u2019yla bir s\u00fcre \u00f6nce g\u00f6r\u00fc\u015ft\u00fcklerini belirterek, \u201cK\u0131r \u00c7i\u00e7ekleri ile bu kitap asl\u0131nda ayn\u0131 ama\u00e7 \u00fczerinde y\u00fcr\u00fcyor. K\u0131r \u00c7i\u00e7ekleri\u2019ndeki ama\u00e7 k\u0131rsalda ya\u015fayan, imk\u00e2nlar\u0131 k\u0131s\u0131tl\u0131 olan k\u0131z \u00e7ocuklar\u0131m\u0131z\u0131n e\u011fitimine katk\u0131 sunmak, sporcu \u00e7ocuklar yeti\u015ftirmek, sporun yan\u0131nda ba\u015fka meslek edinmek istiyorlarsa o deste\u011fi vermek. Dilek Han\u0131m\u2019\u0131n bu projesi ger\u00e7ekten \u00e7ok k\u0131ymetli. Toplumumuzun g\u00fc\u00e7lenmesi i\u00e7in en ba\u015fta k\u0131z \u00e7ocuklar\u0131n\u0131n g\u00fc\u00e7lenmesi ve bunun i\u00e7in de e\u011fitimi gerekiyor. Bu kitab\u0131n i\u00e7inde ilham veren 40 tane hik\u00e2ye var. Bu hik\u00e2yelerin k\u0131z \u00e7ocuklar\u0131m\u0131z\u0131n var olan ilham\u0131n\u0131 daha da art\u0131raca\u011f\u0131n\u0131 d\u00fc\u015f\u00fcn\u00fcyorum ve her zaman bu projeye destek verece\u011fiz\u201d dedi.<\/p>\n<p>\u201cK\u0131zlar\u0131n okumas\u0131 bizim i\u00e7in \u00e7ok \u00f6nemli\u201d<\/p>\n<p>Nuray Karalar ise proje i\u00e7in Dilek \u0130mamo\u011flu\u2019na, ev sahipli\u011fi i\u00e7in de Meral Se\u00e7er\u2019e te\u015fekk\u00fcr ederek, \u201cBen de bir Cumhuriyet \u00f6\u011fretmeni olarak onlar\u0131 davet ettim zaten. \u0130n\u015fallah ikinci ayak da Adana olur. K\u0131zlar\u0131m\u0131z\u0131 seviyoruz. Onlar\u0131n okumas\u0131 bizim i\u00e7in \u00e7ok \u00f6nemli. Onlar T\u00fcrkiye Cumhuriyeti\u2019ni ileriye ta\u015f\u0131yacak sporcular\u0131m\u0131z. K\u0131zlar\u0131m\u0131z hayallerindeki \u00e7e\u015fitli meslekleri sayd\u0131lar. Biz de onlara bu g\u00fcveni, bu deste\u011fi her zaman verece\u011fiz. Her zaman yanlar\u0131nday\u0131z\u201d diye konu\u015ftu.<\/p>\n<p>Dilek \u0130mamo\u011flu ve Meral Se\u00e7er, K\u0131r \u00c7i\u00e7ekleri ziyaretinin ard\u0131ndan \u00c7aml\u0131be<\/p>\n","protected":false},"excerpt":{"rendered":"<p>\u0130stanbul Vakf\u0131\u2019n\u0131n \u201cB\u00fcy\u00fct Hayallerini Projesi\u201d kapsam\u0131nda geliriyle k\u0131z \u00f6\u011frencilere burs imk\u00e2n\u0131 sa\u011flayacak olan \u2018\u0130lham Veren Ad\u0131mlar\u2019 kitab\u0131n\u0131n T\u00fcrkiye\u2019deki ilk tan\u0131t\u0131m\u0131 Mersin\u2019den ba\u015flad\u0131. \u0130stanbul Vakf\u0131 G\u00f6n\u00fcll\u00fcs\u00fc Dilek \u0130mamo\u011flu ve beraberindeki heyet, &hellip; <a href=\"https:\/\/akdenizolaygazetesi.com\/?p=14852\" class=\"more-link\">Devam\u0131n\u0131 Oku&#8230;<\/a><\/p>\n","protected":false},"author":2,"featured_media":14853,"comment_status":"open","ping_status":"open","sticky":false,"template":"","format":"standard","meta":[],"categories":[2,3,5],"tags":[],"_links":{"self":[{"href":"https:\/\/akdenizolaygazetesi.com\/index.php?rest_route=\/wp\/v2\/posts\/14852"}],"collection":[{"href":"https:\/\/akdenizolaygazetesi.com\/index.php?rest_route=\/wp\/v2\/posts"}],"about":[{"href":"https:\/\/akdenizolaygazetesi.com\/index.php?rest_route=\/wp\/v2\/types\/post"}],"author":[{"embeddable":true,"href":"https:\/\/akdenizolaygazetesi.com\/index.php?rest_route=\/wp\/v2\/users\/2"}],"replies":[{"embeddable":true,"href":"https:\/\/akdenizolaygazetesi.com\/index.php?rest_route=%2Fwp%2Fv2%2Fcomments&post=14852"}],"version-history":[{"count":1,"href":"https:\/\/akdenizolaygazetesi.com\/index.php?rest_route=\/wp\/v2\/posts\/14852\/revisions"}],"predecessor-version":[{"id":14854,"href":"https:\/\/akdenizolaygazetesi.com\/index.php?rest_route=\/wp\/v2\/posts\/14852\/revisions\/14854"}],"wp:featuredmedia":[{"embeddable":true,"href":"https:\/\/akdenizolaygazetesi.com\/index.php?rest_route=\/wp\/v2\/media\/14853"}],"wp:attachment":[{"href":"https:\/\/akdenizolaygazetesi.com\/index.php?rest_route=%2Fwp%2Fv2%2Fmedia&parent=14852"}],"wp:term":[{"taxonomy":"category","embeddable":true,"href":"https:\/\/akdenizolaygazetesi.com\/index.php?rest_route=%2Fwp%2Fv2%2Fcategories&post=14852"},{"taxonomy":"post_tag","embeddable":true,"href":"https:\/\/akdenizolaygazetesi.com\/index.php?rest_route=%2Fwp%2Fv2%2Ftags&post=14852"}],"curies":[{"name":"wp","href":"https:\/\/api.w.org\/{rel}","templated":true}]}}