{"id":14855,"date":"2021-10-23T20:24:37","date_gmt":"2021-10-23T17:24:37","guid":{"rendered":"http:\/\/akdenizolaygazetesi.com\/?p=14855"},"modified":"2021-10-23T20:24:37","modified_gmt":"2021-10-23T17:24:37","slug":"secer-insaat-muhendisleri-odasinin-67-yil-kurulus-balosuna-katildi","status":"publish","type":"post","link":"https:\/\/akdenizolaygazetesi.com\/?p=14855","title":{"rendered":"SE\u00c7ER, \u0130N\u015eAAT M\u00dcHEND\u0130SLER\u0130 ODASI\u2019NIN 67. YIL KURULU\u015e BALOSU\u2019NA KATILDI"},"content":{"rendered":"<p>Mersin B\u00fcy\u00fck\u015fehir Belediye Ba\u015fkan\u0131 Vahap Se\u00e7er, TMMOB \u0130n\u015faat M\u00fchendisleri Odas\u0131\u2019n\u0131n kurulu\u015funun 67. y\u0131l\u0131 dolay\u0131s\u0131yla Mersin \u015eubesi taraf\u0131ndan d\u00fczenlenen Kurulu\u015f Balosu\u2019na kat\u0131ld\u0131. \u0130n\u015faat m\u00fchendisli\u011fi mesle\u011finin \u00f6nemini vurgulayan Ba\u015fkan Se\u00e7er, \u201cSizlerin emekleri, beyin g\u00fcc\u00fc, bilgi birikimi, yapt\u0131\u011f\u0131n\u0131z m\u00fchendislik hesaplar\u0131yla olu\u015fan yap\u0131larda bizler ya\u015fam\u0131m\u0131z\u0131 s\u00fcrd\u00fcr\u00fcyoruz\u201d dedi.<\/p>\n<p>Baloya; Ba\u015fkan Se\u00e7er yan\u0131 s\u0131ra Mezitli Belediye Ba\u015fkan\u0131 Ne\u015fet Tarhan, sivil toplum kurulu\u015fu temsilcileri, \u00e7e\u015fitli oda ve kurum temsilcileri ile \u0130n\u015faat M\u00fchendisleri Odas\u0131 Mersin \u015eubesi\u2019ne \u00fcye \u00e7ok say\u0131da m\u00fchendis kat\u0131ld\u0131.<\/p>\n<p>\u201cHayat\u0131m\u0131z sizlerin ellerinde, ya\u015fad\u0131\u011f\u0131m\u0131z binalarda\u201d<\/p>\n<p>Meslekte 25, 40 ve 50 y\u0131l\u0131n\u0131 doldurmu\u015f m\u00fchendislere plaketlerin verildi\u011fi etkinlikte Ba\u015fkan Se\u00e7er, in\u015faat m\u00fchendisli\u011fi mesle\u011finin insanlar i\u00e7in \u00f6nemine vurgu yapt\u0131. Se\u00e7er, \u201cHayat\u0131m\u0131z sizlerin ellerinde, ya\u015fad\u0131\u011f\u0131m\u0131z binalarda; bu konuttur, i\u015fyeridir ya da sosyal alanlard\u0131r. Sizlerin emekleri, beyin g\u00fcc\u00fc, bilgi birikimi, yapt\u0131\u011f\u0131n\u0131z m\u00fchendislik hesaplar\u0131yla olu\u015fan yap\u0131larda bizler ya\u015fam\u0131m\u0131z\u0131 s\u00fcrd\u00fcr\u00fcyoruz. Hatta sadece insanlar de\u011fil, di\u011fer canl\u0131lar da\u201d dedi.<\/p>\n<p>Parlamentoda yasala\u015fan mevzuatlar\u0131n olu\u015fturdu\u011fu s\u0131k\u0131nt\u0131lara de\u011finen Se\u00e7er, \u201cBurada en b\u00fcy\u00fck g\u00f6revin Oda\u2019ya d\u00fc\u015fmesi laz\u0131m. Geli\u015fmi\u015f demokrasilerde sivil toplum kurulu\u015flar\u0131, odalar, yasa yap\u0131l\u0131rken \u00e7ok etkindirler parlamentoda. \u00c7o\u011fulcu parlamenter sistemde de bu b\u00f6yle. \u00c7ok \u00f6nemli yasalar g\u00f6r\u00fc\u015f\u00fcl\u00fcrken en \u00f6nemli s\u00f6z sahibi kurumlar odalard\u0131r. \u0130n\u015faat konusuysa in\u015faat, tar\u0131msa ziraat, hukuksa barolar. \u00c7\u00fcnk\u00fc onlar hayat\u0131n i\u00e7inde olanlar, konuya hakim olanlar. M\u00fcktesebat\u0131 daha geli\u015fmi\u015f olanlar. G\u00fcn\u00fcm\u00fcz d\u00fczeninde, sisteminde maalesef parlamenter sistemdeki hassasiyeti g\u00f6rememenin \u00fcz\u00fcnt\u00fcs\u00fc i\u00e7erisindeyiz\u201d ifadelerini kulland\u0131. Se\u00e7er, 67. Kurulu\u015f Balosu\u2019nda bulunmaktan mutluluk duydu\u011funu belirterek, t\u00fcm in\u015faat m\u00fchendislerine \u00e7al\u0131\u015fmalar\u0131nda ba\u015far\u0131lar diledi.<\/p>\n<p>\u201c\u0130nan\u0131yorum ki yap\u0131larda can g\u00fcvenli\u011finin de\u011fil g\u00fczel g\u00fcnlerin konu\u015fulaca\u011f\u0131 zamanlara ula\u015faca\u011f\u0131z\u201d<\/p>\n<p>\u0130n\u015faat M\u00fchendisleri Odas\u0131 Mersin \u015eube Ba\u015fkan\u0131 G\u00fcl\u00e7in Barbaros ise a\u00e7\u0131l\u0131\u015f konu\u015fmas\u0131nda \u015fu ifadelere yer verdi:<\/p>\n<p>\u201cM\u00fchendislik fak\u00fcltesindeki ilk g\u00fcn\u00fcm\u00fc hat\u0131rl\u0131yorum. Profes\u00f6r hocam\u0131n s\u00f6yledi\u011fi s\u00f6z akl\u0131mdan \u00e7\u0131km\u0131yor. Demi\u015fti ki; \u2018Sizler in\u015faat m\u00fchendisi olacaks\u0131n\u0131z. Doktor ameliyatta bir hata yapar bir cana mal olur. Ancak m\u00fchendis bir hata yapar binlerce cana mal olur.\u2019 Bu nedenle biz m\u00fchendisler bu bilin\u00e7le hata yapmamak \u00fczerine e\u011fitim al\u0131yoruz. Ama m\u00fchendislik hizmeti almadan yap\u0131lan binalar ya da denetimsiz binalar binlerce cana mal olabiliyor. \u0130nan\u0131yorum ki depreme dayan\u0131kl\u0131 yap\u0131larda can g\u00fcvenli\u011finin de\u011fil g\u00fczel g\u00fcnlerin konu\u015fulaca\u011f\u0131 zamanlara ula\u015faca\u011f\u0131z\u201d dedi.  <\/p>\n<p>Ba\u015fkan Se\u00e7er, meslekte 40 ve 50 y\u0131l\u0131n\u0131 dolduran m\u00fchendislere plaket verdi<\/p>\n<p>Konu\u015fmalar\u0131n ard\u0131ndan baloda meslekte 25, 40 ve 50 y\u0131l\u0131n\u0131 tamamlam\u0131\u015f m\u00fchendislere plaketler takdim edildi. Meslekte 40 y\u0131l\u0131n\u0131 tamamlayan Abbas \u00c7evik ile 50 y\u0131l\u0131n\u0131 tamamlayan Sezai Co\u015fkun\u2019a plaketlerini Ba\u015fkan Se\u00e7er verdi. Mersin B\u00fcy\u00fck\u015fehir Belediye Ba\u015fkan Vekili G\u00fclcan K\u0131\u015f da meslekte 25 y\u0131l\u0131n\u0131 dolduran Mehmet Fad\u0131l \u00c7ak\u0131c\u0131\u2019ya plaketini teslim etti.<\/p>\n","protected":false},"excerpt":{"rendered":"<p>Mersin B\u00fcy\u00fck\u015fehir Belediye Ba\u015fkan\u0131 Vahap Se\u00e7er, TMMOB \u0130n\u015faat M\u00fchendisleri Odas\u0131\u2019n\u0131n kurulu\u015funun 67. y\u0131l\u0131 dolay\u0131s\u0131yla Mersin \u015eubesi taraf\u0131ndan d\u00fczenlenen Kurulu\u015f Balosu\u2019na kat\u0131ld\u0131. \u0130n\u015faat m\u00fchendisli\u011fi mesle\u011finin \u00f6nemini vurgulayan Ba\u015fkan Se\u00e7er, \u201cSizlerin emekleri, &hellip; <a href=\"https:\/\/akdenizolaygazetesi.com\/?p=14855\" class=\"more-link\">Devam\u0131n\u0131 Oku&#8230;<\/a><\/p>\n","protected":false},"author":2,"featured_media":14856,"comment_status":"open","ping_status":"open","sticky":false,"template":"","format":"standard","meta":[],"categories":[1,2,3,5],"tags":[],"_links":{"self":[{"href":"https:\/\/akdenizolaygazetesi.com\/index.php?rest_route=\/wp\/v2\/posts\/14855"}],"collection":[{"href":"https:\/\/akdenizolaygazetesi.com\/index.php?rest_route=\/wp\/v2\/posts"}],"about":[{"href":"https:\/\/akdenizolaygazetesi.com\/index.php?rest_route=\/wp\/v2\/types\/post"}],"author":[{"embeddable":true,"href":"https:\/\/akdenizolaygazetesi.com\/index.php?rest_route=\/wp\/v2\/users\/2"}],"replies":[{"embeddable":true,"href":"https:\/\/akdenizolaygazetesi.com\/index.php?rest_route=%2Fwp%2Fv2%2Fcomments&post=14855"}],"version-history":[{"count":1,"href":"https:\/\/akdenizolaygazetesi.com\/index.php?rest_route=\/wp\/v2\/posts\/14855\/revisions"}],"predecessor-version":[{"id":14857,"href":"https:\/\/akdenizolaygazetesi.com\/index.php?rest_route=\/wp\/v2\/posts\/14855\/revisions\/14857"}],"wp:featuredmedia":[{"embeddable":true,"href":"https:\/\/akdenizolaygazetesi.com\/index.php?rest_route=\/wp\/v2\/media\/14856"}],"wp:attachment":[{"href":"https:\/\/akdenizolaygazetesi.com\/index.php?rest_route=%2Fwp%2Fv2%2Fmedia&parent=14855"}],"wp:term":[{"taxonomy":"category","embeddable":true,"href":"https:\/\/akdenizolaygazetesi.com\/index.php?rest_route=%2Fwp%2Fv2%2Fcategories&post=14855"},{"taxonomy":"post_tag","embeddable":true,"href":"https:\/\/akdenizolaygazetesi.com\/index.php?rest_route=%2Fwp%2Fv2%2Ftags&post=14855"}],"curies":[{"name":"wp","href":"https:\/\/api.w.org\/{rel}","templated":true}]}}