{"id":1486,"date":"2020-11-04T18:22:03","date_gmt":"2020-11-04T15:22:03","guid":{"rendered":"http:\/\/mersinekonomipolitikagazetesi.com\/?p=1486"},"modified":"2020-11-04T18:22:03","modified_gmt":"2020-11-04T15:22:03","slug":"muftulukte-resmi-ve-dini-nikah-bir-arada","status":"publish","type":"post","link":"https:\/\/akdenizolaygazetesi.com\/?p=1486","title":{"rendered":"M\u00fcft\u00fcl\u00fckte resmi ve dini nikah bir arada"},"content":{"rendered":"<p>Mersin&#8217;in Erdemli \u0130l\u00e7e M\u00fcft\u00fcl\u00fc\u011f\u00fc ilin ilk resmi ve dini nikah\u0131n\u0131 bir arada k\u0131yd\u0131.<\/p>\n<p><span style=\"font-size:16px;\"><span style=\"font-family: sans-serif; line-height: 20px; text-align: justify; background-color: rgb(242, 244, 245);\">\u015eof\u00f6rl\u00fck yapan 25 ya\u015f\u0131ndaki Mehmet Aslan, 21 ya\u015f\u0131ndaki Duygu Y\u00fcksek ile hem resmi hem de dini nikah\u0131n\u0131 bir arada yapt\u0131rmak \u00fczere Erdemli M\u00fcft\u00fcl\u00fc\u011f\u00fcne ba\u015fvurdu. Evlenmek isteyen gen\u00e7lerin m\u00fcracaat\u0131n\u0131 alan m\u00fcft\u00fcl\u00fck i\u015flemleri tamamlad\u0131. Gen\u00e7lerin hem dini hem de resmi nikah\u0131 bug\u00fcn M\u00fcft\u00fc Mahmut Sami T\u00fcrkmeno\u011flu taraf\u0131ndan k\u0131y\u0131ld\u0131.\u00a0<\/span><br style=\"box-sizing: border-box; font-family: sans-serif; font-size: 14px; line-height: 20px; text-align: justify; background-color: rgb(242, 244, 245);\" \/><br \/>\n<span style=\"font-family: sans-serif; line-height: 20px; text-align: justify; background-color: rgb(242, 244, 245);\">Gen\u00e7 \u00e7iftler M\u00fcft\u00fc T\u00fcrkmeno\u011flu&#8217;nun sorusuna &#8216;evet&#8217; yan\u0131t\u0131 vererek evlili\u011fe ad\u0131m att\u0131.\u00a0<\/span><br style=\"box-sizing: border-box; font-family: sans-serif; font-size: 14px; line-height: 20px; text-align: justify; background-color: rgb(242, 244, 245);\" \/><br \/>\n<span style=\"font-family: sans-serif; line-height: 20px; text-align: justify; background-color: rgb(242, 244, 245);\">Evlili\u011fe ilk ad\u0131m\u0131 atan Duygu Y\u00fcksek, &#8220;Hem dini nikah\u0131n hem de resmi nikah\u0131n m\u00fcft\u00fcl\u00fckte oldu\u011funu \u00f6\u011frendi\u011fimiz i\u00e7in buraya m\u00fcracaat ettik. O y\u00fczden buray\u0131 tercih ettik. Bizi de \u00e7ok iyi kar\u015f\u0131lad\u0131lar. \u00c7ok te\u015fekk\u00fcr ederiz, \u00e7ok heyecanl\u0131y\u0131m&#8221; dedi.\u00a0<\/span><br style=\"box-sizing: border-box; font-family: sans-serif; font-size: 14px; line-height: 20px; text-align: justify; background-color: rgb(242, 244, 245);\" \/><br \/>\n<span style=\"font-family: sans-serif; line-height: 20px; text-align: justify; background-color: rgb(242, 244, 245);\">Damat Mehmet Aslan da m\u00fcft\u00fcl\u00fc\u011fe te\u015fekk\u00fcr etti. M\u00fcft\u00fcl\u00fckte ger\u00e7ekle\u015fen ilk nikah sonunda konu\u015fan Erdemli M\u00fcft\u00fcs\u00fc Mahmut Sami T\u00fcrkmeno\u011flu, &#8220;\u0130l\u00e7e m\u00fcft\u00fcl\u00fcklerimize de nikah yetkisinin, kanun taraf\u0131ndan meclisimiz taraf\u0131ndan verilmesiyle bug\u00fcn biz hem Mersin&#8217;de hem Erdemli&#8217;de ilk defa nikah k\u0131yma merasimini yapm\u0131\u015f oluyoruz. Evlenen \u00e7iftlerimize bir \u00f6m\u00fcr boyu mutluluklar diliyoruz. Bizim vatanda\u015flar\u0131m\u0131z\u0131n \u00fczerimize d\u00fc\u015fen b\u00fct\u00fcn g\u00f6revlerde yanlar\u0131nday\u0131z. Ve bu nikah akdinde \u00f6zellikle m\u00fcft\u00fcl\u00fcklerimiz \u015funlara dikkat ediyorlar; nikah\u0131n dini sorumluluklar y\u00fckledi\u011fini, kad\u0131na ve erke\u011fe, bu sorumluluklar\u0131 y\u00fcklerken kar\u015f\u0131l\u0131kl\u0131 sorumluluklar\u0131m\u0131z\u0131 yerine getirme noktas\u0131nda gerekli \u00f6\u011f\u00fctleri veriyor. Hem onlara dualar ediyoruz, hem Kur&#8217;an-\u0131 Kerim okuyup yeni bir yuvaya Allah&#8217;\u0131n ismiyle ilk ad\u0131mlar\u0131n\u0131 atm\u0131\u015f oluyorlar. Genelde vatanda\u015flar\u0131m\u0131z m\u00fcft\u00fcl\u00fckleri dini merasimle, resmi merasimi birle\u015ftirmek amac\u0131yla tercih ediyorlar. Bu ayn\u0131 zamanda bize de b\u00fcy\u00fck bir sorumluluk y\u00fckl\u00fcyor. Kanunu \u00e7\u0131karan, eme\u011fi ge\u00e7en herkese \u00e7ok te\u015fekk\u00fcr ediyorum. Vatan\u0131m\u0131za, milletimize hay\u0131rl\u0131 u\u011furlu olsun&#8221; \u015feklinde konu\u015ftu.\u00a0<\/span><\/span><\/p>\n","protected":false},"excerpt":{"rendered":"<p>Mersin&#8217;in Erdemli \u0130l\u00e7e M\u00fcft\u00fcl\u00fc\u011f\u00fc ilin ilk resmi ve dini nikah\u0131n\u0131 bir arada k\u0131yd\u0131. \u015eof\u00f6rl\u00fck yapan 25 ya\u015f\u0131ndaki Mehmet Aslan, 21 ya\u015f\u0131ndaki Duygu Y\u00fcksek ile hem resmi hem de dini nikah\u0131n\u0131 &hellip; <a href=\"https:\/\/akdenizolaygazetesi.com\/?p=1486\" class=\"more-link\">Devam\u0131n\u0131 Oku&#8230;<\/a><\/p>\n","protected":false},"author":1,"featured_media":0,"comment_status":"open","ping_status":"open","sticky":false,"template":"","format":"standard","meta":[],"categories":[],"tags":[],"_links":{"self":[{"href":"https:\/\/akdenizolaygazetesi.com\/index.php?rest_route=\/wp\/v2\/posts\/1486"}],"collection":[{"href":"https:\/\/akdenizolaygazetesi.com\/index.php?rest_route=\/wp\/v2\/posts"}],"about":[{"href":"https:\/\/akdenizolaygazetesi.com\/index.php?rest_route=\/wp\/v2\/types\/post"}],"author":[{"embeddable":true,"href":"https:\/\/akdenizolaygazetesi.com\/index.php?rest_route=\/wp\/v2\/users\/1"}],"replies":[{"embeddable":true,"href":"https:\/\/akdenizolaygazetesi.com\/index.php?rest_route=%2Fwp%2Fv2%2Fcomments&post=1486"}],"version-history":[{"count":0,"href":"https:\/\/akdenizolaygazetesi.com\/index.php?rest_route=\/wp\/v2\/posts\/1486\/revisions"}],"wp:attachment":[{"href":"https:\/\/akdenizolaygazetesi.com\/index.php?rest_route=%2Fwp%2Fv2%2Fmedia&parent=1486"}],"wp:term":[{"taxonomy":"category","embeddable":true,"href":"https:\/\/akdenizolaygazetesi.com\/index.php?rest_route=%2Fwp%2Fv2%2Fcategories&post=1486"},{"taxonomy":"post_tag","embeddable":true,"href":"https:\/\/akdenizolaygazetesi.com\/index.php?rest_route=%2Fwp%2Fv2%2Ftags&post=1486"}],"curies":[{"name":"wp","href":"https:\/\/api.w.org\/{rel}","templated":true}]}}