{"id":14863,"date":"2021-10-24T09:57:33","date_gmt":"2021-10-24T06:57:33","guid":{"rendered":"http:\/\/akdenizolaygazetesi.com\/?p=14863"},"modified":"2021-10-24T09:57:33","modified_gmt":"2021-10-24T06:57:33","slug":"camlibel-sokak-festivali-renkli-goruntulere-sahne-oldu","status":"publish","type":"post","link":"https:\/\/akdenizolaygazetesi.com\/?p=14863","title":{"rendered":"\u00c7AMLIBEL SOKAK FEST\u0130VAL\u0130 RENKL\u0130 G\u00d6R\u00dcNT\u00dcLERE SAHNE OLDU"},"content":{"rendered":"<p>Mersin B\u00fcy\u00fck\u015fehir Belediye Ba\u015fkan\u0131 Vahap Se\u00e7er, \u00c7aml\u0131bel\u2019in eski canl\u0131l\u0131\u011f\u0131na kavu\u015fturulmas\u0131 amac\u0131yla B\u00fcy\u00fck\u015fehir Belediyesi\u2019nin destekleri ile bu y\u0131l ikincisi d\u00fczenlenen \u2018Mersin \u00c7aml\u0131bel Sokak Festivali\u2019ne kat\u0131ld\u0131. G\u00f6steriler ve konserlerle vatanda\u015f\u0131n ilgi oda\u011f\u0131 olan festival, birbirinden renkli g\u00f6r\u00fcnt\u00fclere sahne oldu. <\/p>\n<p>Mersin Akdeniz \u00c7aml\u0131bel Derne\u011fi, TOBB Mersin \u0130l Kad\u0131n Giri\u015fimciler Kurulu ve \u0130cra Komitesince organize edilen, Mersin B\u00fcy\u00fck\u015fehir Belediyesi ve bir\u00e7ok payda\u015f\u0131n deste\u011fiyle ger\u00e7ekle\u015fen festivalde kurulan stantlar\u0131 gezen Ba\u015fkan Se\u00e7er, sat\u0131\u015f\u0131 yap\u0131lan \u00fcr\u00fcnler hakk\u0131nda bilgi ald\u0131. \u0130kram edilen yiyeceklerin de tad\u0131na bakan Se\u00e7er, vatanda\u015flarla ve esnafla selamla\u015ft\u0131. Ba\u015fkan Se\u00e7er\u2019e, MTSO Y\u00f6netim Kurulu Ba\u015fkan\u0131 Ayhan K\u0131z\u0131ltan, TOBB Mersin \u0130l Kad\u0131n Giri\u015fimciler Kurulu \u0130cra Komitesi Ba\u015fkan\u0131 Ayla Harp, Mersin Akdeniz \u00c7aml\u0131bel Derne\u011fi Ba\u015fkan\u0131 H\u00fcseyin Karl\u0131kl\u0131 ile STK\u2019lar\u0131n ve odalar\u0131n temsilcileri e\u015flik etti.<\/p>\n<p>Festivalde vatanda\u015flarla birlikte sokakta m\u00fczi\u011fin ritmine ayak uyduran dans\u00e7\u0131lar\u0131 da izleyen Se\u00e7er, son olarak B\u00fcy\u00fck\u015fehir Belediyesi Kent Orkestras\u0131\u2019n\u0131n konserini dinledi.<\/p>\n","protected":false},"excerpt":{"rendered":"<p>Mersin B\u00fcy\u00fck\u015fehir Belediye Ba\u015fkan\u0131 Vahap Se\u00e7er, \u00c7aml\u0131bel\u2019in eski canl\u0131l\u0131\u011f\u0131na kavu\u015fturulmas\u0131 amac\u0131yla B\u00fcy\u00fck\u015fehir Belediyesi\u2019nin destekleri ile bu y\u0131l ikincisi d\u00fczenlenen \u2018Mersin \u00c7aml\u0131bel Sokak Festivali\u2019ne kat\u0131ld\u0131. G\u00f6steriler ve konserlerle vatanda\u015f\u0131n ilgi oda\u011f\u0131 &hellip; <a href=\"https:\/\/akdenizolaygazetesi.com\/?p=14863\" class=\"more-link\">Devam\u0131n\u0131 Oku&#8230;<\/a><\/p>\n","protected":false},"author":2,"featured_media":14864,"comment_status":"open","ping_status":"open","sticky":false,"template":"","format":"standard","meta":[],"categories":[8,1,3],"tags":[],"_links":{"self":[{"href":"https:\/\/akdenizolaygazetesi.com\/index.php?rest_route=\/wp\/v2\/posts\/14863"}],"collection":[{"href":"https:\/\/akdenizolaygazetesi.com\/index.php?rest_route=\/wp\/v2\/posts"}],"about":[{"href":"https:\/\/akdenizolaygazetesi.com\/index.php?rest_route=\/wp\/v2\/types\/post"}],"author":[{"embeddable":true,"href":"https:\/\/akdenizolaygazetesi.com\/index.php?rest_route=\/wp\/v2\/users\/2"}],"replies":[{"embeddable":true,"href":"https:\/\/akdenizolaygazetesi.com\/index.php?rest_route=%2Fwp%2Fv2%2Fcomments&post=14863"}],"version-history":[{"count":1,"href":"https:\/\/akdenizolaygazetesi.com\/index.php?rest_route=\/wp\/v2\/posts\/14863\/revisions"}],"predecessor-version":[{"id":14865,"href":"https:\/\/akdenizolaygazetesi.com\/index.php?rest_route=\/wp\/v2\/posts\/14863\/revisions\/14865"}],"wp:featuredmedia":[{"embeddable":true,"href":"https:\/\/akdenizolaygazetesi.com\/index.php?rest_route=\/wp\/v2\/media\/14864"}],"wp:attachment":[{"href":"https:\/\/akdenizolaygazetesi.com\/index.php?rest_route=%2Fwp%2Fv2%2Fmedia&parent=14863"}],"wp:term":[{"taxonomy":"category","embeddable":true,"href":"https:\/\/akdenizolaygazetesi.com\/index.php?rest_route=%2Fwp%2Fv2%2Fcategories&post=14863"},{"taxonomy":"post_tag","embeddable":true,"href":"https:\/\/akdenizolaygazetesi.com\/index.php?rest_route=%2Fwp%2Fv2%2Ftags&post=14863"}],"curies":[{"name":"wp","href":"https:\/\/api.w.org\/{rel}","templated":true}]}}