{"id":1487,"date":"2020-11-04T18:22:03","date_gmt":"2020-11-04T15:22:03","guid":{"rendered":"http:\/\/mersinekonomipolitikagazetesi.com\/?p=1487"},"modified":"2020-11-04T18:22:03","modified_gmt":"2020-11-04T15:22:03","slug":"baskan-can-sehrimizi-birlikte-yonetiyoruz","status":"publish","type":"post","link":"https:\/\/akdenizolaygazetesi.com\/?p=1487","title":{"rendered":"Ba\u015fkan Can: &#8220;\u015eehrimizi birlikte y\u00f6netiyoruz&#8221;"},"content":{"rendered":"<p>Mersin\u2019in Tarsus il\u00e7e Belediye Ba\u015fkan\u0131 \u015eevket Can, Kahveciler ve E\u011flence Yerleri Esnaf Odas\u0131 \u00fcyeleriyle kahvalt\u0131da bulu\u015ftu. \u015eehri birlikte y\u00f6nettiklerini belirten Belediye Ba\u015fkan\u0131 \u015eevket Can, her hafta de\u011fi\u015fik esnaf grubuyla bir araya geldiklerini, sorunlar\u0131n\u0131 dinlediklerini s\u00f6yledi.<\/p>\n<p><span style=\"font-size:16px;\"><span style=\"font-family: sans-serif; line-height: 20px; text-align: justify; background-color: rgb(242, 244, 245);\">Bu t\u00fcr toplant\u0131lar\u0131n verimli ge\u00e7ti\u011fini ifade eden Ba\u015fkan Can, \u201cBiz yerel y\u00f6netim olarak, y\u00f6netim anlay\u0131\u015f\u0131m\u0131z birlikte y\u00f6netmektir. \u015eehrimizi vatanda\u015flar\u0131m\u0131zla, muhtarlar\u0131m\u0131zla, oda ve dernek ba\u015fkanlar\u0131m\u0131zla birlikte y\u00f6netiyoruz. Y\u00f6netmeye de devam edece\u011fiz. 2014 se\u00e7imlerinden \u00f6nce Tarsus Belediyesi sadece \u015fehir i\u00e7ine hizmet veriyordu. Bu da 45 mahalleyi kaps\u0131yordu. B\u00fcy\u00fck\u015fehir yasas\u0131yla birlikte 2014 se\u00e7imlerinden sonra bu rakam 179 mahalleye \u00e7\u0131kt\u0131. Bununla birlikte gelirimizde yetkimizde azald\u0131. Ama biz belediyeciyiz ve bu i\u015fi biliyoruz. Say\u0131n Ba\u015fkan\u0131m\u0131z Burhanettin Kocamaz Bey de Mersin B\u00fcy\u00fck\u015fehir Belediye Ba\u015fkan\u0131 olarak Adana\u2019dan Antalya\u2019ya kadar olan bir alanda hizmet veriyor. Baz\u0131 hizmetleri bizden, baz\u0131 hizmetleri Mersin B\u00fcy\u00fck\u015fehir Belediyesinden al\u0131yorsunuz. Say\u0131n ba\u015fkan\u0131m\u0131z\u0131 anlatmaya gerek yok hepiniz yak\u0131nen tan\u0131yorsunuz. 20 y\u0131l \u015fehrimize hizmet etti. Kendisinin yolu baht\u0131 a\u00e7\u0131k olsun\u201d \u015feklinde konu\u015ftu.\u00a0<\/span><br style=\"box-sizing: border-box; font-family: sans-serif; font-size: 14px; line-height: 20px; text-align: justify; background-color: rgb(242, 244, 245);\" \/><br \/>\n<span style=\"font-family: sans-serif; line-height: 20px; text-align: justify; background-color: rgb(242, 244, 245);\">Yapt\u0131\u011f\u0131 ve yapaca\u011f\u0131 hizmetlere de de\u011finen Ba\u015fkan Can, \u201c4 y\u0131lda 30 hizmetimizi hayata ge\u00e7irdik. \u0130n\u015fallah Cuma g\u00fcn\u00fc de 31\u2019nci a\u00e7\u0131l\u0131\u015f\u0131m\u0131z\u0131 hizmete sokaca\u011f\u0131z. \u015eehidimizin ismini verdi\u011fimiz Ye\u015fil Mahalle\u2019deki Ya\u015fam Boyu Spor merkezimizin a\u00e7\u0131l\u0131\u015f\u0131na t\u00fcm halk\u0131m\u0131z davetlidir. Biz hizmetlerimizi yaparken de planlarken de vatanda\u015flar\u0131m\u0131z\u0131n istekleri do\u011frultusunda ger\u00e7ekle\u015ftiriyoruz. \u015eu anda devam eden cami in\u015faatlar\u0131m\u0131z var, pazaryeri in\u015faatlar\u0131m\u0131z var, hal\u0131 saha in\u015faatlar\u0131m\u0131z var. Otel ihalemizi ger\u00e7ekle\u015ftirdik. K\u0131rklars\u0131rt\u0131 Mahallemizdeki 15 bin ki\u015filik g\u00f6steri merkezi in\u015faat\u0131m\u0131z son noktaya geldi. Prestij ve mega projemiz olan Berdan son a\u015famada. 129 k\u00f6y\u00fcm\u00fcz\u00fcn 55 k\u00f6yde parke \u00e7al\u0131\u015fmas\u0131 bitti. Yeni parke ihalesi yapt\u0131k. Bu y\u0131l\u0131n sonunda b\u00fct\u00fcn k\u00f6ylerimizin parke i\u015fleri bitmi\u015f olacak ve park yap\u0131mlar\u0131na ba\u015flanacak. Toki\u2019den daha ucuz daha konforlu ev yapaca\u011f\u0131m demi\u015ftim. \u015eu anda proje \u00e7al\u0131\u015fmam\u0131z ba\u015flad\u0131. Kendi elektri\u011fimizi \u00fcretmeye ba\u015flad\u0131k. Y\u0131lda ortalama 3.5 milyonluk elektrik \u00fcretece\u011fiz\u201d dedi.\u00a0<\/span><\/span><\/p>\n","protected":false},"excerpt":{"rendered":"<p>Mersin\u2019in Tarsus il\u00e7e Belediye Ba\u015fkan\u0131 \u015eevket Can, Kahveciler ve E\u011flence Yerleri Esnaf Odas\u0131 \u00fcyeleriyle kahvalt\u0131da bulu\u015ftu. \u015eehri birlikte y\u00f6nettiklerini belirten Belediye Ba\u015fkan\u0131 \u015eevket Can, her hafta de\u011fi\u015fik esnaf grubuyla bir &hellip; <a href=\"https:\/\/akdenizolaygazetesi.com\/?p=1487\" class=\"more-link\">Devam\u0131n\u0131 Oku&#8230;<\/a><\/p>\n","protected":false},"author":1,"featured_media":0,"comment_status":"open","ping_status":"open","sticky":false,"template":"","format":"standard","meta":[],"categories":[],"tags":[],"_links":{"self":[{"href":"https:\/\/akdenizolaygazetesi.com\/index.php?rest_route=\/wp\/v2\/posts\/1487"}],"collection":[{"href":"https:\/\/akdenizolaygazetesi.com\/index.php?rest_route=\/wp\/v2\/posts"}],"about":[{"href":"https:\/\/akdenizolaygazetesi.com\/index.php?rest_route=\/wp\/v2\/types\/post"}],"author":[{"embeddable":true,"href":"https:\/\/akdenizolaygazetesi.com\/index.php?rest_route=\/wp\/v2\/users\/1"}],"replies":[{"embeddable":true,"href":"https:\/\/akdenizolaygazetesi.com\/index.php?rest_route=%2Fwp%2Fv2%2Fcomments&post=1487"}],"version-history":[{"count":0,"href":"https:\/\/akdenizolaygazetesi.com\/index.php?rest_route=\/wp\/v2\/posts\/1487\/revisions"}],"wp:attachment":[{"href":"https:\/\/akdenizolaygazetesi.com\/index.php?rest_route=%2Fwp%2Fv2%2Fmedia&parent=1487"}],"wp:term":[{"taxonomy":"category","embeddable":true,"href":"https:\/\/akdenizolaygazetesi.com\/index.php?rest_route=%2Fwp%2Fv2%2Fcategories&post=1487"},{"taxonomy":"post_tag","embeddable":true,"href":"https:\/\/akdenizolaygazetesi.com\/index.php?rest_route=%2Fwp%2Fv2%2Ftags&post=1487"}],"curies":[{"name":"wp","href":"https:\/\/api.w.org\/{rel}","templated":true}]}}