{"id":14872,"date":"2021-10-25T13:28:20","date_gmt":"2021-10-25T10:28:20","guid":{"rendered":"http:\/\/akdenizolaygazetesi.com\/?p=14872"},"modified":"2021-10-25T13:28:20","modified_gmt":"2021-10-25T10:28:20","slug":"akdeniz-belediyesinde-yangin-tatbikati","status":"publish","type":"post","link":"https:\/\/akdenizolaygazetesi.com\/?p=14872","title":{"rendered":"AKDEN\u0130Z BELED\u0130YES\u0130\u2019NDE YANGIN TATB\u0130KATI"},"content":{"rendered":"<p>Akdeniz Belediyesi, personelin can g\u00fcvenli\u011fini korumak ve i\u015f g\u00fcvenli\u011fi ve i\u015f sa\u011fl\u0131\u011f\u0131 e\u011fitimlerinin eksiksiz verilmesini sa\u011flamak amac\u0131yla uygulamal\u0131 e\u011fitimlerine devam ediyor.<br \/>\nAkdeniz Belediyesi Sivil Savunma Uzmanl\u0131\u011f\u0131 taraf\u0131ndan, belediye personelinin kat\u0131l\u0131m\u0131yla merkez bina \u00f6n\u00fcndeki bo\u015f alanda, farkl\u0131 kimyasal i\u00e7eriklere sahip yang\u0131n s\u00f6nd\u00fcrme t\u00fcpleri ile olas\u0131 yang\u0131nlara nas\u0131l m\u00fcdahale edilece\u011fi ile ilgili bilgiler ve tatbiki bir e\u011fitim verildi.<br \/>\nE\u011fitim kapsam\u0131nda belediye personeline; yang\u0131n t\u00fcrleri, nedenleri ile yang\u0131na do\u011fru ve etkin m\u00fcdahale teknikleri anlat\u0131ld\u0131. E\u011fitimde son olarak da ate\u015fe verilen odunlar kullan\u0131larak belediyenin sivil savunma ekibinde yer alan personele s\u0131ras\u0131yla yang\u0131n\u0131 s\u00f6nd\u00fcrme tatbikat\u0131 yapt\u0131r\u0131ld\u0131.<br \/>\nE\u011fitim ve ard\u0131ndan ger\u00e7ekle\u015fen yang\u0131n tatbikat\u0131 kapsam\u0131nda son olarak, belediye merkez binas\u0131n\u0131n yang\u0131n uyar\u0131 alarm\u0131 \u00e7ald\u0131r\u0131l\u0131p t\u00fcm personelin en k\u0131sa s\u00fcrede yang\u0131n acil \u00e7\u0131k\u0131\u015f kap\u0131lar\u0131ndan tahliyesi sa\u011fland\u0131.<br \/>\nAkdeniz Belediyesi personeline, bu t\u00fcr tatbikatlar\u0131n yan\u0131 s\u0131ra, uzmanlar taraf\u0131ndan verilen i\u015f g\u00fcvenli\u011fi ve i\u015f sa\u011fl\u0131\u011f\u0131 e\u011fitimlerine y\u00f6nelik sunum ve uygulamal\u0131 e\u011fitimler devam edecek.<\/p>\n","protected":false},"excerpt":{"rendered":"<p>Akdeniz Belediyesi, personelin can g\u00fcvenli\u011fini korumak ve i\u015f g\u00fcvenli\u011fi ve i\u015f sa\u011fl\u0131\u011f\u0131 e\u011fitimlerinin eksiksiz verilmesini sa\u011flamak amac\u0131yla uygulamal\u0131 e\u011fitimlerine devam ediyor. Akdeniz Belediyesi Sivil Savunma Uzmanl\u0131\u011f\u0131 taraf\u0131ndan, belediye personelinin kat\u0131l\u0131m\u0131yla &hellip; <a href=\"https:\/\/akdenizolaygazetesi.com\/?p=14872\" class=\"more-link\">Devam\u0131n\u0131 Oku&#8230;<\/a><\/p>\n","protected":false},"author":2,"featured_media":14873,"comment_status":"open","ping_status":"open","sticky":false,"template":"","format":"standard","meta":[],"categories":[3,5],"tags":[],"_links":{"self":[{"href":"https:\/\/akdenizolaygazetesi.com\/index.php?rest_route=\/wp\/v2\/posts\/14872"}],"collection":[{"href":"https:\/\/akdenizolaygazetesi.com\/index.php?rest_route=\/wp\/v2\/posts"}],"about":[{"href":"https:\/\/akdenizolaygazetesi.com\/index.php?rest_route=\/wp\/v2\/types\/post"}],"author":[{"embeddable":true,"href":"https:\/\/akdenizolaygazetesi.com\/index.php?rest_route=\/wp\/v2\/users\/2"}],"replies":[{"embeddable":true,"href":"https:\/\/akdenizolaygazetesi.com\/index.php?rest_route=%2Fwp%2Fv2%2Fcomments&post=14872"}],"version-history":[{"count":1,"href":"https:\/\/akdenizolaygazetesi.com\/index.php?rest_route=\/wp\/v2\/posts\/14872\/revisions"}],"predecessor-version":[{"id":14874,"href":"https:\/\/akdenizolaygazetesi.com\/index.php?rest_route=\/wp\/v2\/posts\/14872\/revisions\/14874"}],"wp:featuredmedia":[{"embeddable":true,"href":"https:\/\/akdenizolaygazetesi.com\/index.php?rest_route=\/wp\/v2\/media\/14873"}],"wp:attachment":[{"href":"https:\/\/akdenizolaygazetesi.com\/index.php?rest_route=%2Fwp%2Fv2%2Fmedia&parent=14872"}],"wp:term":[{"taxonomy":"category","embeddable":true,"href":"https:\/\/akdenizolaygazetesi.com\/index.php?rest_route=%2Fwp%2Fv2%2Fcategories&post=14872"},{"taxonomy":"post_tag","embeddable":true,"href":"https:\/\/akdenizolaygazetesi.com\/index.php?rest_route=%2Fwp%2Fv2%2Ftags&post=14872"}],"curies":[{"name":"wp","href":"https:\/\/api.w.org\/{rel}","templated":true}]}}