{"id":14875,"date":"2021-10-25T13:30:09","date_gmt":"2021-10-25T10:30:09","guid":{"rendered":"http:\/\/akdenizolaygazetesi.com\/?p=14875"},"modified":"2021-10-25T13:30:09","modified_gmt":"2021-10-25T10:30:09","slug":"tugva-yani-turkiye-genclik-vakfi-yeni-paralel-devlet-midir","status":"publish","type":"post","link":"https:\/\/akdenizolaygazetesi.com\/?p=14875","title":{"rendered":"T\u00dcGVA, yani T\u00fcrkiye Gen\u00e7lik Vakf\u0131 yeni paralel devlet midir?"},"content":{"rendered":"<p>Ordu, yarg\u0131, emniyet birimleri ve kamunun bir\u00e7ok \u00f6nemli kurumuna yerle\u015ftirilmek \u00fczere torpil listeleri haz\u0131rlad\u0131\u011f\u0131 ortaya \u00e7\u0131kan T\u00dcGVA\u2019yla ilgili CHP Mersin Milletvekili Alpay Antmen\u2019in verdi\u011fi \u00f6nerge, TBMM Ba\u015fkan\u0131 Mustafa \u015eentop taraf\u0131ndan kabul edilmedi. \u0130ade yaz\u0131s\u0131nda \u201cKi\u015fisel g\u00f6r\u00fc\u015f belirtildi\u011fini\u201d \u00f6ne s\u00fcren Meclis Ba\u015fkan\u0131 \u015eentop\u2019a yan\u0131t gecikmedi.<\/p>\n<p>CHP\u2019li Antmen \u201cMustafa \u015eentop \u00f6nergemi \u2018ki\u015fisel g\u00f6r\u00fc\u015f\u2019 belirtti\u011fim iddias\u0131yla bana iade etti. As\u0131l T\u00dcGVA E\u011fitim Merkezi resmi e\u011fitimcisi olan say\u0131n Mustafa \u015eentop\u2019un bu hareketi ki\u015fiseldir. E\u011fitimcisi oldu\u011fu kurumu koruma ve kollama gayretindedir. Mustafa \u015eentop g\u00f6revini tarafs\u0131z yapmak istiyorsa ya gitsin T\u00dcGVA\u2019dan istifa etsin ya da T\u00dcGVA\u2019dan vazge\u00e7emiyorsa Meclis Ba\u015fkanl\u0131\u011f\u0131ndan istifa etsin\u201d ifadelerini kulland\u0131.<\/p>\n<p>\u00d6nerge sahibi CHP\u2019Li Antmen soru \u00f6nergesinde T\u00dcGVA\u2019n\u0131n devlet i\u00e7erisinde paralel bir yap\u0131 i\u00e7erisinde olup olmad\u0131\u011f\u0131n\u0131 sordu\u011funu belirterek \u201cOrtada \u00e7ok b\u00fcy\u00fck bir skandal var. T\u00dcGVA yani T\u00fcrkiye Gen\u00e7lik Vakf\u0131 ad\u0131yla faaliyet g\u00f6steren bu vak\u0131f bizzat saray\u0131n talimat\u0131 ve korumas\u0131yla hareket ediyor. Bug\u00fcne kadar milyonlarca dolarl\u0131k ba\u011f\u0131\u015f ve hibe alm\u0131\u015f. Kamuya yerle\u015ftirilmek \u00fczere listeler haz\u0131rlam\u0131\u015f. FET\u00d6 ne yap\u0131yorsa T\u00dcGVA da benzerini yap\u0131yor. Bunu sormayacak m\u0131y\u0131z? Meclis ba\u015fkan\u0131 bu skandal ve tehlike kar\u015f\u0131s\u0131nda harekete ge\u00e7ece\u011fine verilen soru \u00f6nergelerini engelleyerek T\u00dcGVA\u2019y\u0131 korumak istiyor. \u00c7\u00fcnk\u00fc kendisi de bir T\u00dcGVA e\u011fitimcisi. T\u00dcGVA denen paralel yap\u0131lanmay\u0131 ara\u015ft\u0131rmas\u0131 gereken Meclisin ba\u015f\u0131n\u0131n T\u00dcGVA\u2019l\u0131 olmas\u0131 da ancak bu saray iktidar\u0131na nasip olurdu. Bir de T\u00dcGVA\u2019n\u0131n Mustafa \u015eentop ile ilgili sayfas\u0131nda \u2018\u015firket\u2019 olarak TBMM g\u00f6sterilmi\u015f. Bunlar ger\u00e7ekten \u00fclke demokrasisi a\u00e7\u0131s\u0131ndan utan\u00e7 verici hadiseler. Hem T\u00dcGVA hem \u015eentop Gazi Meclisi, yani TBMM\u2019yi \u015firketleri olarak g\u00f6r\u00fcyor\u201d dedi.<\/p>\n<p>Antmen\u2019in iade edilen \u00f6nergesinde yer alan sorular \u015funlar;<\/p>\n<p>T\u00dcGVA, yani T\u00fcrkiye Gen\u00e7lik Vakf\u0131 yeni paralel devlet midir? FET\u00d6\u2019den bo\u015falan kadrolara T\u00dcGVA m\u0131 yerle\u015fmektedir?<\/p>\n<p>15 Temmuz hain darbe giri\u015fimi ve 250 \u015fehidimiz ger\u00e7e\u011fi varken neden halen paralel bir yap\u0131 kurulmak i\u00e7in u\u011fra\u015f\u0131lmaktad\u0131r? Yar\u0131n yine bu hata ve su\u00e7lar y\u00fcz\u00fcnden bir darbe giri\u015fimi olsa ve \u015fehitler verilse bunun hesab\u0131n\u0131 kim verecektir?<\/p>\n<p>Milyonlarca gen\u00e7 devlet memuru olmak i\u00e7in s\u0131navlara girerken, m\u00fclakatlarda beklerken T\u00dcGVA\u2019n\u0131n torpille kamu kadrolar\u0131na yerle\u015ftirme yapmas\u0131n\u0131 ahlaki ve hukuki buluyor musunuz?<\/p>\n<p>\u00d6nergenin yan\u0131tland\u0131\u011f\u0131 tarih itibariyle; T\u00dcGVA torpiliyle kamuya yerle\u015fmi\u015f ki\u015fi say\u0131s\u0131 ka\u00e7t\u0131r? Bunlar hangi kurumlara girmi\u015ftir? Bu ki\u015filerin isimleri nedir? Bu ki\u015filerin kamu ile ili\u015fikleri kesilecek midir?<\/p>\n<p>T\u00dcGVA\u2019ya yap\u0131lan ba\u015fvurular nereye g\u00f6nderilmektedir? Cumhurba\u015fkanl\u0131\u011f\u0131 saray\u0131na m\u0131 gitmektedir? Burada kim ya da kimler bu listeleri de\u011ferlendirmektedir?<\/p>\n<p>T\u00dcGVA\u2019da ya\u015fand\u0131\u011f\u0131 iddia edilen taciz olay\u0131 ile ilgili harekete ge\u00e7ilecek midir yoksa taciz konusu da di\u011fer kanunsuz i\u015fe yerle\u015ftirmeler gibi \u00f6rtbas m\u0131 edilecektir?<\/p>\n","protected":false},"excerpt":{"rendered":"<p>Ordu, yarg\u0131, emniyet birimleri ve kamunun bir\u00e7ok \u00f6nemli kurumuna yerle\u015ftirilmek \u00fczere torpil listeleri haz\u0131rlad\u0131\u011f\u0131 ortaya \u00e7\u0131kan T\u00dcGVA\u2019yla ilgili CHP Mersin Milletvekili Alpay Antmen\u2019in verdi\u011fi \u00f6nerge, TBMM Ba\u015fkan\u0131 Mustafa \u015eentop taraf\u0131ndan &hellip; <a href=\"https:\/\/akdenizolaygazetesi.com\/?p=14875\" class=\"more-link\">Devam\u0131n\u0131 Oku&#8230;<\/a><\/p>\n","protected":false},"author":2,"featured_media":14876,"comment_status":"open","ping_status":"open","sticky":false,"template":"","format":"standard","meta":[],"categories":[2,3,5,6],"tags":[],"_links":{"self":[{"href":"https:\/\/akdenizolaygazetesi.com\/index.php?rest_route=\/wp\/v2\/posts\/14875"}],"collection":[{"href":"https:\/\/akdenizolaygazetesi.com\/index.php?rest_route=\/wp\/v2\/posts"}],"about":[{"href":"https:\/\/akdenizolaygazetesi.com\/index.php?rest_route=\/wp\/v2\/types\/post"}],"author":[{"embeddable":true,"href":"https:\/\/akdenizolaygazetesi.com\/index.php?rest_route=\/wp\/v2\/users\/2"}],"replies":[{"embeddable":true,"href":"https:\/\/akdenizolaygazetesi.com\/index.php?rest_route=%2Fwp%2Fv2%2Fcomments&post=14875"}],"version-history":[{"count":1,"href":"https:\/\/akdenizolaygazetesi.com\/index.php?rest_route=\/wp\/v2\/posts\/14875\/revisions"}],"predecessor-version":[{"id":14877,"href":"https:\/\/akdenizolaygazetesi.com\/index.php?rest_route=\/wp\/v2\/posts\/14875\/revisions\/14877"}],"wp:featuredmedia":[{"embeddable":true,"href":"https:\/\/akdenizolaygazetesi.com\/index.php?rest_route=\/wp\/v2\/media\/14876"}],"wp:attachment":[{"href":"https:\/\/akdenizolaygazetesi.com\/index.php?rest_route=%2Fwp%2Fv2%2Fmedia&parent=14875"}],"wp:term":[{"taxonomy":"category","embeddable":true,"href":"https:\/\/akdenizolaygazetesi.com\/index.php?rest_route=%2Fwp%2Fv2%2Fcategories&post=14875"},{"taxonomy":"post_tag","embeddable":true,"href":"https:\/\/akdenizolaygazetesi.com\/index.php?rest_route=%2Fwp%2Fv2%2Ftags&post=14875"}],"curies":[{"name":"wp","href":"https:\/\/api.w.org\/{rel}","templated":true}]}}