{"id":14879,"date":"2021-10-26T11:23:51","date_gmt":"2021-10-26T08:23:51","guid":{"rendered":"http:\/\/akdenizolaygazetesi.com\/?p=14879"},"modified":"2021-10-26T11:23:51","modified_gmt":"2021-10-26T08:23:51","slug":"hic-sinemaya-gitmemistim","status":"publish","type":"post","link":"https:\/\/akdenizolaygazetesi.com\/?p=14879","title":{"rendered":"\u201cHi\u00e7 Sinemaya Gitmemi\u015ftim\u201d"},"content":{"rendered":"<p>\u0130\u00e7i\u015fleri Bakanl\u0131\u011f\u0131 ile K\u00fclt\u00fcr ve Turizm Bakanl\u0131\u011f\u0131\u2019n\u0131n katk\u0131lar\u0131 ile T\u00fcrkiye turuna \u00e7\u0131kan Gezen Sinema T\u0131r\u0131, Toroslar Belediyesi\u2019nin ev sahipli\u011finde \u00e7ocuklara ve yeti\u015fkinlere a\u00e7\u0131k havada sinema keyfi ya\u015fatt\u0131.<\/p>\n<p>Ba\u011f\u0131ml\u0131l\u0131kla M\u00fccadele Fark\u0131ndal\u0131k E\u011fitimi kapsam\u0131nda Toroslar Kaymakaml\u0131\u011f\u0131 taraf\u0131ndan y\u00fcr\u00fct\u00fclen projenin ilk aya\u011f\u0131 Mersin Ziraat Odas\u0131 Ortaokulu\u2019nda ger\u00e7ekle\u015ftirildi.<\/p>\n<p>Toroslar Belediye Ba\u015fkan\u0131 Ats\u0131z Af\u015f\u0131n Y\u0131lmaz, Toroslar Kaymakam\u0131 \u0130brahim \u00c7enet ve Toroslar \u0130l\u00e7e Milli E\u011fitim M\u00fcd\u00fcr\u00fc Nazmi Kendigelen ile birlikte Gezen Sinema T\u0131r\u0131\u2019nda \u00e7ocuklarla birlikte film izledi.<\/p>\n<p>\u0130lk defa sinemayla tan\u0131\u015fan \u00e7ocuklar\u0131n heyecan\u0131 ise t\u0131r\u0131n i\u00e7ine yans\u0131d\u0131. Ba\u015fkan Y\u0131lmaz, onlar\u0131n heyecan\u0131na ortak oldu.<\/p>\n<p>Film \u00f6ncesi okul bah\u00e7esinde \u00e7ocuklara patlam\u0131\u015f m\u0131s\u0131r da ikram eden Ba\u015fkan Y\u0131lmaz, okulda e\u011fitim g\u00f6ren \u00f6zel \u00e7ocuklarla da yak\u0131ndan ilgilendi, boyama kitab\u0131 hediye etti.<\/p>\n<p>\u201cHi\u00e7 Sinemaya Gitmemi\u015ftim\u201d<\/p>\n<p>\u0130lk kez sinema izleme heyecan\u0131 ya\u015fad\u0131\u011f\u0131n\u0131 s\u00f6yleyen Mersin Ziraat Odas\u0131 Ortaokulu \u00f6\u011frencilerinden Emine Demir; \u201cBen hi\u00e7 sinemaya gitmemi\u015ftim. \u0130lk defa sinema izledim. Toroslar Belediye Ba\u015fkan\u0131m\u0131z Ats\u0131z Af\u015f\u0131n Y\u0131lmaz\u2019a ve etkinli\u011fi d\u00fczenleyen herkese te\u015fekk\u00fcr ederim\u201d dedi.<\/p>\n<p>\u00d6\u011frenci Ahmet Yi\u011fit Samer de ilk kez sinemaya geldi\u011fini ifade ederek; \u201cBu etkinlikle \u00e7ok mutlu oldum. Ba\u015fkan\u0131m\u0131za ve etkinli\u011fi d\u00fczenleyenlere te\u015fekk\u00fcr ederim\u201d ifadelerinde bulundu.<\/p>\n<p>Ba\u015fkan Y\u0131lmaz: \u201cToroslar\u2019da K\u00fclt\u00fcr ve Sanata Ula\u015fmak \u00c7ok Kolay\u201d<\/p>\n<p>Toroslar Belediye Ba\u015fkan\u0131 Ats\u0131z Af\u015f\u0131n Y\u0131lmaz, \u00e7ocuklar\u0131n ve gen\u00e7lerin k\u00fclt\u00fcr ve sanatla i\u00e7 i\u00e7e b\u00fcy\u00fcmelerini \u00f6nemsediklerini ve bu konuda da her zaman yanlar\u0131nda olduklar\u0131n\u0131 s\u00f6yledi.<\/p>\n<p>Ba\u015fkan Y\u0131lmaz; \u201c\u00c7ocuklar\u0131m\u0131z\u0131n okulda ald\u0131klar\u0131 e\u011fitimleri bu t\u00fcr etkinliklerle desteklemek \u00e7ok \u00f6nemli. Toroslar Belediyesi olarak il\u00e7emizdeki \u00e7ocuklar\u0131m\u0131z\u0131n ve gen\u00e7lerimizin sanatla i\u00e7 i\u00e7e oldu\u011funu g\u00f6rmek bizleri mutlu ediyor. \u00c7ocuklar\u0131m\u0131z\u0131 seviyoruz. Onlar\u0131n, k\u00fclt\u00fcrle, sanatla, tiyatroyla b\u00fcy\u00fcmeleri i\u00e7in elimizden gelen gayreti g\u00f6steriyoruz. Bu projenin de payda\u015f\u0131 olmaktan memnuniyet duyduk\u201d \u015feklinde konu\u015ftu.<\/p>\n<p>Gezen Sinema T\u0131r\u0131 Yo\u011fun \u0130lgi G\u00f6rd\u00fc<\/p>\n<p>Gezen Sinema T\u0131r\u0131, Kurdali, Mevlana ve Turgut T\u00fcrkalp Mahallelerinde de \u00e7ocuklarla ve yeti\u015fkinlerle bulu\u015ftu. \u00c7ocuklar, Toroslar Belediyesi\u2019nin ikram\u0131 olan patlam\u0131\u015f m\u0131s\u0131r, pamuk \u015feker ve gazoz e\u015fli\u011finde \u201cRafadan Tayfa\u201d filmini izledi.<\/p>\n<p>A\u00e7\u0131k havada sinema izlemenin keyfini \u00e7\u0131karan \u00e7ocuklar, film g\u00f6sterimi \u00f6ncesi d\u00fczenlenen m\u00fczik dinletisi, sihirbaz ve kukla g\u00f6sterimi ile da bol kahkahal\u0131 bir ak\u015fam ge\u00e7irdi.<\/p>\n","protected":false},"excerpt":{"rendered":"<p>\u0130\u00e7i\u015fleri Bakanl\u0131\u011f\u0131 ile K\u00fclt\u00fcr ve Turizm Bakanl\u0131\u011f\u0131\u2019n\u0131n katk\u0131lar\u0131 ile T\u00fcrkiye turuna \u00e7\u0131kan Gezen Sinema T\u0131r\u0131, Toroslar Belediyesi\u2019nin ev sahipli\u011finde \u00e7ocuklara ve yeti\u015fkinlere a\u00e7\u0131k havada sinema keyfi ya\u015fatt\u0131. Ba\u011f\u0131ml\u0131l\u0131kla M\u00fccadele Fark\u0131ndal\u0131k &hellip; <a href=\"https:\/\/akdenizolaygazetesi.com\/?p=14879\" class=\"more-link\">Devam\u0131n\u0131 Oku&#8230;<\/a><\/p>\n","protected":false},"author":2,"featured_media":14880,"comment_status":"open","ping_status":"open","sticky":false,"template":"","format":"standard","meta":[],"categories":[2,3,5],"tags":[],"_links":{"self":[{"href":"https:\/\/akdenizolaygazetesi.com\/index.php?rest_route=\/wp\/v2\/posts\/14879"}],"collection":[{"href":"https:\/\/akdenizolaygazetesi.com\/index.php?rest_route=\/wp\/v2\/posts"}],"about":[{"href":"https:\/\/akdenizolaygazetesi.com\/index.php?rest_route=\/wp\/v2\/types\/post"}],"author":[{"embeddable":true,"href":"https:\/\/akdenizolaygazetesi.com\/index.php?rest_route=\/wp\/v2\/users\/2"}],"replies":[{"embeddable":true,"href":"https:\/\/akdenizolaygazetesi.com\/index.php?rest_route=%2Fwp%2Fv2%2Fcomments&post=14879"}],"version-history":[{"count":1,"href":"https:\/\/akdenizolaygazetesi.com\/index.php?rest_route=\/wp\/v2\/posts\/14879\/revisions"}],"predecessor-version":[{"id":14881,"href":"https:\/\/akdenizolaygazetesi.com\/index.php?rest_route=\/wp\/v2\/posts\/14879\/revisions\/14881"}],"wp:featuredmedia":[{"embeddable":true,"href":"https:\/\/akdenizolaygazetesi.com\/index.php?rest_route=\/wp\/v2\/media\/14880"}],"wp:attachment":[{"href":"https:\/\/akdenizolaygazetesi.com\/index.php?rest_route=%2Fwp%2Fv2%2Fmedia&parent=14879"}],"wp:term":[{"taxonomy":"category","embeddable":true,"href":"https:\/\/akdenizolaygazetesi.com\/index.php?rest_route=%2Fwp%2Fv2%2Fcategories&post=14879"},{"taxonomy":"post_tag","embeddable":true,"href":"https:\/\/akdenizolaygazetesi.com\/index.php?rest_route=%2Fwp%2Fv2%2Ftags&post=14879"}],"curies":[{"name":"wp","href":"https:\/\/api.w.org\/{rel}","templated":true}]}}