{"id":1488,"date":"2020-11-04T18:22:03","date_gmt":"2020-11-04T15:22:03","guid":{"rendered":"http:\/\/mersinekonomipolitikagazetesi.com\/?p=1488"},"modified":"2020-11-04T18:22:03","modified_gmt":"2020-11-04T15:22:03","slug":"mersin-yazarlar-derneginden-baro-kutuphanesine-kitap-destegi","status":"publish","type":"post","link":"https:\/\/akdenizolaygazetesi.com\/?p=1488","title":{"rendered":"Mersin Yazarlar Derne\u011fi&#8217;nden Baro K\u00fct\u00fcphanesine kitap deste\u011fi"},"content":{"rendered":"<p>Mersin Yazarlar Derne\u011fi Ba\u015fkan\u0131 R\u00fc\u015ft\u00fc Ayd\u0131n, y\u00f6netim kurulu \u00fcyeleriyle birlikte Mersin Baro Ba\u015fkan\u0131 Ali Er\u2019i makam\u0131nda ziyaret etti.<\/p>\n<p><span style=\"font-size:16px;\"><span style=\"font-family: sans-serif; line-height: 20px; text-align: justify; background-color: rgb(242, 244, 245);\">Dernek \u00fcyesi yazarlara ve \u015fairlere ait kitaplar\u0131, Baro K\u00fct\u00fcphanesinde yer almas\u0131 i\u00e7in Ali Er\u2019e takdim eden Ayd\u0131n, ayr\u0131ca Y\u00f6r\u00fck D\u00fc\u011f\u00fcn\u00fc Belgesel Filminin DVD\u2019si ile Y\u00f6r\u00fck \u00e7ad\u0131r\u0131 resmini de hediye etti.\u00a0<\/span><br style=\"box-sizing: border-box; font-family: sans-serif; font-size: 14px; line-height: 20px; text-align: justify; background-color: rgb(242, 244, 245);\" \/><br \/>\n<span style=\"font-family: sans-serif; line-height: 20px; text-align: justify; background-color: rgb(242, 244, 245);\">Ziyaretten duydu\u011fu memnuniyeti ifade eden Er, Mersin Yazarlar Derne\u011fi\u2019ni yapm\u0131\u015f olduklar\u0131 ba\u015far\u0131l\u0131 \u00e7al\u0131\u015fmalardan dolay\u0131 tebrik ederek, Baro K\u00fct\u00fcphanesine hediye etmi\u015f olduklar\u0131 kitaplar i\u00e7in te\u015fekk\u00fcr etti.\u00a0<\/span><\/span><\/p>\n","protected":false},"excerpt":{"rendered":"<p>Mersin Yazarlar Derne\u011fi Ba\u015fkan\u0131 R\u00fc\u015ft\u00fc Ayd\u0131n, y\u00f6netim kurulu \u00fcyeleriyle birlikte Mersin Baro Ba\u015fkan\u0131 Ali Er\u2019i makam\u0131nda ziyaret etti. Dernek \u00fcyesi yazarlara ve \u015fairlere ait kitaplar\u0131, Baro K\u00fct\u00fcphanesinde yer almas\u0131 i\u00e7in &hellip; <a href=\"https:\/\/akdenizolaygazetesi.com\/?p=1488\" class=\"more-link\">Devam\u0131n\u0131 Oku&#8230;<\/a><\/p>\n","protected":false},"author":1,"featured_media":0,"comment_status":"open","ping_status":"open","sticky":false,"template":"","format":"standard","meta":[],"categories":[],"tags":[],"_links":{"self":[{"href":"https:\/\/akdenizolaygazetesi.com\/index.php?rest_route=\/wp\/v2\/posts\/1488"}],"collection":[{"href":"https:\/\/akdenizolaygazetesi.com\/index.php?rest_route=\/wp\/v2\/posts"}],"about":[{"href":"https:\/\/akdenizolaygazetesi.com\/index.php?rest_route=\/wp\/v2\/types\/post"}],"author":[{"embeddable":true,"href":"https:\/\/akdenizolaygazetesi.com\/index.php?rest_route=\/wp\/v2\/users\/1"}],"replies":[{"embeddable":true,"href":"https:\/\/akdenizolaygazetesi.com\/index.php?rest_route=%2Fwp%2Fv2%2Fcomments&post=1488"}],"version-history":[{"count":0,"href":"https:\/\/akdenizolaygazetesi.com\/index.php?rest_route=\/wp\/v2\/posts\/1488\/revisions"}],"wp:attachment":[{"href":"https:\/\/akdenizolaygazetesi.com\/index.php?rest_route=%2Fwp%2Fv2%2Fmedia&parent=1488"}],"wp:term":[{"taxonomy":"category","embeddable":true,"href":"https:\/\/akdenizolaygazetesi.com\/index.php?rest_route=%2Fwp%2Fv2%2Fcategories&post=1488"},{"taxonomy":"post_tag","embeddable":true,"href":"https:\/\/akdenizolaygazetesi.com\/index.php?rest_route=%2Fwp%2Fv2%2Ftags&post=1488"}],"curies":[{"name":"wp","href":"https:\/\/api.w.org\/{rel}","templated":true}]}}