{"id":14882,"date":"2021-10-26T11:25:59","date_gmt":"2021-10-26T08:25:59","guid":{"rendered":"http:\/\/akdenizolaygazetesi.com\/?p=14882"},"modified":"2021-10-26T11:25:59","modified_gmt":"2021-10-26T08:25:59","slug":"asfalt-kaplama-ve-kaldirim-yenileme-calismalari-suruyor","status":"publish","type":"post","link":"https:\/\/akdenizolaygazetesi.com\/?p=14882","title":{"rendered":"ASFALT KAPLAMA VE KALDIRIM YEN\u0130LEME \u00c7ALI\u015eMALARI S\u00dcR\u00dcYOR"},"content":{"rendered":"<p>Akdeniz Belediyesi, merkez-k\u0131rsal ay\u0131r\u0131m\u0131 yapmadan il\u00e7e s\u0131n\u0131rlar\u0131na d\u00e2hil olup ihtiya\u00e7 duyan t\u00fcm mahallelerin sokaklar\u0131nda asfalt kaplama ve yama, kald\u0131r\u0131m yenileme ve yeni yol a\u00e7ma \u00e7al\u0131\u015fmalar\u0131n\u0131 s\u00fcrd\u00fcr\u00fcyor.<br \/>\nAkdeniz Belediyesi Fen \u0130\u015fleri M\u00fcd\u00fcrl\u00fc\u011f\u00fc, g\u00fc\u00e7lendirilen ara\u00e7 gere\u00e7 ve i\u015f makineleri yard\u0131m\u0131yla, il\u00e7e s\u0131n\u0131rlar\u0131nda yer alan mahallelere ihtiyac\u0131n\u0131 duydu\u011fu hizmetleri ula\u015ft\u0131r\u0131p, bir yandan vatanda\u015flar\u0131n ya\u015fam\u0131n\u0131 kolayla\u015ft\u0131rmaya, di\u011fer yandan il\u00e7eyi g\u00fczelle\u015ftirmeye devam ediyor.<br \/>\nBelirlenen plan ve program d\u00e2hilinde; il\u00e7e genelinde yo\u011fun bir asfalt serim \u00e7al\u0131\u015fmas\u0131 ger\u00e7ekle\u015ftiren fen i\u015fleri ekipleri, kent merkezine uzak olan Evci Mahallesi\u2019nde bulunan yollarda asfalt kaplama \u00e7al\u0131\u015fmas\u0131 yaparak b\u00f6lgenin \u00e7ehresini de\u011fi\u015ftirdi. Fen i\u015fleri ekiplerinin di\u011fer bir dura\u011f\u0131 ise Nacarl\u0131 Mahallesi olurken, burada da asfalt serim \u00e7al\u0131\u015fmas\u0131 yap\u0131ld\u0131. y\u0131llard\u0131r ya\u015fad\u0131klar\u0131 yerle\u015fim yerindeki de\u011fi\u015fimi g\u00f6ren mahalle sakinleri memnuniyetlerini dile getirdi.<br \/>\n\u00c7ilek Mahallesi\u2019ne de \u00e7\u0131karma yapan fen i\u015fleri ekipleri; G\u00fcney Ortaokulu ile \u015eehit Recep Aslan \u0130lkokulu etraf\u0131ndaki kald\u0131r\u0131mlarda da karo kaplama \u00e7al\u0131\u015fmas\u0131 yapt\u0131. Ekipler ayr\u0131ca; belediyeye ait Seyfi Ali T\u00fcrko\u011flu-\u015eafak Erdur Futbol Tesisi arkas\u0131ndan ge\u00e7en yol ile bu spor tesisinin yan\u0131nda bulunan ve Akdeniz Belediyesi taraf\u0131ndan Mersin Gazeteciler Cemiyeti\u2019ne tahsis edilen bina \u00f6n\u00fcnden ge\u00e7en yolu da asfaltla kaplad\u0131.<\/p>\n","protected":false},"excerpt":{"rendered":"<p>Akdeniz Belediyesi, merkez-k\u0131rsal ay\u0131r\u0131m\u0131 yapmadan il\u00e7e s\u0131n\u0131rlar\u0131na d\u00e2hil olup ihtiya\u00e7 duyan t\u00fcm mahallelerin sokaklar\u0131nda asfalt kaplama ve yama, kald\u0131r\u0131m yenileme ve yeni yol a\u00e7ma \u00e7al\u0131\u015fmalar\u0131n\u0131 s\u00fcrd\u00fcr\u00fcyor. Akdeniz Belediyesi Fen \u0130\u015fleri &hellip; <a href=\"https:\/\/akdenizolaygazetesi.com\/?p=14882\" class=\"more-link\">Devam\u0131n\u0131 Oku&#8230;<\/a><\/p>\n","protected":false},"author":2,"featured_media":14883,"comment_status":"open","ping_status":"open","sticky":false,"template":"","format":"standard","meta":[],"categories":[3,5],"tags":[],"_links":{"self":[{"href":"https:\/\/akdenizolaygazetesi.com\/index.php?rest_route=\/wp\/v2\/posts\/14882"}],"collection":[{"href":"https:\/\/akdenizolaygazetesi.com\/index.php?rest_route=\/wp\/v2\/posts"}],"about":[{"href":"https:\/\/akdenizolaygazetesi.com\/index.php?rest_route=\/wp\/v2\/types\/post"}],"author":[{"embeddable":true,"href":"https:\/\/akdenizolaygazetesi.com\/index.php?rest_route=\/wp\/v2\/users\/2"}],"replies":[{"embeddable":true,"href":"https:\/\/akdenizolaygazetesi.com\/index.php?rest_route=%2Fwp%2Fv2%2Fcomments&post=14882"}],"version-history":[{"count":1,"href":"https:\/\/akdenizolaygazetesi.com\/index.php?rest_route=\/wp\/v2\/posts\/14882\/revisions"}],"predecessor-version":[{"id":14884,"href":"https:\/\/akdenizolaygazetesi.com\/index.php?rest_route=\/wp\/v2\/posts\/14882\/revisions\/14884"}],"wp:featuredmedia":[{"embeddable":true,"href":"https:\/\/akdenizolaygazetesi.com\/index.php?rest_route=\/wp\/v2\/media\/14883"}],"wp:attachment":[{"href":"https:\/\/akdenizolaygazetesi.com\/index.php?rest_route=%2Fwp%2Fv2%2Fmedia&parent=14882"}],"wp:term":[{"taxonomy":"category","embeddable":true,"href":"https:\/\/akdenizolaygazetesi.com\/index.php?rest_route=%2Fwp%2Fv2%2Fcategories&post=14882"},{"taxonomy":"post_tag","embeddable":true,"href":"https:\/\/akdenizolaygazetesi.com\/index.php?rest_route=%2Fwp%2Fv2%2Ftags&post=14882"}],"curies":[{"name":"wp","href":"https:\/\/api.w.org\/{rel}","templated":true}]}}