{"id":1489,"date":"2020-11-04T18:22:03","date_gmt":"2020-11-04T15:22:03","guid":{"rendered":"http:\/\/mersinekonomipolitikagazetesi.com\/?p=1489"},"modified":"2020-11-04T18:22:03","modified_gmt":"2020-11-04T15:22:03","slug":"dijitallesme-sart","status":"publish","type":"post","link":"https:\/\/akdenizolaygazetesi.com\/?p=1489","title":{"rendered":"D\u0130J\u0130TALLE\u015eME \u015eART"},"content":{"rendered":"<p>Moderat\u00f6rl\u00fc\u011f\u00fcn\u00fc Forum \u0130stanbul Ba\u015fkan Yard\u0131mc\u0131s\u0131 Prof. Dr. \u0130lter Turan\u2019\u0131n yapt\u0131\u011f\u0131 ilk oturumun konusu Makroekonomik Geli\u015fmeler I\u015f\u0131\u011f\u0131nda D\u00fcnya ve T\u00fcrkiye.<\/p>\n<p class=\"m_-5304553996997732696gmail-p1\" style=\"color: rgb(34, 34, 34); font-family: arial, sans-serif; font-size: 12.8px; line-height: normal;\"><span style=\"font-size:16px;\">De\u011fi\u015fen d\u00fcnya dengeleri, yeni b\u00f6lgesel ekonomik dinamiklerdeki akt\u00f6rlerin rol\u00fc ve k\u00fcresel ticaret e\u011filimlerinin ne y\u00f6nde ilerledi\u011fi konular\u0131n\u0131n ele al\u0131nd\u0131\u011f\u0131 oturumun konu\u015fmac\u0131lar\u0131 aras\u0131nda Denizbank Genel M\u00fcd\u00fcr\u00fc Hakan Ate\u015f, NTV Ekonomi Dan\u0131\u015fman\u0131 Dr. Mahfi E\u011filmez, NEF \u0130cra Kurulu Ba\u015fkan\u0131 Erden Timur ile Tosyal\u0131 Holding Y\u00f6netim Kurulu Ba\u015fkan\u0131 Fuat Tosyal\u0131 yer ald\u0131.\u00a0<\/span><\/p>\n<p>\u00a0<\/p>\n<p class=\"m_-5304553996997732696gmail-p3\" style=\"color: rgb(34, 34, 34); font-family: arial, sans-serif; font-size: 12.8px; line-height: normal;\"><span style=\"font-size:16px;\">E\u011filmez: \u201cD\u00fcnya ekonomileri toparlan\u0131yor\u201d<\/span><\/p>\n<p class=\"m_-5304553996997732696gmail-p4\" style=\"color: rgb(34, 34, 34); font-family: arial, sans-serif; font-size: 12.8px; line-height: normal;\">\u00a0<\/p>\n<p class=\"m_-5304553996997732696gmail-p1\" style=\"color: rgb(34, 34, 34); font-family: arial, sans-serif; font-size: 12.8px; line-height: normal;\"><span style=\"font-size:16px;\">NTV Ekonomi Dan\u0131\u015fman\u0131 Dr. Mahfi E\u011filmez konu\u015fmas\u0131na d\u00fcnya ve T\u00fcrkiye ekonomisine y\u00f6nelik perspektif \u00e7izerek ba\u015flad\u0131. D\u00fcnyan\u0131n yava\u015f yava\u015f 2008 y\u0131l\u0131nda ba\u015flayan krizin sonuna geldi\u011fini anlatan E\u011filmez, ABD\u2019de ekonomik verilerin normal seviyelerine yakla\u015ft\u0131\u011f\u0131n\u0131, Avrupa\u2019da kar\u0131\u015f\u0131kl\u0131k, \u00e7ok ba\u015fl\u0131l\u0131k g\u00f6z\u00fckmesine ra\u011fmen i\u015fsizlik d\u0131\u015f\u0131nda \u00e7ok ciddi bir sorun kalmad\u0131\u011f\u0131n\u0131, \u0130ngiltere\u2019de toparlanmalar\u0131n ba\u015flad\u0131\u011f\u0131n\u0131 anlatt\u0131. Bu \u00fclkeler toparlan\u0131rken \u00e7ok ciddi paralar sa\u00e7t\u0131klar\u0131n\u0131 dile getiren E\u011filmez, \u201cBu d\u00f6nemde para bas\u0131lmad\u0131 gibi g\u00f6z\u00fckmesine ra\u011fmen tahvil al\u0131p para vererek durumu toparlad\u0131lar ve para basmaktan da \u00f6teye ge\u00e7tiler\u201d de\u011ferlendirmesini yapt\u0131. \u00c7in\u2019in dahi b\u00fcy\u00fcme rakam\u0131n\u0131n y\u00fczde 11\u2019den y\u00fczde 6\u2019ya gerilemesine ra\u011fmen bir b\u00fcy\u00fcme g\u00f6sterdi\u011fini anlatan E\u011filmez, d\u00fcnya ekonomilerinin toparlanmaya ba\u015flad\u0131\u011f\u0131n\u0131 s\u00f6yledi. Bu s\u00fcre\u00e7te T\u00fcrkiye gibi geli\u015fmekte olan \u00fclkelerin krize girmeden s\u0131yr\u0131lmay\u0131 bildi\u011fine dikkat \u00e7eken E\u011filmez, \u201cYa\u015fanan bu s\u00fcre\u00e7ler d\u00fcnya ekonomilerine bir esneklik kazand\u0131rd\u0131. Bu esnekli\u011fin iyi yan\u0131 da k\u00f6t\u00fc yan\u0131 da var.<\/span><\/p>\n<p class=\"m_-5304553996997732696gmail-p2\" style=\"color: rgb(34, 34, 34); font-family: arial, sans-serif; font-size: 12.8px; line-height: normal;\">\u00a0<\/p>\n<p class=\"m_-5304553996997732696gmail-p1\" style=\"color: rgb(34, 34, 34); font-family: arial, sans-serif; font-size: 12.8px; line-height: normal;\"><span style=\"font-size:16px;\">\u00a0Esneklik hareket kabiliyeti sa\u011flad\u0131 ama bir yandan da bu esneklik bize bir \u015fey olmaz havas\u0131 yaratt\u0131 ve \u00f6nlem almalar\u0131 erteledi\u201d dedi.\u00a0<\/span><\/p>\n<p class=\"m_-5304553996997732696gmail-p1\" style=\"color: rgb(34, 34, 34); font-family: arial, sans-serif; font-size: 12.8px; line-height: normal;\"><span style=\"font-size:16px;\">\u015eimdi s\u0131rada ticaret sava\u015flar\u0131 bulundu\u011funu vurgulayan E\u011filmez, ABD serbest ticaretin \u015fampiyonu iken birden korumac\u0131 bir havaya girdi\u011fini, \u00c7in\u2019in korumac\u0131l\u0131ktan \u00e7\u0131k\u0131p yat\u0131r\u0131mlara ba\u015flad\u0131\u011f\u0131n\u0131 dile getirerek bu i\u015fin nereye gidece\u011fini bilmedi\u011fini s\u00f6yledi.\u00a0<\/span><\/p>\n<p class=\"m_-5304553996997732696gmail-p2\" style=\"color: rgb(34, 34, 34); font-family: arial, sans-serif; font-size: 12.8px; line-height: normal;\">\u00a0<\/p>\n<p class=\"m_-5304553996997732696gmail-p1\" style=\"color: rgb(34, 34, 34); font-family: arial, sans-serif; font-size: 12.8px; line-height: normal;\"><span style=\"font-size:16px;\">Akdeniz\u2019in sanayisi, enerjisi, politikalar\u0131, tar\u0131m\u0131, lojisti\u011fi, turizmi, b\u00fct\u00fcnc\u00fcl kalk\u0131nmas\u0131 ve i\u015f birliklerinin konu\u015fuldu\u011fu, Akdeniz havzas\u0131ndaki \u015fehirleri ve \u00fclkeleri bir araya getiren Akdeniz Ekonomi Forumu\u2019nun ilk oturumunda mokroekonomik geli\u015fmeler \u0131\u015f\u0131\u011f\u0131nda d\u00fcnya ve T\u00fcrkiye de\u011ferlendirmesi yap\u0131ld\u0131.<\/span><\/p>\n<p class=\"m_-5304553996997732696gmail-p1\" style=\"color: rgb(34, 34, 34); font-family: arial, sans-serif; font-size: 12.8px; line-height: normal;\">\u00a0<\/p>\n<p class=\"m_-5304553996997732696gmail-p1\" style=\"color: rgb(34, 34, 34); font-family: arial, sans-serif; font-size: 12.8px; line-height: normal;\"><span style=\"font-size:16px;\">\u201cYap\u0131sal reformlar\u0131 yapm\u0131yoruz\u201d<\/span><\/p>\n<p class=\"m_-5304553996997732696gmail-p2\" style=\"color: rgb(34, 34, 34); font-family: arial, sans-serif; font-size: 12.8px; line-height: normal;\">\u00a0<\/p>\n<p class=\"m_-5304553996997732696gmail-p3\" style=\"color: rgb(34, 34, 34); font-family: arial, sans-serif; font-size: 12.8px; line-height: normal;\"><span style=\"font-size:16px;\">T\u00fcrkiye\u2019ye y\u00f6nelik de\u011ferlendirme de yapan Mahfi E\u011filmez \u015f\u00f6yle konu\u015ftu:<\/span><\/p>\n<p class=\"m_-5304553996997732696gmail-p3\" style=\"color: rgb(34, 34, 34); font-family: arial, sans-serif; font-size: 12.8px; line-height: normal;\"><span style=\"font-size:16px;\">\u201cT\u00fcrkiye\u2019nin durumu daha de\u011fi\u015fik. Bizde de baz\u0131 \u015feyler iyi baz\u0131 \u015feyler k\u00f6t\u00fc. T\u00fcrkiye bu krizlere, \u015foklara dayan\u0131kl\u0131l\u0131k g\u00f6stermeyi becerdi. Art\u0131k b\u00fcy\u00fck bir ekonomi. Eskisi gibi 200-300 milyar dolarl\u0131k bir ekonomi de\u011fil. B\u00f6yle ekonomiler esneme imkan\u0131 bulabiliyor. Bu arada \u00e7ok da f\u0131rsat ka\u00e7\u0131r\u0131yoruz. Mesela ka\u00e7\u0131rd\u0131\u011f\u0131m\u0131z yap\u0131sal reformlar\u0131 yapm\u0131yoruz. En son 2001 kriziyle mecburen yap\u0131sal reform yapm\u0131\u015ft\u0131k. Do\u011fru da bir i\u015f yapm\u0131\u015f\u0131z. Bir kamu harcama disiplini sa\u011flad\u0131k, b\u00fct\u00e7eyi tuttuk bor\u00e7lanma azald\u0131. \u015eimdi yapmam\u0131z gereken ba\u015fka \u015feyler var. Bu ad\u0131mlar\u0131 atmal\u0131y\u0131z \u00e7\u00fcnk\u00fc d\u00fcnya farkl\u0131 bir yere evriliyor. Kararl\u0131 net ilerleyemiyoruz. Bug\u00fcn uygulad\u0131\u011f\u0131m\u0131z ekonomi politikas\u0131na bak\u0131nca bana sorarsan\u0131z s\u0131k\u0131 de\u011fil ama s\u0131k\u0131 kabul ediliyor. 2017\u2019den itibaren maliye politikam\u0131z b\u00fcy\u00fcmeyi kollayan gev\u015fek bir politika. B\u00fcy\u00fcmeyi mi enflasyonu mu kontrol edece\u011fiz belli de\u011fil. \u0130ki y\u00f6ne ko\u015fan farkl\u0131 atlar var. Ayn\u0131 yola ko\u015fmalar\u0131 laz\u0131m.\u201d\u00a0<\/span><\/p>\n<p class=\"m_-5304553996997732696gmail-p4\" style=\"color: rgb(34, 34, 34); font-family: arial, sans-serif; font-size: 12.8px; line-height: normal;\">\u00a0<\/p>\n<p class=\"m_-5304553996997732696gmail-p1\" style=\"color: rgb(34, 34, 34); font-family: arial, sans-serif; font-size: 12.8px; line-height: normal;\"><span style=\"font-size:16px;\">Ate\u015f: \u201cDijitalle\u015fme ka\u00e7\u0131n\u0131lmaz\u201d<\/span><\/p>\n<p class=\"m_-5304553996997732696gmail-p2\" style=\"color: rgb(34, 34, 34); font-family: arial, sans-serif; font-size: 12.8px; line-height: normal;\">\u00a0<\/p>\n<p class=\"m_-5304553996997732696gmail-p3\" style=\"color: rgb(34, 34, 34); font-family: arial, sans-serif; font-size: 12.8px; line-height: normal;\"><span style=\"font-size:16px;\">Denizbank Genel M\u00fcd\u00fcr\u00fc Hakan Ate\u015f ise T\u00fcrkiye\u2019deki bankac\u0131l\u0131k sistemine de\u011findi. T\u00fcrk finans sisteminin biraz topal gitti\u011fini belirten Ate\u015f, \u201c\u00c7\u00fcnk\u00fc d\u00fcnyada organize finans sistemleri iki ana temada. Biri bankac\u0131l\u0131k biri sermaye piyasalar\u0131. Bizde sermaye piyasalar\u0131 daha zay\u0131f durumda. \u00d6te yandan bankalarda uzun vadeli finansman bulunuyor. 100 milyar dolarl\u0131k bir kredi var, yar\u0131s\u0131 enerji yar\u0131s\u0131 da di\u011fer bay\u0131nd\u0131rl\u0131k hizmetleri\u201d dedi. T\u00fcrkiye\u2019de 2007-2017 y\u0131llar\u0131 aras\u0131nda yat\u0131r\u0131mlar\u0131n artt\u0131\u011f\u0131n\u0131 ama bunlar\u0131n hemen paraya d\u00f6n\u00fc\u015febilecek yat\u0131r\u0131mlar olmad\u0131\u011f\u0131n\u0131, a\u011f\u0131rl\u0131kl\u0131 bay\u0131nd\u0131rl\u0131k yat\u0131r\u0131mlar\u0131 oldu\u011funu belirten Ate\u015f, yurtd\u0131\u015f\u0131ndaki metotlar gibi kredilerin bankac\u0131l\u0131k \u00fcr\u00fcn\u00fc olarak ihra\u00e7 edilmesi gerekti\u011fini s\u00f6yledi. Ate\u015f, yurtd\u0131\u015f\u0131ndan gelecek likidite ile sanayi ya da turizm gibi neye ihtiya\u00e7 varsa paran\u0131n oraya aktar\u0131labilece\u011fini belirtti.\u00a0<\/span><\/p>\n<p class=\"m_-5304553996997732696gmail-p3\" style=\"color: rgb(34, 34, 34); font-family: arial, sans-serif; font-size: 12.8px; line-height: normal;\"><span style=\"font-size:16px;\">D\u00fcnya ekonomilerinde bir dijital d\u00f6n\u00fc\u015f\u00fcm ba\u015flad\u0131\u011f\u0131n\u0131 ve bankac\u0131l\u0131k sekt\u00f6r\u00fcn\u00fcn de bu d\u00f6n\u00fc\u015f\u00fcme uyum sa\u011flamaya \u00e7al\u0131\u015ft\u0131\u011f\u0131n\u0131 bildiren Hakan Ate\u015f, konu\u015fmas\u0131n\u0131 T\u00fcrkiye ekonomisini de\u011ferlendirerek s\u00fcrd\u00fcrd\u00fc. Ate\u015f \u015f\u00f6yle konu\u015ftu:\u00a0<\/span><\/p>\n<p class=\"m_-5304553996997732696gmail-p3\" style=\"color: rgb(34, 34, 34); font-family: arial, sans-serif; font-size: 12.8px; line-height: normal;\"><span style=\"font-size:16px;\">\u201cMakroekonomik g\u00f6stergelerimizi Kemal Dervi\u015f politikalar\u0131na Akparti iktidar\u0131n\u0131n iyi sahip \u00e7\u0131kmas\u0131yla birlikte gayet iyi koruyoruz. Kay\u0131plara ra\u011fmen halen dayan\u0131kl\u0131l\u0131\u011f\u0131m\u0131z\u0131 koruyoruz. Bor\u00e7lanmam\u0131z halen y\u00fczde 30 alt\u0131nda. Cari a\u00e7\u0131k sorunu var ama bankac\u0131l\u0131k sisteminin \u00fczerine bu kadar abanarak isterseniz KGF yap\u0131n ister kortizonla \u00e7\u00f6zmeye \u00e7al\u0131\u015f\u0131n bu yap\u0131y\u0131 \u00e7ok g\u00f6t\u00fcremeyiz. Bizim kendi mal ve hizmetlerimizi daha iyi kilo fiyatlar\u0131yla, d\u0131\u015far\u0131n\u0131n alabilece\u011fi bir pozisyona getirmemiz laz\u0131m. Kalitede rekabette \u00fcretime ba\u015flamal\u0131y\u0131z. Biz de dijitalle\u015ferek bunu yapabiliriz.\u201d<\/span><\/p>\n<p class=\"m_-5304553996997732696gmail-p4\" style=\"color: rgb(34, 34, 34); font-family: arial, sans-serif; font-size: 12.8px; line-height: normal;\">\u00a0<\/p>\n<p class=\"m_-5304553996997732696gmail-p1\" style=\"color: rgb(34, 34, 34); font-family: arial, sans-serif; font-size: 12.8px; line-height: normal;\"><span style=\"font-size:16px;\">Timur: \u201cD\u00fcnya ekonomileri yapay zekay\u0131 konu\u015fuyor\u201d<\/span><\/p>\n<p class=\"m_-5304553996997732696gmail-p2\" style=\"color: rgb(34, 34, 34); font-family: arial, sans-serif; font-size: 12.8px; line-height: normal;\">\u00a0<\/p>\n<p class=\"m_-5304553996997732696gmail-p3\" style=\"color: rgb(34, 34, 34); font-family: arial, sans-serif; font-size: 12.8px; line-height: normal;\"><span style=\"font-size:16px;\">NEF \u0130cra Kurulu Ba\u015fkan\u0131 Erden Timur ise konu\u015fmas\u0131nda katmade\u011fersiz bir sanayinin s\u0131radan bir in\u015faattan getiri a\u00e7\u0131s\u0131ndan fark\u0131 bulunmad\u0131\u011f\u0131n\u0131 s\u00f6yledi. Sanayinin, dijitalle\u015fmenin \u00f6nemine dikkat \u00e7eken Timur, insan n\u00fcfusunun 1940 sonras\u0131nda 3,5 kat artt\u0131\u011f\u0131n\u0131, dijitalle\u015fmenin ise bir ke\u015fif de\u011fil, sonu\u00e7 oldu\u011funu s\u00f6yledi. B\u00f6ylesi bir kalabal\u0131k n\u00fcfus i\u00e7inde ileti\u015fimin analog s\u00fcrmesinin m\u00fcmk\u00fcn olmad\u0131\u011f\u0131n\u0131 belirten Timur, \u201cBiz T\u00fcrkiye\u2019de in\u015faat m\u0131 sanayi mi diye konu\u015furken d\u00fcnya teknolojiyi, yapay zekay\u0131 konu\u015fuyor. D\u00fcnyadaki yapay zekan\u0131n \u00fclke ekonomilerine 16 trilyon dolar etki edece\u011fi konu\u015fuluyor. D\u00fcnyada robotlar\u0131n de\u011feri \u00f6l\u00e7\u00fclm\u00fc\u015f ve 732 milyar dolar sadece robotlar\u0131n al\u0131m sat\u0131m de\u011feri olarak g\u00f6steriliyor. Buna sa\u011flad\u0131klar\u0131 katmade\u011fer eklenirse rakamlar\u0131 tahmin etmek m\u00fcmk\u00fcn de\u011fil\u201d dedi. \u00a0<\/span><\/p>\n<p class=\"m_-5304553996997732696gmail-p3\" style=\"color: rgb(34, 34, 34); font-family: arial, sans-serif; font-size: 12.8px; line-height: normal;\"><span style=\"font-size:16px;\">T\u00fcrkiye\u2019de ise ar-ge\u2019nin halen \u2018arakla getir\u2019 olarak alg\u0131land\u0131\u011f\u0131ndan \u015fikayet\u00e7i olan Erden, s\u00f6zlerini, \u201cSon sanayi devrimi olarak adland\u0131r\u0131lan dijitalle\u015fmede aray\u0131 maalesef \u00f6zenerek kapatamay\u0131z. Yeni neslin farkl\u0131 bir yakla\u015f\u0131m ger\u00e7ekle\u015ftirmesi gerekti\u011fini d\u00fc\u015f\u00fcn\u00fcyorum\u201d diye tamamlad\u0131.<\/span><\/p>\n<p class=\"m_-5304553996997732696gmail-p4\" style=\"color: rgb(34, 34, 34); font-family: arial, sans-serif; font-size: 12.8px; line-height: normal;\">\u00a0<\/p>\n<p class=\"m_-5304553996997732696gmail-p1\" style=\"color: rgb(34, 34, 34); font-family: arial, sans-serif; font-size: 12.8px; line-height: normal;\"><span style=\"font-size:16px;\">Tosyal\u0131: \u201cDemir \u00e7elik \u00fcretimi d\u00fcnya g\u00fcvenli\u011fine tehdit\u201d<\/span><\/p>\n<p class=\"m_-5304553996997732696gmail-p2\" style=\"color: rgb(34, 34, 34); font-family: arial, sans-serif; font-size: 12.8px; line-height: normal;\">\u00a0<\/p>\n<p class=\"m_-5304553996997732696gmail-p3\" style=\"color: rgb(34, 34, 34); font-family: arial, sans-serif; font-size: 12.8px; line-height: normal;\"><span style=\"font-size:16px;\">Tosyal\u0131 Holding Y\u00f6netim Kurulu Ba\u015fkan\u0131 Fuat Tosyal\u0131 ise t\u00fcm d\u00fcnyada ba\u015flayan demir \u00e7elik sava\u015flar\u0131na dikkat \u00e7ekti. T\u00fcrkiye\u2019de sekt\u00f6r \u00fczerine bir koruma kalkan\u0131 bulunmamas\u0131ndan \u015fikayet\u00e7i olan Tosyal\u0131. \u201cBug\u00fcn gelinen noktada demir \u00e7elik \u00fcretimi devletlerin ulusal g\u00fcvenli\u011fine tehdit. Her \u00fclke demir \u00e7elik sanayisini korumaya \u00e7al\u0131\u015f\u0131yor ama \u00fclkemizde bunu maalesef g\u00f6remedik\u201d de\u011ferlendirmesini yapt\u0131.\u00a0<\/span><\/p>\n<p class=\"m_-5304553996997732696gmail-p3\" style=\"color: rgb(34, 34, 34); font-family: arial, sans-serif; font-size: 12.8px; line-height: normal;\"><span style=\"font-size:16px;\">T\u00fcrkiye\u2019nin 53 milyon ton \u00e7elik \u00fcretim kapasitesi bulundu\u011funu ve bunun 37 milyon tonunu kullanabildi\u011fini anlatan Tosyal\u0131, 16 milyon ton ise ithalat\u0131 bulundu\u011funu bildirdi. \u201cTamamen korumas\u0131z bir durumday\u0131z\u201d diyen Tosyal\u0131, ABD\u2019nin son karar\u0131 ile T\u00fcrk \u00e7elik sekt\u00f6r\u00fcn\u00fcn b\u00fcy\u00fck bir riskle kar\u015f\u0131 kar\u015f\u0131ya oldu\u011funu anlatt\u0131. Amerika\u2019ya mal satmakta zorlanacak olan di\u011fer devlet destekli \u00e7elik \u00fcreticilerinin Amerika d\u0131\u015f\u0131ndaki piyasalara sald\u0131raca\u011f\u0131n\u0131 ve hi\u00e7bir g\u00fcmr\u00fck ve korumas\u0131 olmayan T\u00fcrkiye\u2019nin ise hedef Pazar olaca\u011f\u0131n\u0131 kaydeden Tosyal\u0131, T\u00fcrkiye\u2019nin biran \u00f6nce ithalata kar\u015f\u0131 tedbir almas\u0131 gerekti\u011fini anlatt\u0131.\u00a0<\/span><\/p>\n<p class=\"m_-5304553996997732696gmail-p4\" style=\"color: rgb(34, 34, 34); font-family: arial, sans-serif; font-size: 12.8px; line-height: normal;\">\u00a0<\/p>\n<p class=\"m_-5304553996997732696gmail-p1\" style=\"color: rgb(34, 34, 34); font-family: arial, sans-serif; font-size: 12.8px; line-height: normal;\"><span style=\"font-size:16px;\">\u00a0Akdeniz Havzas\u0131nda istikrarl\u0131 b\u00fcy\u00fcme<\/span><\/p>\n<p class=\"m_-5304553996997732696gmail-p5\" style=\"color: rgb(34, 34, 34); font-family: arial, sans-serif; font-size: 12.8px; line-height: normal;\">\u00a0<\/p>\n<p class=\"m_-5304553996997732696gmail-p3\" style=\"color: rgb(34, 34, 34); font-family: arial, sans-serif; font-size: 12.8px; line-height: normal;\"><span style=\"font-size:16px;\">Moderat\u00f6rl\u00fc\u011f\u00fcn\u00fc H\u00fcrriyet Gazetesi K\u00f6\u015fe Yazar\u0131 Vahap Munyar\u2019\u0131n yapt\u0131\u011f\u0131 oturumda verimlilik art\u0131\u015f\u0131 ve sanayile\u015fme s\u00fcrecinin nas\u0131l g\u00fc\u00e7lenebilece\u011fi, rekabet\u00e7i \u00fcretim yap\u0131s\u0131n\u0131n geli\u015fimi, yeni organize sanayi b\u00f6lgelerinin a\u00e7\u0131lmas\u0131, kalifiye insan kayna\u011f\u0131, s\u00fcrd\u00fcr\u00fclebilir ve ye\u015fil b\u00fcy\u00fcme ile mavi b\u00fcy\u00fcme stratejisiyle b\u00f6lgenin yakalayabilece\u011fi f\u0131rsatlar ele al\u0131nd\u0131. Bu oturumun konu\u015fmac\u0131lar\u0131 ise T\u00dcB\u0130TAK MARTEK Genel M\u00fcd\u00fcr\u00fc Dr. Orhan \u00c7\u00f6mlek, Kredi Garanti Fonu Genel M\u00fcd\u00fcr\u00fc \u0130smet Gergerli, Adana Sanayi Odas\u0131 Y\u00f6netim Kurulu Ba\u015fkan\u0131 Zeki K\u0131van\u00e7, Mersin Tarsus Organize Sanayi B\u00f6lgesi Y\u00f6netim Kurulu Ba\u015fkan\u0131 Sabri Tekli, ODT\u00dc Deniz Bilimleri Enstit\u00fcs\u00fc Direkt\u00f6r\u00fc Do\u00e7. Dr. Bar\u0131\u015f Saliho\u011flu ile T\u00fcrk Eximbank Genel M\u00fcd\u00fcr\u00fc Adnan Y\u0131ld\u0131r\u0131m.\u00a0<\/span><\/p>\n<p class=\"m_-5304553996997732696gmail-p4\" style=\"color: rgb(34, 34, 34); font-family: arial, sans-serif; font-size: 12.8px; line-height: normal;\">\u00a0<\/p>\n<p class=\"m_-5304553996997732696gmail-p1\" style=\"color: rgb(34, 34, 34); font-family: arial, sans-serif; font-size: 12.8px; line-height: normal;\"><span style=\"font-size:16px;\">Saliho\u011flu: \u201cMersin, Mavi B\u00fcy\u00fcme Merkezi olabilir\u201d<\/span><\/p>\n<p class=\"m_-5304553996997732696gmail-p2\" style=\"color: rgb(34, 34, 34); font-family: arial, sans-serif; font-size: 12.8px; line-height: normal;\">\u00a0<\/p>\n<p class=\"m_-5304553996997732696gmail-p3\" style=\"color: rgb(34, 34, 34); font-family: arial, sans-serif; font-size: 12.8px; line-height: normal;\"><span style=\"font-size:16px;\">Oturumun ilk konu\u015fmac\u0131s\u0131 ODT\u00dc Deniz Bilimleri Enstit\u00fcs\u00fc Direkt\u00f6r\u00fc Do\u00e7. Dr. Bar\u0131\u015f Saliho\u011flu oldu. Mavi B\u00fcy\u00fcme Projesi hakk\u0131nda bilgi veren Saliho\u011flu, deniz ekonomisinden daha verimli yararlan\u0131labilmesi ad\u0131na bu projenin b\u00fcy\u00fck \u00f6nem ta\u015f\u0131d\u0131\u011f\u0131n\u0131 anlatt\u0131. Denizlerin \u00f6nemli sosyo ekonomik getirileri bulundu\u011funa dikkat \u00e7eken Saliho\u011flu, \u201cAkdeniz d\u00fcnyadaki deniz ve okyanus y\u00fczeyinin y\u00fczde 1\u2019ine kar\u015f\u0131l\u0131k gelse de ekonomik hacmi \u00e7ok y\u00fcksek. Denize dayal\u0131 ekonomilerin y\u00fczde 20\u2019sine kar\u015f\u0131l\u0131k geliyor\u201d dedi. Deniz ekonomisinden daha fazla yararlanabilmek ad\u0131na vakit kaybedilmeden deniz alan planlamas\u0131 yap\u0131lmas\u0131 gerekti\u011fini vurgulayan Saliho\u011flu, \u015fu bilgileri verdi:\u00a0<\/span><\/p>\n<p class=\"m_-5304553996997732696gmail-p3\" style=\"color: rgb(34, 34, 34); font-family: arial, sans-serif; font-size: 12.8px; line-height: normal;\"><span style=\"font-size:16px;\">\u201cMavi B\u00fcy\u00fcmede \u00f6ncelik s\u00fcrd\u00fcr\u00fclebilirlik. Mersin ise Mavi B\u00fcy\u00fcme\u2019nin merkezi olma potansiyeli ta\u015f\u0131yor \u00e7\u00fcnk\u00fc Deniz Bilimleri Enstit\u00fcs\u00fc 43 y\u0131ll\u0131k deneyimi ile burada. Deniz Ekosistem ve Deniz Ara\u015ft\u0131rmalar\u0131 Merkezi Mersin\u2019de kuruldu. \u015eu anda bir Mavi B\u00fcy\u00fcme Merkezi kurma a\u015famas\u0131nday\u0131z. Kamunun ciddi deste\u011fini al\u0131yoruz. Aktif Odalar\u0131m\u0131z var. Mersin\u2019de ciddi bir k\u00fcme olu\u015fturup T\u00fcrkiye\u2019de bir ilki yapabiliriz. Hatta Avrupa\u2019da dahi ses getirecek bir yap\u0131 olaca\u011f\u0131na inan\u0131yoruz.\u00a0<\/span><\/p>\n<p class=\"m_-5304553996997732696gmail-p4\" style=\"color: rgb(34, 34, 34); font-family: arial, sans-serif; font-size: 12.8px; line-height: normal;\">\u00a0<\/p>\n<p class=\"m_-5304553996997732696gmail-p1\" style=\"color: rgb(34, 34, 34); font-family: arial, sans-serif; font-size: 12.8px; line-height: normal;\"><span style=\"font-size:16px;\">\u00c7\u00f6mlek: \u201cDestek ya\u011f\u0131yor, kullan\u0131c\u0131 bu destekler aras\u0131nda kayboluyor\u201d<\/span><\/p>\n<p class=\"m_-5304553996997732696gmail-p2\" style=\"color: rgb(34, 34, 34); font-family: arial, sans-serif; font-size: 12.8px; line-height: normal;\">\u00a0<\/p>\n<p class=\"m_-5304553996997732696gmail-p3\" style=\"color: rgb(34, 34, 34); font-family: arial, sans-serif; font-size: 12.8px; line-height: normal;\"><span style=\"font-size:16px;\">T\u00dcB\u0130TAK MARTEK Genel M\u00fcd\u00fcr\u00fc Dr. Orhan \u00c7\u00f6mlek ise T\u00fcrkiye\u2019deki destekleri, te\u015fvikleri de\u011ferlendirdi. Her kurumdan destek ya\u011fd\u0131\u011f\u0131n\u0131 ancak firmalar\u0131n kaybolup hi\u00e7bir deste\u011fi kullanamad\u0131\u011f\u0131n\u0131 vurgulayan \u00c7\u00f6mlek, \u201cH\u00fck\u00fcmet, \u00fcst d\u00fczey b\u00fcrokratlar programlar\u0131 \u00e7ok h\u0131zl\u0131 \u00e7\u0131kar\u0131yor. Hatta \u00f6yle ki IPA destek lansman\u0131 bir y\u0131l \u00f6nce a\u00e7\u0131klan\u0131yor ama i\u00e7eri\u011fi bir y\u0131l sonra doluyor. B\u00f6yle olunca da beklenen desteklerden farkl\u0131l\u0131klar ya\u015fan\u0131yor ve kullan\u0131c\u0131 faydalanam\u0131yor. Ya da KOSGEB bir destek a\u00e7\u0131kl\u0131yor ama bu deste\u011fin kanuni altyap\u0131s\u0131 \u00e7ok ge\u00e7 geliyor. B\u00f6yle olunca b\u00fcrokratlar kararlar\u0131 uygulamakta zorlan\u0131yor\u201d dedi.\u00a0<\/span><\/p>\n<p class=\"m_-5304553996997732696gmail-p3\" style=\"color: rgb(34, 34, 34); font-family: arial, sans-serif; font-size: 12.8px; line-height: normal;\"><span style=\"font-size:16px;\">Start-up\u2019lara y\u00f6nelik de\u011ferlendirmeler de yapan \u00c7\u00f6mlek, \u015funlar\u0131 s\u00f6yledi:<\/span><\/p>\n<p class=\"m_-5304553996997732696gmail-p3\" style=\"color: rgb(34, 34, 34); font-family: arial, sans-serif; font-size: 12.8px; line-height: normal;\"><span style=\"font-size:16px;\">\u201cD\u00fcnyada start-up firmalar\u0131na y\u00f6nelik stratejiler farkl\u0131. Geli\u015fmi\u015f \u00fclkeler, \u00fclke \u00fclke gezip iyi start-up\u2019lar\u0131 tespit ederek \u00fclkelerine davet ediyor ve \u00fccretsiz yer verip sat\u0131n alma garantileri sunuyor. Bizim bu \u015fekilde kaybetti\u011fimiz onlarca start-up var. H\u00fck\u00fcmetimiz bu noktada biraz daha ileri gitmeli, bu firmalar desteklenmeli.\u201d<\/span><\/p>\n<p class=\"m_-5304553996997732696gmail-p3\" style=\"color: rgb(34, 34, 34); font-family: arial, sans-serif; font-size: 12.8px; line-height: normal;\"><span style=\"font-size:16px;\">Teknopark firmalar\u0131n\u0131n daha \u00e7ok desteklenmesi, Eximbank kredilerinden ya da KGF kefaletlerinden yararlanabilmesi gerekti\u011fini vurgulayan \u00c7\u00f6mlek, \u201cBir ar-ge firmas\u0131n\u0131n b\u00fcy\u00fcme trendine girmesi i\u00e7in 1,5 \u2013 2 milyon TL band\u0131ndan paraya ihtiyac\u0131 oluyor. Ancak verilen destekler 200 bin lira civar\u0131nda, onda da neredeyse para isteyenin can\u0131n\u0131 alacaklar. Bu noktada desteklere d\u00fczenleme bekliyoruz\u201d diye konu\u015ftu.\u00a0<\/span><\/p>\n<p class=\"m_-5304553996997732696gmail-p4\" style=\"color: rgb(34, 34, 34); font-family: arial, sans-serif; font-size: 12.8px; line-height: normal;\">\u00a0<\/p>\n<p class=\"m_-5304553996997732696gmail-p1\" style=\"color: rgb(34, 34, 34); font-family: arial, sans-serif; font-size: 12.8px; line-height: normal;\"><span style=\"font-size:16px;\">K\u0131van\u00e7: \u201cB\u00f6lgemize te\u015fvikler daha farkl\u0131 verilmeli\u201d<\/span><\/p>\n<p class=\"m_-5304553996997732696gmail-p2\" style=\"color: rgb(34, 34, 34); font-family: arial, sans-serif; font-size: 12.8px; line-height: normal;\">\u00a0<\/p>\n<p class=\"m_-5304553996997732696gmail-p3\" style=\"color: rgb(34, 34, 34); font-family: arial, sans-serif; font-size: 12.8px; line-height: normal;\"><span style=\"font-size:16px;\">Adana Sanayi Odas\u0131 Y\u00f6netim Kurulu Ba\u015fkan\u0131 Zeki K\u0131van\u00e7 ise b\u00f6lgenin ekonomik yap\u0131s\u0131 hakk\u0131nda bilgi verdi. B\u00f6lgede enerjiden tekstile, otomobilden tar\u0131ma bir\u00e7ok sekt\u00f6rde ilerleme ya\u015fand\u0131\u011f\u0131na dikkat \u00e7eken K\u0131van\u00e7, ancak farkl\u0131 desteklemeler nedeniyle istedikleri at\u0131l\u0131mlar\u0131 yapamad\u0131klar\u0131n\u0131, b\u00f6lgenin yerinde sayd\u0131\u011f\u0131n\u0131 s\u00f6yledi. Osmaniye Adana\u2019n\u0131n il\u00e7esiyken ald\u0131\u011f\u0131 te\u015fvikler nedeniyle bug\u00fcn T\u00fcrkiye\u2019nin \u00f6nde gelen bir sanayi \u015fehrine d\u00f6n\u00fc\u015ft\u00fc\u011f\u00fcn\u00fc dile getiren K\u0131van\u00e7, \u201cH\u00fck\u00fcmetimizden b\u00f6lgemize te\u015fvikleri farkl\u0131 \u015fekillerde vermesini talep ediyoruz\u201d diye konu\u015ftu.\u00a0<\/span><\/p>\n<p class=\"m_-5304553996997732696gmail-p3\" style=\"color: rgb(34, 34, 34); font-family: arial, sans-serif; font-size: 12.8px; line-height: normal;\"><span style=\"font-size:16px;\">\u00c7ukurova B\u00f6lgesi\u2019nin kimya ve metal sanayine do\u011fru gitti\u011fini dile getiren K\u0131van\u00e7, Marmara\u2019ya alternatif olabilecek b\u00fcy\u00fck yat\u0131r\u0131m alanlar\u0131 bulundu\u011funu anlatt\u0131.\u00a0<\/span><\/p>\n<p class=\"m_-5304553996997732696gmail-p3\" style=\"color: rgb(34, 34, 34); font-family: arial, sans-serif; font-size: 12.8px; line-height: normal;\"><span style=\"font-size:16px;\">Yat\u0131r\u0131m te\u015fviklerini, destekleri \u00f6nemsediklerine dikkat \u00e7eken Zeki K\u0131van\u00e7, \u00fcyelerinin bu desteklerden daha fazla yararlanabilmesi i\u00e7in \u00f6ncelikle b\u00fcnyelerinde bir ofis kurmay\u0131 d\u00fc\u015f\u00fcnd\u00fcklerini ancak onun yerine Te\u015fvik Sihirbaz\u0131 ismi ile bir yaz\u0131l\u0131m geli\u015ftirip online hizmet vermeye ba\u015flad\u0131klar\u0131n\u0131 s\u00f6yledi. K\u0131van\u00e7, bu yaz\u0131l\u0131m sistemi ile 20\u2019den fazla kurumun verdi\u011fi 150\u2019den fazla te\u015fviki anlatt\u0131klar\u0131n\u0131 ve T\u00fcrkiye\u2019nin her yerinden bu sistemin kullan\u0131labilece\u011fini bildirdi.<\/span><\/p>\n<p class=\"m_-5304553996997732696gmail-p4\" style=\"color: rgb(34, 34, 34); font-family: arial, sans-serif; font-size: 12.8px; line-height: normal;\">\u00a0<\/p>\n<p class=\"m_-5304553996997732696gmail-p1\" style=\"color: rgb(34, 34, 34); font-family: arial, sans-serif; font-size: 12.8px; line-height: normal;\"><span style=\"font-size:16px;\">Gergerli: \u201cD\u00fcnyadaki en b\u00fcy\u00fck KGF olduk\u201d<\/span><\/p>\n<p class=\"m_-5304553996997732696gmail-p2\" style=\"color: rgb(34, 34, 34); font-family: arial, sans-serif; font-size: 12.8px; line-height: normal;\">\u00a0<\/p>\n<p class=\"m_-5304553996997732696gmail-p3\" style=\"color: rgb(34, 34, 34); font-family: arial, sans-serif; font-size: 12.8px; line-height: normal;\"><span style=\"font-size:16px;\">Kredi Garanti Fonu Genel M\u00fcd\u00fcr\u00fc \u0130smet Gergerli, kurum yap\u0131s\u0131 hakk\u0131nda bilgilendirme yapt\u0131. Son y\u0131llarda uygulad\u0131klar\u0131 sistemi masaya yat\u0131r\u0131p sistemin h\u0131zl\u0131, etkin, verimli kullan\u0131m\u0131n\u0131 sa\u011flamak ad\u0131na, firmalar\u0131n finansmana eri\u015fimini kolayla\u015ft\u0131rmak ad\u0131na iyile\u015ftirmeler yapt\u0131klar\u0131n\u0131 bildiren Gergerli, 2017 y\u0131l\u0131 Aral\u0131k ay\u0131n\u0131 ise at\u0131l\u0131m s\u00fcrecinin ba\u015flad\u0131\u011f\u0131 tarih olarak nitelendirdi. 2016 y\u0131l\u0131 sonunda TOBB Nefes Kredisi Projesi ile d\u00f6n\u00fc\u015f\u00fcm\u00fc ate\u015flediklerini bildiren Gergerli \u015fu bilgileri verdi:<\/span><\/p>\n<p class=\"m_-5304553996997732696gmail-p3\" style=\"color: rgb(34, 34, 34); font-family: arial, sans-serif; font-size: 12.8px; line-height: normal;\"><span style=\"font-size:16px;\">\u201cBu proje ile 26 bin i\u015fletmeye kefalet verdik. O d\u00f6nemde faizlerin y\u00fcksekli\u011fi, piyasan\u0131n y\u00fcksek faiz uygulad\u0131\u011f\u0131 ele\u015ftirisi vard\u0131. Faizler bu projede d\u00fc\u015f\u00fck tutuldu. Bu firmalardan sadece 110 adedi geri \u00f6deme yapamad\u0131. Oda ve Borsalar biriken paras\u0131n\u0131 \u00fcyelerine ucuz kredi olarak \u00e7evirdi.\u201d<\/span><\/p>\n<p class=\"m_-5304553996997732696gmail-p3\" style=\"color: rgb(34, 34, 34); font-family: arial, sans-serif; font-size: 12.8px; line-height: normal;\"><span style=\"font-size:16px;\">Son 6 ayda sa\u011flad\u0131klar\u0131 desteklerle birlikte 214 bin ki\u015fiye yeni istihdam sa\u011fland\u0131\u011f\u0131n\u0131 bildiren Gergerli, \u201cDo\u011fru metotlarla destekleme yap\u0131l\u0131rsa istihdam da yat\u0131r\u0131m da ihracat da art\u0131yor\u201d de\u011ferlendirmesini yapt\u0131.\u00a0<\/span><\/p>\n<p class=\"m_-5304553996997732696gmail-p3\" style=\"color: rgb(34, 34, 34); font-family: arial, sans-serif; font-size: 12.8px; line-height: normal;\"><span style=\"font-size:16px;\">D\u00fcnyadaki en b\u00fcy\u00fck Kredi Garanti Fonu\u2019na d\u00f6n\u00fc\u015ft\u00fcklerini de vurgulayan Gergerli, Amerika ve Avrupa\u2019da \u00e7\u0131kan krizlerde nakit para vererek sistemin aya\u011fa kald\u0131r\u0131lmaya \u00e7al\u0131\u015f\u0131ld\u0131\u011f\u0131n\u0131, T\u00fcrkiye\u2019de ise sistemdeki t\u0131kan\u0131kl\u0131\u011f\u0131n g\u00fcven vererek, firmalar\u0131n krediye h\u0131zl\u0131 eri\u015fimini sa\u011flayarak ba\u015fard\u0131klar\u0131n\u0131 s\u00f6yledi. G\u00fcnl\u00fck 10 bin, 12 bin \u015firkete destek verdikleri g\u00fcnler oldu\u011funu ifade eden Gergerli, \u201c\u015eubat ay\u0131nda verdi\u011fimiz desteklerin yerlerini de belirledik. \u0130hracat\u00e7\u0131 i\u00e7in, cazibe merkezleri i\u00e7in, tar\u0131m i\u00e7in, kad\u0131n gen\u00e7 giri\u015fimci i\u00e7in bir limit, serbest kullan\u0131m i\u00e7in bir limit ayr\u0131ld\u0131. Bu ayr\u0131lan rakamlar mutlaka ayr\u0131lan alana verilebiliyor. Bu sonras\u0131nda bug\u00fcn itibariyle 10 milyar TL\u2019lik kefalet i\u015flemi sonu\u00e7land\u0131\u201d dedi.\u00a0<\/span><\/p>\n<p class=\"m_-5304553996997732696gmail-p4\" style=\"color: rgb(34, 34, 34); font-family: arial, sans-serif; font-size: 12.8px; line-height: normal;\">\u00a0<\/p>\n<p class=\"m_-5304553996997732696gmail-p1\" style=\"color: rgb(34, 34, 34); font-family: arial, sans-serif; font-size: 12.8px; line-height: normal;\"><span style=\"font-size:16px;\">Tekli: \u201cVerecek arazimiz olsa Gaziantep\u2019te yat\u0131r\u0131mc\u0131 kalmaz\u201d<\/span><\/p>\n<p class=\"m_-5304553996997732696gmail-p2\" style=\"color: rgb(34, 34, 34); font-family: arial, sans-serif; font-size: 12.8px; line-height: normal;\">\u00a0<\/p>\n<p class=\"m_-5304553996997732696gmail-p3\" style=\"color: rgb(34, 34, 34); font-family: arial, sans-serif; font-size: 12.8px; line-height: normal;\"><span style=\"font-size:16px;\">Mersin Tarsus Organize Sanayi B\u00f6lgesi Y\u00f6netim Kurulu Ba\u015fkan\u0131 Sabri Tekli ise Mersin\u2019de devam eden OSB yat\u0131r\u0131mlar\u0131n\u0131 ve \u00e7al\u0131\u015fma metotlar\u0131n\u0131 anlatt\u0131. Fark edilmese de T\u00fcrkiye\u2019de geli\u015fimin yakaland\u0131\u011f\u0131 en g\u00fczel \u015fehirlerden birinin Mersin oldu\u011funu vurgulayan Tekli, \u201cBu sene elektrik enerjisi art\u0131\u015f\u0131m\u0131z y\u00fczde 12,5, do\u011falgaz art\u0131\u015f\u0131m\u0131z y\u00fczde 30. OSB b\u00fct\u00e7esi y\u00fczde 50 seviyelerinde artt\u0131\u201d dedi. Mersin\u2019de OSB alan\u0131 kurulumunun verimli topraklar nedeniyle \u00e7ok zor oldu\u011funu, yat\u0131r\u0131m alan\u0131 bulmakta zorland\u0131klar\u0131n\u0131 ve da\u011flarda OSB kurmak durumunda kald\u0131klar\u0131n\u0131 ifade eden Tekli, \u201cMersin\u2019in lojistik g\u00fcc\u00fc tart\u0131\u015f\u0131lamaz. Ben verecek arsa bulsam Gaziantep\u2019te sanayici kalmaz\u201d de\u011ferlendirmesini yapt\u0131.<\/span><\/p>\n<p class=\"m_-5304553996997732696gmail-p3\" style=\"color: rgb(34, 34, 34); font-family: arial, sans-serif; font-size: 12.8px; line-height: normal;\"><span style=\"font-size:16px;\">Mersin\u2019in ithalat\u00e7\u0131 de\u011fil, ihracat\u00e7\u0131 bir \u015fehir oldu\u011funa da dikkat \u00e7eken Tekli, kentin \u00fcretimde tamamen kendi hammaddesini, tar\u0131m\u0131n\u0131, ta\u015f\u0131n\u0131 topra\u011f\u0131n\u0131 kulland\u0131\u011f\u0131n\u0131 bunun i\u00e7in de vergi s\u0131ralamas\u0131nda T\u00fcrkiye\u2019nin 6\u2019nc\u0131 ili olduklar\u0131n\u0131 s\u00f6yledi. Yeni OSB yat\u0131r\u0131mlar\u0131na da de\u011finen Tekli, sanayinin sa\u011flad\u0131\u011f\u0131 istihdam potansiyeli nedeniyle kentte en \u00e7ok konu\u015fulan sekt\u00f6r konumuna ula\u015ft\u0131\u011f\u0131n\u0131 anlatt\u0131.\u00a0<\/span><\/p>\n<p class=\"m_-5304553996997732696gmail-p4\" style=\"color: rgb(34, 34, 34); font-family: arial, sans-serif; font-size: 12.8px; line-height: normal;\">\u00a0<\/p>\n<p class=\"m_-5304553996997732696gmail-p1\" style=\"color: rgb(34, 34, 34); font-family: arial, sans-serif; font-size: 12.8px; line-height: normal;\"><span style=\"font-size:16px;\">Y\u0131ld\u0131r\u0131m: \u201cHedef 2018 sonunda 46 milyar dolar\u201d<\/span><\/p>\n<p class=\"m_-5304553996997732696gmail-p2\" style=\"color: rgb(34, 34, 34); font-family: arial, sans-serif; font-size: 12.8px; line-height: normal;\">\u00a0<\/p>\n<p class=\"m_-5304553996997732696gmail-p3\" style=\"color: rgb(34, 34, 34); font-family: arial, sans-serif; font-size: 12.8px; line-height: normal;\"><span style=\"font-size:16px;\">T\u00fcrk Eximbank Genel M\u00fcd\u00fcr\u00fc Adnan Y\u0131ld\u0131r\u0131m da kurumu hakk\u0131nda bilgi verdi. Son d\u00f6nemlerde bir d\u00f6n\u00fc\u015f\u00fcm ya\u015fad\u0131klar\u0131na dikkat \u00e7eken Y\u0131ld\u0131r\u0131m, ge\u00e7mi\u015fte yaln\u0131zca bankac\u0131l\u0131k sistemi \u00fczerinden teminat sistemiyle Eximbank\u2019a ba\u015fvuru yap\u0131labilirken ihracat\u00e7\u0131lar\u0131n art\u0131k kendileriyle do\u011frudan \u00e7al\u0131\u015fabildi\u011fini belirtti. Bu uygulama ile 7 bin 700 olan portf\u00f6y say\u0131s\u0131n\u0131n 9 binlere ula\u015ft\u0131\u011f\u0131n\u0131 kaydeden Y\u0131ld\u0131r\u0131m, bu say\u0131n\u0131n y\u00fczde 10\u2019a yak\u0131n\u0131n\u0131 Eximbank ile do\u011frudan \u00e7al\u0131\u015fan firmalar\u0131n olu\u015fturdu\u011funu s\u00f6yledi. T\u00fcrkiye\u2019deki 52 banka i\u00e7inde kredi b\u00fcy\u00fckl\u00fc\u011f\u00fc a\u00e7\u0131s\u0131ndan 9\u2019uncu, aktif b\u00fcy\u00fckl\u00fck a\u00e7\u0131s\u0131ndan ise 10\u2019uncu banka olduklar\u0131n\u0131 belirten Y\u0131ld\u0131r\u0131m, \u201c2016 y\u0131l\u0131 sonunda kredi ve sigortadan olu\u015fan toplam deste\u011fimiz 33 milyar dolard\u0131. 2017\u2019de bu rakam 39,3 milyar dolar oldu. T\u00fcrkiye\u2019de ihracat kredilerinin kabaca yar\u0131s\u0131n\u0131 biz kulland\u0131r\u0131yoruz. Hedefimiz 2018\u2019de 46 milyar dolara ula\u015fmak\u201d diye konu\u015ftu.<\/span><\/p>\n<p class=\"m_-5304553996997732696gmail-p3\" style=\"color: rgb(34, 34, 34); font-family: arial, sans-serif; font-size: 12.8px; line-height: normal;\"><span style=\"font-size:16px;\">D\u00fcnyadaki di\u011fer Eximbank\u2019lardan ayr\u0131ld\u0131klar\u0131 noktalar bulundu\u011funu da anlatan Y\u0131ld\u0131r\u0131m, 2017\u2019de teminat mektubu olmadan do\u011frudan \u00e7al\u0131\u015fabildiklerini s\u00f6yledi. Ayn\u0131 zamanda parayla ticaretin yap\u0131lamad\u0131\u011f\u0131 Afrika \u00fclkelerine y\u00f6nelik \u00e7al\u0131\u015fmalar geli\u015ftirdiklerini de belirten Y\u0131ld\u0131r\u0131m, barter ticareti yapmaya ba\u015flayacaklar\u0131n\u0131 anlatt\u0131.\u00a0<\/span><\/p>\n<p class=\"m_-5304553996997732696gmail-p4\" style=\"color: rgb(34, 34, 34); font-family: arial, sans-serif; font-size: 12.8px; line-height: normal;\">\u00a0<\/p>\n<p class=\"m_-5304553996997732696gmail-p1\" style=\"color: rgb(34, 34, 34); font-family: arial, sans-serif; font-size: 12.8px; line-height: normal;\"><span style=\"font-size:16px;\">Bug\u00fcn 4 oturum yap\u0131lacak<\/span><\/p>\n<p class=\"m_-5304553996997732696gmail-p4\" style=\"color: rgb(34, 34, 34); font-family: arial, sans-serif; font-size: 12.8px; line-height: normal;\">\u00a0<\/p>\n<p class=\"m_-5304553996997732696gmail-p6\" style=\"color: rgb(34, 34, 34); font-family: arial, sans-serif; font-size: 12.8px; line-height: normal;\"><span style=\"font-size:16px;\">2. G\u00fcn 1. Oturum\u00a0<\/span><\/p>\n<p class=\"m_-5304553996997732696gmail-p3\" style=\"color: rgb(34, 34, 34); font-family: arial, sans-serif; font-size: 12.8px; line-height: normal;\"><span style=\"font-size:16px;\">8 Mart g\u00fcn\u00fc devam edecek Forum\u2019un ikinci g\u00fcn\u00fc de 3 oturumdan olu\u015fuyor. G\u0131da Tar\u0131m ve Hayvanc\u0131l\u0131k Bakan\u0131 Dr. Ahmet E\u015fref Fak\u0131baba\u2019n\u0131n a\u00e7\u0131l\u0131\u015f konu\u015fmas\u0131n\u0131 yapaca\u011f\u0131 oturumun konusu ise S\u00fcrd\u00fcr\u00fclebilir \u0130novatif Tar\u0131m ve G\u0131da.\u00a0<\/span><\/p>\n<p class=\"m_-5304553996997732696gmail-p3\" style=\"color: rgb(34, 34, 34); font-family: arial, sans-serif; font-size: 12.8px; line-height: normal;\"><span style=\"font-size:16px;\">Moderat\u00f6rl\u00fc\u011f\u00fcn\u00fc NTV\u2019den Prof. Dr. G\u00fcng\u00f6r Uras\u2019\u0131n yapaca\u011f\u0131 oturumda Akdeniz Havzas\u0131\u2019nda yer alan Mersin\u2019de kurulacak Tar\u0131m G\u0131da Teknopark\u2019\u0131, b\u00f6lge ihracat\u0131nda \u00f6nemli yer tutan ya\u015f meyve sebze ile bakliyat \u00fcr\u00fcnleri ihracat\u0131n\u0131n uluslararas\u0131 rekabette ilk s\u0131ray\u0131 almas\u0131 i\u00e7in gereken tar\u0131msal \u00f6nlemler ve yat\u0131r\u0131mlar, g\u0131da g\u00fcvenli\u011fine uygun tar\u0131msal ve end\u00fcstriyel \u00fcr\u00fcnlerin geli\u015ftirilmesi, sanayi tar\u0131m entegrasyonu ile 2020 y\u0131l\u0131nda Akdeniz Havzas\u0131\u2019nda d\u00fczenlenmesi planlanan D\u00fcnya Turun\u00e7gil Konferans\u0131 ele al\u0131nacak. Bu oturumun konu\u015fmac\u0131lar\u0131 ise \u015f\u00f6yle:\u00a0<\/span><\/p>\n<p class=\"m_-5304553996997732696gmail-p3\" style=\"color: rgb(34, 34, 34); font-family: arial, sans-serif; font-size: 12.8px; line-height: normal;\"><span style=\"font-size:16px;\">Aves A.\u015e Genel M\u00fcd\u00fcr\u00fc Onat Ang\u0131, Akdeniz \u0130hracat\u00e7\u0131 Birlikleri Koordinat\u00f6r Ba\u015fkan\u0131 Mahmut Arslan, Ulusal Turun\u00e7gil Konseyi Ba\u015fkan\u0131 Kemal Ka\u00e7maz, Tarsus Ticaret ve Sanayi Odas\u0131 Ba\u015fkan\u0131 H. Ruhi Ko\u00e7ak ile Adana Ticaret Odas\u0131 Ba\u015fkan\u0131 Atila Menev\u015fe.\u00a0<\/span><\/p>\n<p class=\"m_-5304553996997732696gmail-p4\" style=\"color: rgb(34, 34, 34); font-family: arial, sans-serif; font-size: 12.8px; line-height: normal;\">\u00a0<\/p>\n<p class=\"m_-5304553996997732696gmail-p6\" style=\"color: rgb(34, 34, 34); font-family: arial, sans-serif; font-size: 12.8px; line-height: normal;\"><span style=\"font-size:16px;\">2. Oturum<\/span><\/p>\n<p class=\"m_-5304553996997732696gmail-p3\" style=\"color: rgb(34, 34, 34); font-family: arial, sans-serif; font-size: 12.8px; line-height: normal;\"><span style=\"font-size:16px;\">A\u00e7\u0131l\u0131\u015f konu\u015fmas\u0131n\u0131 Bilim Sanayi ve Teknoloji Bakan\u0131 Dr. Faruk \u00d6zl\u00fc\u2019n\u00fcn yapaca\u011f\u0131 End\u00fcstri 4.0 Sanayi Devrimi ve Teknolojik Geli\u015fmeler konulu ikinci oturumun Moderat\u00f6rl\u00fc\u011f\u00fcn\u00fc ise D\u00fcnya Gazetesi Genel Yay\u0131n Y\u00f6netmeni Hakan G\u00fclda\u011f y\u00fcr\u00fctecek. \u00dcretimde verimlili\u011fin art\u0131r\u0131lmas\u0131, de\u011fi\u015fen \u00fcretim yap\u0131s\u0131, ileri teknoloji, model fabrika kurulumlar\u0131 gibi konular\u0131n ele al\u0131naca\u011f\u0131 bu oturumun konu\u015fmac\u0131lar\u0131 ise \u015f\u00f6yle:\u00a0<\/span><\/p>\n<p class=\"m_-5304553996997732696gmail-p3\" style=\"color: rgb(34, 34, 34); font-family: arial, sans-serif; font-size: 12.8px; line-height: normal;\"><span style=\"font-size:16px;\">Mersin Ticaret ve Sanayi Odas\u0131 Y\u00f6netim Kurulu Ba\u015fkan\u0131 \u015eerafettin A\u015fut, Bosch End\u00fcstri 4.0 ve Dijitalle\u015fmeden Sorumlu \u00dclke Direkt\u00f6r\u00fc Mustafa Ayhan, ENOSAD End\u00fcstriyel Otomasyon Sanayicileri Derne\u011fi Ba\u015fkan\u0131 Dr. H\u00fcseyin Hal\u0131c\u0131, Dow T\u00fcrkiye ve Orta Asya Cumhuriyeti Ba\u015fkan\u0131 \u0130hsan Necipo\u011flu ile Hafele T\u00fcrkiye ve B\u00f6lgesi \u0130cra Kurulu Ba\u015fkan\u0131 Hilmi Uytun.\u00a0<\/span><\/p>\n<p class=\"m_-5304553996997732696gmail-p4\" style=\"color: rgb(34, 34, 34); font-family: arial, sans-serif; font-size: 12.8px; line-height: normal;\">\u00a0<\/p>\n<p class=\"m_-5304553996997732696gmail-p6\" style=\"color: rgb(34, 34, 34); font-family: arial, sans-serif; font-size: 12.8px; line-height: normal;\"><span style=\"font-size:16px;\">3. Oturum\u00a0<\/span><\/p>\n<p class=\"m_-5304553996997732696gmail-p3\" style=\"color: rgb(34, 34, 34); font-family: arial, sans-serif; font-size: 12.8px; line-height: normal;\"><span style=\"font-size:16px;\">Destinasyon Do\u011fu Akdeniz konulu 3. oturumun Moderat\u00f6rl\u00fc\u011f\u00fcn\u00fc ise Do\u011fu\u015f Yay\u0131n Grubu Ekonomi Grup Ba\u015fkan\u0131 Servet Y\u0131ld\u0131r\u0131m ger\u00e7ekle\u015ftirecek. K\u0131y\u0131 turizmi, gastronomi ve k\u00fclt\u00fcr turizmi ile inan\u00e7 turizmi ana ba\u015fl\u0131klar\u0131n\u0131n ele al\u0131naca\u011f\u0131 oturumun konu\u015fmac\u0131lar\u0131 \u0130pekyolu Kalk\u0131nma Ajans\u0131 Genel Sekreteri Dr. Burhan Aky\u0131lmaz, T\u00fcrkiye Turizm Yat\u0131r\u0131mc\u0131lar\u0131 Derne\u011fi Y\u00f6netim Kurulu Ba\u015fkan Yard\u0131mc\u0131s\u0131 Recai \u00c7ak\u0131r, Turizm Restoran Yat\u0131r\u0131mc\u0131lar\u0131 ve \u0130\u015fletmecileri Derne\u011fi Y\u00f6netim Kurulu Ba\u015fkan\u0131 Kaya Demirer ile Rehber Rahip Hanri Leylek.\u00a0<\/span><\/p>\n<p class=\"m_-5304553996997732696gmail-p3\" style=\"color: rgb(34, 34, 34); font-family: arial, sans-serif; font-size: 12.8px; line-height: normal;\"><span style=\"font-size:16px;\">\u00c7ukurova Kalk\u0131nma Ajans\u0131 Genel Sekreteri Dr. Lutfi Altunsu\u2019nun \u2018\u00c7ukurova: Akdeniz\u2019e A\u00e7\u0131lan Kap\u0131\u2019 ba\u015fl\u0131kl\u0131 \u00f6zel sunumunda \u00c7ukurova B\u00f6lgesi\u2019nin D\u00fcnya ve T\u00fcrkiye\u2019deki yeri, \u00f6nde gelen sekt\u00f6rleri, yat\u0131r\u0131m ve i\u015fbirli\u011fi olanaklar\u0131, Akdeniz Havzas\u0131 ile ili\u015fkileri ve gelece\u011fi ele al\u0131nacak.<\/span><\/p>\n<p class=\"m_-5304553996997732696gmail-p4\" style=\"color: rgb(34, 34, 34); font-family: arial, sans-serif; font-size: 12.8px; line-height: normal;\">\u00a0<\/p>\n<p class=\"m_-5304553996997732696gmail-p6\" style=\"color: rgb(34, 34, 34); font-family: arial, sans-serif; font-size: 12.8px; line-height: normal;\"><span style=\"font-size:16px;\">4. Oturum<\/span><\/p>\n<p class=\"m_-5304553996997732696gmail-p3\" style=\"color: rgb(34, 34, 34); font-family: arial, sans-serif; font-size: 12.8px; line-height: normal;\"><span style=\"font-size:16px;\">Tarihi Kentlerden G\u00fcn\u00fcm\u00fcze \u2013 Akdeniz Mavisinden Ya\u015fanabilir Ye\u015fil \u015eehirlere konu ba\u015fl\u0131kl\u0131 son oturumun Moder\u00f6t\u00fcr\u00fc ise \u00c7ek\u00fcl Vakf\u0131 Ba\u015fkan\u0131 Prof. Dr. Metin S\u00f6zen. Gelece\u011fin yeni ya\u015fam ve i\u015f alanlar\u0131 nas\u0131l \u015fekillenmeli? Nice medeniyetlere ev sahipli\u011fi yapm\u0131\u015f topraklarda, k\u00fclt\u00fcrel ayak izlerini kaybetmeden gelece\u011fin ihtiya\u00e7lar\u0131na cevap verecek bir d\u00f6n\u00fc\u015f\u00fcm i\u00e7in yerel y\u00f6netimlerin \u00e7\u00f6z\u00fcmleri nas\u0131l olacak? K\u00fclt\u00fcr \u00f6ncelikli ekonomiye nas\u0131l boyut kazand\u0131r\u0131lacak? Sorular\u0131na yan\u0131t aranacak son oturumun konu\u015fmac\u0131lar\u0131 ise \u015f\u00f6yle:\u00a0<\/span><\/p>\n<p class=\"m_-5304553996997732696gmail-p3\" style=\"color: rgb(34, 34, 34); font-family: arial, sans-serif; font-size: 12.8px; line-height: normal;\"><span style=\"font-size:16px;\">Mersin B\u00fcy\u00fck\u015fehir Belediye Ba\u015fkan\u0131 Burhanettin Kocamaz, Adana B\u00fcy\u00fck\u015fehir Belediye Ba\u015fkan\u0131 H\u00fcseyin S\u00f6zl\u00fc, Seyhan Belediye Ba\u015fkan\u0131 Zeydan Karalar, Kayseri B\u00fcy\u00fck\u015fehir Belediye Ba\u015fkan\u0131 Mustafa \u00c7elik, Kahramanmara\u015f B\u00fcy\u00fck\u015fehir Belediye Ba\u015fkan\u0131 Fatih Mehmet Erko\u00e7 ile Hatay B\u00fcy\u00fck\u015fehir Belediye Ba\u015fkan\u0131 Do\u00e7. Dr. L\u00fctf\u00fc Sava\u015f.<\/span><\/p>\n","protected":false},"excerpt":{"rendered":"<p>Moderat\u00f6rl\u00fc\u011f\u00fcn\u00fc Forum \u0130stanbul Ba\u015fkan Yard\u0131mc\u0131s\u0131 Prof. Dr. \u0130lter Turan\u2019\u0131n yapt\u0131\u011f\u0131 ilk oturumun konusu Makroekonomik Geli\u015fmeler I\u015f\u0131\u011f\u0131nda D\u00fcnya ve T\u00fcrkiye. De\u011fi\u015fen d\u00fcnya dengeleri, yeni b\u00f6lgesel ekonomik dinamiklerdeki akt\u00f6rlerin rol\u00fc ve k\u00fcresel &hellip; <a href=\"https:\/\/akdenizolaygazetesi.com\/?p=1489\" class=\"more-link\">Devam\u0131n\u0131 Oku&#8230;<\/a><\/p>\n","protected":false},"author":1,"featured_media":0,"comment_status":"open","ping_status":"open","sticky":false,"template":"","format":"standard","meta":[],"categories":[],"tags":[],"_links":{"self":[{"href":"https:\/\/akdenizolaygazetesi.com\/index.php?rest_route=\/wp\/v2\/posts\/1489"}],"collection":[{"href":"https:\/\/akdenizolaygazetesi.com\/index.php?rest_route=\/wp\/v2\/posts"}],"about":[{"href":"https:\/\/akdenizolaygazetesi.com\/index.php?rest_route=\/wp\/v2\/types\/post"}],"author":[{"embeddable":true,"href":"https:\/\/akdenizolaygazetesi.com\/index.php?rest_route=\/wp\/v2\/users\/1"}],"replies":[{"embeddable":true,"href":"https:\/\/akdenizolaygazetesi.com\/index.php?rest_route=%2Fwp%2Fv2%2Fcomments&post=1489"}],"version-history":[{"count":0,"href":"https:\/\/akdenizolaygazetesi.com\/index.php?rest_route=\/wp\/v2\/posts\/1489\/revisions"}],"wp:attachment":[{"href":"https:\/\/akdenizolaygazetesi.com\/index.php?rest_route=%2Fwp%2Fv2%2Fmedia&parent=1489"}],"wp:term":[{"taxonomy":"category","embeddable":true,"href":"https:\/\/akdenizolaygazetesi.com\/index.php?rest_route=%2Fwp%2Fv2%2Fcategories&post=1489"},{"taxonomy":"post_tag","embeddable":true,"href":"https:\/\/akdenizolaygazetesi.com\/index.php?rest_route=%2Fwp%2Fv2%2Ftags&post=1489"}],"curies":[{"name":"wp","href":"https:\/\/api.w.org\/{rel}","templated":true}]}}