{"id":14891,"date":"2021-10-26T11:32:37","date_gmt":"2021-10-26T08:32:37","guid":{"rendered":"http:\/\/akdenizolaygazetesi.com\/?p=14891"},"modified":"2021-10-26T11:32:37","modified_gmt":"2021-10-26T08:32:37","slug":"buyuksehirden-cumhuriyet-konserlerine-davet","status":"publish","type":"post","link":"https:\/\/akdenizolaygazetesi.com\/?p=14891","title":{"rendered":"B\u00dcY\u00dcK\u015eEH\u0130R\u2019DEN CUMHUR\u0130YET KONSERLER\u0130NE DAVET"},"content":{"rendered":"<p>Mersin B\u00fcy\u00fck\u015fehir Belediyesi K\u00fclt\u00fcr ve Sosyal \u0130\u015fler Dairesi, 29 Ekim Cumhuriyet Bayram\u0131\u2019n\u0131n 98\u2019inci y\u0131ld\u00f6n\u00fcm\u00fc dolay\u0131s\u0131yla bu y\u0131l da co\u015fku dolu konserler d\u00fczenliyor. \u201cCumhuriyet Hepimizin, Konser Hepimizin\u201d slogan\u0131yla \u00fccretsiz d\u00fczenlenen konserlerde Athena, Mor ve \u00d6tesi, Necati ve Saykolar ile Grup Cosmos sahne alacak.<br \/>\n\u201cCumhuriyet Bayram\u0131m\u0131z \u015fimdiden hepimize kutlu olsun\u201d<br \/>\nMersin B\u00fcy\u00fck\u015fehir Belediye Meclisi\u2019nde Mersinlileri B\u00fcy\u00fck\u015fehir\u2019in Cumhuriyet Konserleri\u2019ne davet eden B\u00fcy\u00fck\u015fehir Belediye Ba\u015fkan\u0131 Vahap Se\u00e7er, \u201cGen\u00e7lerimiz konserlere \u00e7ok ra\u011fbet g\u00f6steriyor. Her zaman oldu\u011fu gibi Cumhuriyet Bayram\u0131\u2019nda me\u015fale y\u00fcr\u00fcy\u00fc\u015f\u00fcm\u00fcz\u00fc de ger\u00e7ekle\u015ftirmi\u015f olaca\u011f\u0131z. Cumhuriyet Bayram\u0131m\u0131z \u015fimdiden hepimize kutlu olsun\u201d ifadelerini kullanarak konserlerle ilgili bilgi vermi\u015fti.<\/p>\n<p>Konser program\u0131 kapsam\u0131nda Athena, 28 Ekim Per\u015fembe g\u00fcn\u00fc saat 20.00\u2019de Tarsus Cumhuriyet Meydan\u0131\u2019nda sevenleriyle bulu\u015facak. Athena\u2019dan \u00f6nce ise yerel m\u00fczik gruplar\u0131ndan Grup Cosmos sahne alacak.<\/p>\n<p>29 Ekim Cuma g\u00fcn\u00fc ise Mersin\u2019in Yeni\u015fehir il\u00e7esindeki \u00d6zgecan Aslan Meydan\u0131\u2019nda saat 20.00\u2019de Necati ve Saykolar, saat 22.00\u2019de ise Mor ve \u00d6tesi Mersinlilerle bulu\u015facak.<\/p>\n","protected":false},"excerpt":{"rendered":"<p>Mersin B\u00fcy\u00fck\u015fehir Belediyesi K\u00fclt\u00fcr ve Sosyal \u0130\u015fler Dairesi, 29 Ekim Cumhuriyet Bayram\u0131\u2019n\u0131n 98\u2019inci y\u0131ld\u00f6n\u00fcm\u00fc dolay\u0131s\u0131yla bu y\u0131l da co\u015fku dolu konserler d\u00fczenliyor. \u201cCumhuriyet Hepimizin, Konser Hepimizin\u201d slogan\u0131yla \u00fccretsiz d\u00fczenlenen konserlerde &hellip; <a href=\"https:\/\/akdenizolaygazetesi.com\/?p=14891\" class=\"more-link\">Devam\u0131n\u0131 Oku&#8230;<\/a><\/p>\n","protected":false},"author":2,"featured_media":14892,"comment_status":"open","ping_status":"open","sticky":false,"template":"","format":"standard","meta":[],"categories":[1,3],"tags":[],"_links":{"self":[{"href":"https:\/\/akdenizolaygazetesi.com\/index.php?rest_route=\/wp\/v2\/posts\/14891"}],"collection":[{"href":"https:\/\/akdenizolaygazetesi.com\/index.php?rest_route=\/wp\/v2\/posts"}],"about":[{"href":"https:\/\/akdenizolaygazetesi.com\/index.php?rest_route=\/wp\/v2\/types\/post"}],"author":[{"embeddable":true,"href":"https:\/\/akdenizolaygazetesi.com\/index.php?rest_route=\/wp\/v2\/users\/2"}],"replies":[{"embeddable":true,"href":"https:\/\/akdenizolaygazetesi.com\/index.php?rest_route=%2Fwp%2Fv2%2Fcomments&post=14891"}],"version-history":[{"count":1,"href":"https:\/\/akdenizolaygazetesi.com\/index.php?rest_route=\/wp\/v2\/posts\/14891\/revisions"}],"predecessor-version":[{"id":14893,"href":"https:\/\/akdenizolaygazetesi.com\/index.php?rest_route=\/wp\/v2\/posts\/14891\/revisions\/14893"}],"wp:featuredmedia":[{"embeddable":true,"href":"https:\/\/akdenizolaygazetesi.com\/index.php?rest_route=\/wp\/v2\/media\/14892"}],"wp:attachment":[{"href":"https:\/\/akdenizolaygazetesi.com\/index.php?rest_route=%2Fwp%2Fv2%2Fmedia&parent=14891"}],"wp:term":[{"taxonomy":"category","embeddable":true,"href":"https:\/\/akdenizolaygazetesi.com\/index.php?rest_route=%2Fwp%2Fv2%2Fcategories&post=14891"},{"taxonomy":"post_tag","embeddable":true,"href":"https:\/\/akdenizolaygazetesi.com\/index.php?rest_route=%2Fwp%2Fv2%2Ftags&post=14891"}],"curies":[{"name":"wp","href":"https:\/\/api.w.org\/{rel}","templated":true}]}}