{"id":14894,"date":"2021-10-26T11:34:35","date_gmt":"2021-10-26T08:34:35","guid":{"rendered":"http:\/\/akdenizolaygazetesi.com\/?p=14894"},"modified":"2021-10-26T11:34:35","modified_gmt":"2021-10-26T08:34:35","slug":"savunma-sanayii-baskani-demir-mtosbde-incelemelerde-bulundu","status":"publish","type":"post","link":"https:\/\/akdenizolaygazetesi.com\/?p=14894","title":{"rendered":"Savunma Sanayii Ba\u015fkan\u0131 Demir MTOSB&#8217;de incelemelerde bulundu"},"content":{"rendered":"<p>Cumhurba\u015fkanl\u0131\u011f\u0131 Savunma Sanayii Ba\u015fkan\u0131 (SSB) Prof. Dr. \u0130smail Demir, beraberindeki heyet ile birlikte Mersin Tarsus Organize Sanayi B\u00f6lgesi\u2019nde (MTOSB) incelemelerde bulunarak sanayiciler ile bir araya geldi.<\/p>\n<p>Ger\u00e7ekle\u015ftirilen ziyarete Ba\u015fkan Demir&#8217;in yan\u0131 s\u0131ra Mersin Valisi Ali \u0130hsan Su, MTOSB Ba\u015fkan\u0131 Sabri Tekli, MTSO Ba\u015fkan\u0131 Ayhan K\u0131z\u0131ltan, MTOSB Y\u00f6netim Kurulu \u00dcyeleri K\u00fcr\u015fat Haddat, Halit Altun ve \u00e7ok say\u0131da sanayici kat\u0131ld\u0131. T\u00fcrkiye&#8217;de savunma sanayi alan\u0131nda hizmet veren \u015firketlerin y\u00f6neticilerinin de yer ald\u0131\u011f\u0131 ziyarette Mersin b\u00f6lgesinde yap\u0131lacak olan SAHA \u00e7al\u0131\u015fmalar\u0131 hakk\u0131nda konu\u015fuldu.<\/p>\n<p>A\u00e7\u0131l\u0131\u015f konu\u015fmas\u0131nda MTOSB&#8217;nin faaliyetleri ile ilgili bilgiler veren MTOSB Ba\u015fkan\u0131 Sabri Tekli, &#8220;Organize Sanayi B\u00f6lgeleri \u00dcst Kurulu\u015funda farkl\u0131 d\u00f6nemlerde hem Y\u00f6netim Kurulu \u00fcyeli\u011fi g\u00f6revini y\u00fcr\u00fctt\u00fcm \u015fu anda ise Denetim kurulu \u00fcyesi olarak g\u00f6rev almaktay\u0131m. Mersin Ticaret ve Sanayi Odas\u0131\u2019nda 34\u2019nc\u00fc meslek grubunda meclis \u00fcyeli\u011fi g\u00f6revini, toplamda 19 y\u0131ld\u0131r y\u00fcr\u00fctmekteyim. Ayn\u0131 zamanda 2019 Aral\u0131k ay\u0131nda T\u00fcrk Silahl\u0131 Kuvvetlerini G\u00fc\u00e7lendirme Vakf\u0131nda Fahri Tan\u0131t\u0131m Kurulu Ba\u015fkan\u0131 se\u00e7ilerek bu g\u00f6revi b\u00fcy\u00fck bir onurla yerine getirmekteyim. 17 y\u0131ld\u0131r Y\u00f6netiminde yer ald\u0131\u011f\u0131m ve son 12 y\u0131ld\u0131r ba\u015fkanl\u0131k g\u00f6revini y\u00fcr\u00fctt\u00fc\u011f\u00fcm Mersin Tarsus Organize Sanayi B\u00f6lgesi, \u00fc\u00e7 farkl\u0131 b\u00f6lge \u00fczerinde faaliyetlerine devam etmektedir. 250\u2019ye yak\u0131n firman\u0131n yer ald\u0131\u011f\u0131 b\u00f6lgemizde yakla\u015f\u0131k 25 bin ki\u015fi istihdam edilmektedir. Sanayicilerimizin parsel taleplerinin devam etmesinin sonucu olarak yeni ilave alanlar olan 4. B\u00f6lgede yer se\u00e7im s\u00fcreci tamamlanm\u0131\u015f olup be\u015f ve alt\u0131nc\u0131 B\u00f6lge \u00e7al\u0131\u015fmalar\u0131m\u0131za ise devam etmekteyiz. 2005 y\u0131l\u0131nda b\u00f6lgemizde ODT\u00dc \u00fcniversitesi i\u015fbirli\u011fi ile kurulan Teknopark, \u00fclkemizde \u00fcniversiteler d\u0131\u015f\u0131nda faaliyete ba\u015flayan \u00fc\u00e7\u00fcnc\u00fc Teknopark konumunda olup, MTOSB Mersin Teknopark\u2019\u0131n y\u00fczde 29 hissedar\u0131d\u0131r. Ayn\u0131 zamanda 2019 Aral\u0131k ay\u0131nda T\u00fcrk Silahl\u0131 Kuvvetlerini G\u00fc\u00e7lendirme Vakf\u0131nda Fahri Tan\u0131t\u0131m Kurulu Ba\u015fkan\u0131 olarak se\u00e7ilerek bu g\u00f6revi gururla yerine getirmekteyim.  Her ge\u00e7en g\u00fcn \u00fcretimin artt\u0131\u011f\u0131 b\u00f6lgemizde enerji arz\u0131n\u0131n \u00f6neminin bilinciyle b\u00f6lgedeki at\u0131l arazileri GES tesislerine \u00e7evirdik ve bug\u00fcne kadar 51.7 MegaWatt kurulu g\u00fcce sahip bu yat\u0131r\u0131mlar\u0131 tamamlad\u0131k. \u015euanda, b\u00f6lgedeki enerji ihtiyac\u0131n\u0131n y\u00fczde 15\u2019ini g\u00fcne\u015ften kar\u015f\u0131lamaktay\u0131z.<\/p>\n<p>B\u00f6lgemizin \u00f6nem verdi\u011fi de\u011ferlerin ba\u015f\u0131nda e\u011fitim unsuru da yer al\u0131yor. Bu kapsamda b\u00f6lgemiz \u015fehrimizde yer alan d\u00f6rt \u00fcniversite ile dirsek temas\u0131nda olup, Toros \u00dcniversitesi M\u00fctevelli Heyet \u00dcyeli\u011fi g\u00f6revini y\u00fcr\u00fctmekteyim. Di\u011fer taraftan \u00fcreten ve E\u011fiten bir Organize Sanayi b\u00f6lgesi \u015fiar\u0131 ile ilerledi\u011fimiz \u00e7al\u0131\u015fmalar\u0131m\u0131zda 2011-2012 y\u0131l\u0131nda e\u011fitime ba\u015flayan \u00d6zel \u015ei\u015fecam Mesleki ve Teknik Anadolu Lisemizden binlerce \u00f6\u011frenci mezun ederek sanayicimizin nitelikli personel ihtiyac\u0131n\u0131 kar\u015f\u0131lamay\u0131 ba\u015fard\u0131k. Sanayicilerimiz bu \u00e7al\u0131\u015fmadan \u00e7ok memnun. Be\u015f b\u00f6l\u00fcmde e\u011fitime \u00f6\u011fretime devam eden lisemize yeni b\u00f6l\u00fcm olarak yaz\u0131l\u0131m b\u00f6l\u00fcm\u00fcn\u00fc eklemeyi hedefliyoruz. 2021 2022 e\u011fitim d\u00f6neminde ise Tarsus \u00dcniversitesi ile i\u015fbirli\u011fi yaparak b\u00f6lgemizde bir meslek y\u00fcksek okulu a\u00e7t\u0131k. Ayr\u0131ca, D\u00fcnya genelinde bilinen kodlama yar\u0131\u015fmas\u0131 olan FRC robot yar\u0131\u015fmas\u0131n\u0131 ulusal bazda \u015fehrimizde ger\u00e7ekle\u015ftirdik. \u00d6zel \u015ei\u015fecam Lisesi \u00f6\u011frencilerinin de kat\u0131ld\u0131\u011f\u0131 bu yar\u0131\u015fmaya 42 farkl\u0131 okul ve 600 \u00f6\u011frenci kat\u0131l\u0131m sa\u011flad\u0131 ve gen\u00e7ler t\u00fcm kodlama ve robotik kabiliyetlerini bu turnuvada sergiledi. Sanayinin kalbinde yeti\u015fen \u00f6\u011frencilerimizin teknoloji temelli bu e\u011fitim s\u00fcre\u00e7lerine \u00e7ok \u00f6nem veriyoruz.<\/p>\n<p>Organize Sanayi B\u00f6lgemizde e\u011fitimin tek unsuru nitelikli personel yeti\u015ftirmek de\u011fil, nitelikli personelin yan\u0131 s\u0131ra b\u00f6lgemizde faaliyete ba\u015flayan ve ge\u00e7en ay lansman\u0131n\u0131 ger\u00e7ekle\u015ftirdi\u011fimiz Model Fabrika ve Yenilik Merkezi ile sanayicilerimizin \u00fcst d\u00fczey y\u00f6neticilerine verimlilik ve inovasyon alanlar\u0131nda e\u011fitimler vererek, i\u015fletmelerin y\u00f6netsel becerilerini geli\u015ftirmeyi hedefliyoruz. \u00d6zellikle son y\u0131llarda d\u00fcnyam\u0131zda ticaret farkl\u0131 bir boyut kazand\u0131. Daha rekabet\u00e7i bir ortam\u0131n olu\u015ftu\u011fu yeni d\u00fcnya d\u00fczeninde bizler \u00fcreticilerimize Model Fabrika ve Yenilik Merkezi ile \u00fcretim s\u00fcre\u00e7lerini daha verimli y\u00f6netmelerini ve \u00fcr\u00fcnlerini geli\u015ftirmelerine imkan tan\u0131yoruz.<\/p>\n<p>Yerli ve milli firmalar\u0131m\u0131z\u0131, savunma sanayii, sivil havac\u0131l\u0131k ve uzay sekt\u00f6rlerinde \u00fcretim yapmaya te\u015fvik etmek ve y\u00f6nlendirme g\u00fcc\u00fcne sahip platforma olan SAHA \u0130STANBUL projesi bizler i\u00e7in g\u00fczel bir \u00f6rnek te\u015fkil etmektedir. \u0130limiz bu kapsamda Gaziantep ilimizde yap\u0131ld\u0131\u011f\u0131 gibi savunma sanayi ve havac\u0131l\u0131k sekt\u00f6r\u00fcn\u00fc geli\u015ftirmek ve yerlilik oran\u0131n\u0131n y\u00fckseltilmesi amac\u0131yla b\u00f6lgemiz firmalar ile birlikte \u00e7al\u0131\u015fmalar y\u00fcr\u00fctmek i\u00e7in MTOSB\u2019de bir SAHA ofisinin a\u00e7\u0131lmas\u0131 bizler i\u00e7in \u00e7ok k\u0131ymetli olacakt\u0131r. Bizlere ve sanayicilerimize bu kapsamda verece\u011finiz g\u00f6rev ve talimatlar bizler i\u00e7in hem gurur kayna\u011f\u0131 olacakt\u0131r hem de sanayicimizin b\u00fcy\u00fck heyecan ile katk\u0131 sa\u011flayaca\u011f\u0131 bu \u00e7al\u0131\u015fmalar, \u00fclkemize ve Mersin\u2019e g\u00fc\u00e7 katacakt\u0131r\u2019 dedi.<\/p>\n<p>Tekli konu\u015fmas\u0131n\u0131n devam\u0131nda, \u201c\u00dclkemizdeki \u015fuan savunma sanayi yerlilik oran\u0131 y\u00fczde 75-80\u2019lar civar\u0131nda ve \u00fclkemizin bu konuda belirledi\u011fi strateji y\u00fczde y\u00fcz yerlilik oran\u0131n\u0131 yakalamak olmas\u0131 sebebiyle Mersin sanayicisine b\u00fcy\u00fck i\u015f d\u00fc\u015fmektedir. D\u00fcnyan\u0131n en b\u00fcy\u00fck 100 savunma sanayi \u015firketi aras\u0131nda 7 T\u00fcrk firmas\u0131n\u0131n yer almas\u0131 bizi hem gururland\u0131r\u0131yor hem de bu \u00fclkenin insan\u0131n\u0131n potansiyeline \u0131\u015f\u0131k tutuyor. Tabi ki biz \u015fuan 7 olan bu firma say\u0131s\u0131n\u0131 ne kadar yukar\u0131 ta\u015f\u0131r\u0131z bunlar\u0131 hedeflemeliyiz. \u00c7\u00fcnk\u00fc geli\u015fen teknolojiye ayak uyduran yeni bir T\u00fcrkiye var. Her ge\u00e7en g\u00fcn b\u00fcy\u00fcyen savunma sanayi ve havac\u0131l\u0131k alan\u0131ndaki geli\u015fimler, ilimiz sanayicisini bu alanda yat\u0131r\u0131m yapmaya te\u015fvik ediyor. Kara, deniz ve havac\u0131l\u0131k ile alakal\u0131 t\u00fcm sekt\u00f6rlere \u00e7\u00f6z\u00fcmler \u00fcretebilecek ve i\u015fbirli\u011fi potansiyeli ta\u015f\u0131yan kabiliyete sahip b\u00f6lgemizde yer alan i\u015fletmelerimizin Savunma Sanayi nezdindeki YETEN ve EYDEP gibi programlara kat\u0131l\u0131m sa\u011flayarak ba\u015far\u0131l\u0131 firmalar aras\u0131nda yer alaca\u011f\u0131na inanmaktay\u0131m. Bu programlara kat\u0131lm\u0131\u015f olan b\u00f6lgemiz firmalar\u0131 savunma ve havac\u0131l\u0131k sekt\u00f6r\u00fcnde Roketsan, Makine Kimya, Tusa\u015f TE\u0130, BMC gibi firmalar ile halihaz\u0131rda \u00e7al\u0131\u015fmaktalar. Bu projelerde yer alan firmalar\u0131m\u0131z \u00e7al\u0131\u015fmalar\u0131 hakk\u0131nda deneyimlerini bizlerle payla\u015fmak isteyece\u011fine inan\u0131yorum. Sanayicimizin \u00fcretim kabiliyetinin her ge\u00e7en g\u00fcn artt\u0131\u011f\u0131n\u0131n \u00e7ok g\u00fczel bir \u00f6rne\u011fi olan bu \u00e7al\u0131\u015fmalar b\u00f6lgemiz firmalar\u0131na yol g\u00f6sterici olaca\u011f\u0131 inanc\u0131nday\u0131m. Bu duygu ve d\u00fc\u015f\u00fcnceler \u0131\u015f\u0131\u011f\u0131nda, bug\u00fcn te\u015frifiniz ile bizleri onurland\u0131rd\u0131n\u0131z. Son zamanlarda h\u0131zla b\u00fcy\u00fcmeye devam eden b\u00f6lgemize, sadece \u00fclke \u00e7ap\u0131nda de\u011fil d\u00fcnyan\u0131n d\u00f6rt bir yan\u0131na ihra\u00e7 etti\u011fimiz \u00fcr\u00fcnlerin yan\u0131 s\u0131ra Savunma Sanayii Ba\u015fkanl\u0131\u011f\u0131\u2019n\u0131n yol g\u00f6stericili\u011fi ile savunma sanayi alan\u0131nda da, ad\u0131n\u0131 duyuran \u00f6nemli sanayi b\u00f6lgelerinden biri olaca\u011f\u0131m\u0131z kan\u0131s\u0131nday\u0131m. \u00dclkemizin ve ilimizin daha fazla geli\u015fmesinde g\u00f6sterdi\u011finiz ilgi ve deste\u011fe te\u015fekk\u00fcr eder, sizlere \u015fahs\u0131m, sanayicilerim ve y\u00f6netim kurulum ad\u0131na sayg\u0131lar\u0131m\u0131 sunar\u0131m&#8221; dedi.<\/p>\n<p>Mersin b\u00f6lgesinde yap\u0131lmas\u0131 planlanan SAHA k\u00fcmelenmesi ile ilgili bilgiler veren Cumhurba\u015fkanl\u0131\u011f\u0131 Savunma Sanayii Ba\u015fkan\u0131 (SSB) Prof. Dr. \u0130smail Demir ise, &#8220;Cumhurba\u015fkanl\u0131\u011f\u0131 Savunma Sanayii b\u00fcnyesinde b\u00fcy\u00fcyen projeler, T\u00fcrkiye&#8217;nin savunma sanayi \u00e7al\u0131\u015fmalar\u0131nda T\u00fcrkiye&#8217;nin her t\u00fcrl\u00fc katma de\u011ferini kullanmak, bu yolculu\u011fu hep birlikte yapmak i\u00e7in buraday\u0131z. Bug\u00fcnk\u00fc ziyaretimizde savunma sanayi alan\u0131nda hizmet veren \u015firketlerimizin y\u00f6neticilerini sanayicilerimiz ile bulu\u015fturmak istedik. Sabri beyin bahsetti\u011fi SAHA k\u00fcmelenmesini ben \u015fu \u015fekilde anlatmak istiyorum; SAHA, \u0130stanbul b\u00f6lgesinde Savunma ve Havac\u0131l\u0131k K\u00fcmelenmesi ad\u0131yla ba\u015flad\u0131. \u0130stanbul b\u00f6lgesinde olduk\u00e7a yetkin bir savunma sanayii ve teknoloji alt yap\u0131s\u0131 var. Bu \u00e7al\u0131\u015fmalar\u0131n sadece \u0130stanbul ile s\u0131n\u0131rl\u0131 kalmamas\u0131 i\u00e7in Mersin, Antalya, Adana, Gaziantep, Kahramanmara\u015f gibi illerimiz bir araya gelerek k\u00fcmelenme olu\u015fturmal\u0131lar. B\u00f6ylece her b\u00f6lgede birer alt k\u00fcme olu\u015fturarak daha verim alabilece\u011fimizi d\u00fc\u015f\u00fcn\u00fcyoruz&#8221;  ifadelerini kulland\u0131.<\/p>\n<p>Yap\u0131lan konu\u015fmalar\u0131n ard\u0131ndan sanayiciler Ba\u015fkan Demir ve beraberindeki heyete sorular sorarak, yapt\u0131klar\u0131 \u00e7al\u0131\u015fmalar hakk\u0131nda bilgi verdiler.<\/p>\n","protected":false},"excerpt":{"rendered":"<p>Cumhurba\u015fkanl\u0131\u011f\u0131 Savunma Sanayii Ba\u015fkan\u0131 (SSB) Prof. Dr. \u0130smail Demir, beraberindeki heyet ile birlikte Mersin Tarsus Organize Sanayi B\u00f6lgesi\u2019nde (MTOSB) incelemelerde bulunarak sanayiciler ile bir araya geldi. Ger\u00e7ekle\u015ftirilen ziyarete Ba\u015fkan Demir&#8217;in &hellip; <a href=\"https:\/\/akdenizolaygazetesi.com\/?p=14894\" class=\"more-link\">Devam\u0131n\u0131 Oku&#8230;<\/a><\/p>\n","protected":false},"author":2,"featured_media":14895,"comment_status":"open","ping_status":"open","sticky":false,"template":"","format":"standard","meta":[],"categories":[8,1,2,3],"tags":[],"_links":{"self":[{"href":"https:\/\/akdenizolaygazetesi.com\/index.php?rest_route=\/wp\/v2\/posts\/14894"}],"collection":[{"href":"https:\/\/akdenizolaygazetesi.com\/index.php?rest_route=\/wp\/v2\/posts"}],"about":[{"href":"https:\/\/akdenizolaygazetesi.com\/index.php?rest_route=\/wp\/v2\/types\/post"}],"author":[{"embeddable":true,"href":"https:\/\/akdenizolaygazetesi.com\/index.php?rest_route=\/wp\/v2\/users\/2"}],"replies":[{"embeddable":true,"href":"https:\/\/akdenizolaygazetesi.com\/index.php?rest_route=%2Fwp%2Fv2%2Fcomments&post=14894"}],"version-history":[{"count":1,"href":"https:\/\/akdenizolaygazetesi.com\/index.php?rest_route=\/wp\/v2\/posts\/14894\/revisions"}],"predecessor-version":[{"id":14896,"href":"https:\/\/akdenizolaygazetesi.com\/index.php?rest_route=\/wp\/v2\/posts\/14894\/revisions\/14896"}],"wp:featuredmedia":[{"embeddable":true,"href":"https:\/\/akdenizolaygazetesi.com\/index.php?rest_route=\/wp\/v2\/media\/14895"}],"wp:attachment":[{"href":"https:\/\/akdenizolaygazetesi.com\/index.php?rest_route=%2Fwp%2Fv2%2Fmedia&parent=14894"}],"wp:term":[{"taxonomy":"category","embeddable":true,"href":"https:\/\/akdenizolaygazetesi.com\/index.php?rest_route=%2Fwp%2Fv2%2Fcategories&post=14894"},{"taxonomy":"post_tag","embeddable":true,"href":"https:\/\/akdenizolaygazetesi.com\/index.php?rest_route=%2Fwp%2Fv2%2Ftags&post=14894"}],"curies":[{"name":"wp","href":"https:\/\/api.w.org\/{rel}","templated":true}]}}