{"id":1490,"date":"2020-11-04T18:22:03","date_gmt":"2020-11-04T15:22:03","guid":{"rendered":"http:\/\/mersinekonomipolitikagazetesi.com\/?p=1490"},"modified":"2020-11-04T18:22:03","modified_gmt":"2020-11-04T15:22:03","slug":"mersin-barosundan-1-5000luk-imar-plan-degerlendirmesi","status":"publish","type":"post","link":"https:\/\/akdenizolaygazetesi.com\/?p=1490","title":{"rendered":"MERS\u0130N BAROSUNDAN 1\/5000\u2019L\u00dcK  \u0130MAR PLAN DE\u011eERLEND\u0130RMES\u0130"},"content":{"rendered":"<p>Mersin Barosu, B\u00fcy\u00fck\u015fehir Belediyesinin 1\/5000 \u00f6l\u00e7ekli Revizyon Naz\u0131m \u0130mar Plan\u0131n\u0131 de\u011ferlendirerek halk\u0131 bilgilendirmek ad\u0131na a\u00e7\u0131klamay\u0131 ger\u00e7ekle\u015ftirdi.<\/p>\n<blockquote type=\"cite\">\n<div dir=\"ltr\">\n<p><span style=\"font-size:16px;\">Mersin B\u00fcy\u00fck\u015fehir Belediyesinin 1\/5000 \u00f6l\u00e7ekli Revizyon Naz\u0131m \u0130mar Plan\u0131 onay\u0131ndan sonra bir\u00e7ok tepki ald\u0131. Mersin Baro Platformu ad\u0131na Baro Ba\u015fkan Aday\u0131 Av.Bilgin Ye\u015filbo\u011faz\u0131 ve avukatlar\u0131n kat\u0131l\u0131m\u0131yla Mersin Gazeteciler Cemiyetinde 1\/5000 \u00f6l\u00e7ekli imar hakk\u0131nda a\u00e7\u0131klama yapt\u0131.<\/span><\/p>\n<p>\u00a0<\/p>\n<p><span style=\"font-size:16px;\">A\u00e7\u0131klamay\u0131 d\u00fczenleyen Mersin barosu plan hakk\u0131nda halk\u0131 bilgilendirmek ad\u0131na ger\u00e7ekle\u015ftirdi. Plan\u0131n nelere sebep olaca\u011f\u0131 hakk\u0131nda bilgiler sunuldu.<\/span><\/p>\n<p>\u00a0<\/p>\n<p><span style=\"font-size:16px;\">Ki\u015fiye \u00f6zel de\u011fil, kamunun yarar\u0131na hareket edilmesi gerekti\u011fini belirtten Ye\u015filbo\u011faz\u0131, \u00f6ncelik olarak Mersin halk\u0131n\u0131 bilgilendirme ama\u00e7l\u0131 g\u00f6r\u00fc\u015f ve tespitlerini belirten a\u00e7\u0131klamay\u0131 bir g\u00f6rev saymakta oldu\u011funu ifade etti. Plan\u0131n\u00a0 \u015fehrin gelece\u011fine dair bir vizyon i\u00e7ermekten uzak olmas\u0131n\u0131n yan\u0131nda ya\u015fam kalitesini y\u00fckseltecek d\u00fczenlemelerin \u00e7ok az yada yetersiz oldu\u011funu g\u00f6zlemlediklerini kaydetti.<\/span><\/p>\n<p>\u00a0<\/p>\n<p><span style=\"font-size:16px;\">\u00a0\u201cHUKUK\u00c7ULARLA BERABER YAPTI\u011eIMIZ \u0130NCELEMELER\u0130M\u0130Z\u201d<\/span><\/p>\n<p>\u00a0<\/p>\n<p><span style=\"font-size:16px;\">Mersin B\u00fcy\u00fck\u015fehir Belediyesi taraf\u0131ndan haz\u0131rlanarak 09.02.2018 tarihinde ask\u0131ya \u00e7\u0131kar\u0131lan 1\/5000 \u00f6l\u00e7ekli Revizyon Naz\u0131m \u0130mar Plan\u0131 ile ilgili hukuk\u00e7ularla beraber incelemesini yapt\u0131klar\u0131n\u0131 dile getiren Ye\u015filbo\u011faz\u0131, \u201c3194 say\u0131l\u0131 \u0130mar Kanun\u2019unda belirtildi\u011fi gibi, \u00e7evre d\u00fczeni plan\u0131; \u00fclke ve b\u00f6lge plan kararlar\u0131na uygun olarak, sanayi, tar\u0131m, turizm, ula\u015f\u0131m gibi yerle\u015fme ve arazi kullan\u0131lmas\u0131 kararlar\u0131n\u0131 belirleyen pland\u0131r. Plan mek\u00e2nsal Planlar Yap\u0131m Y\u00f6netmeli\u011fi\u2019nin tan\u0131mlar ba\u015fl\u0131kl\u0131 4.maddesinin c bendinde \u00c7evre D\u00fczeni Plan\u0131: Varsa mek\u00e2nsal strateji planlar\u0131n\u0131n hedef ve strateji kararlar\u0131na uygun olarak orman, akarsu, g\u00f6l ve tar\u0131m arazileri gibi temel co\u011frafi verilerin g\u00f6sterildi\u011fi, kentsel ve k\u0131rsal yerle\u015fim, geli\u015fme alanlar\u0131, sanayi, turizm, tar\u0131m, ula\u015f\u0131m, enerji gibi sekt\u00f6rlere ili\u015fkin genel arazi kullan\u0131m kararlar\u0131n\u0131 belirleyen, yerle\u015fme ve sekt\u00f6rler aras\u0131nda ili\u015fkiler ile koruma-kullanma dengesini sa\u011flayan 1\/50.000 veya 1\/100.000 \u00f6l\u00e7ekteki haritalar \u00fczerinde \u00f6l\u00e7e\u011fine uygun g\u00f6sterim kullan\u0131larak b\u00f6lge, havza veya il d\u00fczeyinde haz\u0131rlanabilen, plan notlar\u0131 ve raporu ile yap\u0131lan planlard\u0131r.<\/span><\/p>\n<p><span style=\"font-size:16px;\">Plan kademelenmesi i\u00e7inde \u00c7evre D\u00fczeni Plan\u0131ndan sonra gelen naz\u0131m imar plan\u0131nda ise; yap\u0131la\u015fma esaslar\u0131, yo\u011funluklar, kullan\u0131mlar ile ula\u015f\u0131m sistemi bir\u00a0 b\u00fct\u00fcn olarak tan\u0131mlan\u0131r ve tasarlan\u0131r. Mek\u00e2nsal Planlar Yap\u0131m Y\u00f6netmeli\u011fi\u2019nin tan\u0131mlar ba\u015fl\u0131kl\u0131 4.maddesinde Naz\u0131m \u0130mar Plan\u0131 tan\u0131mlanmakta olup, bu plan\u0131n \u00fcst \u00f6l\u00e7ekli planlara uygun \u015fekilde ve alt plan kademelenmesine yol g\u00f6sterecek bi\u00e7imde haz\u0131rlanmas\u0131 esas\u0131 getirilmi\u015ftir.\u201d \u015feklinde konu\u015ftu.<\/span><\/p>\n<p><span style=\"font-size:16px;\">\u00a0\u00a0\u00a0\u00a0\u00a0\u00a0\u00a0\u00a0\u00a0\u00a0\u00a0\u00a0\u00a0\u00a0\u00a0\u00a0\u00a0\u00a0\u00a0\u00a0\u00a0\u00a0\u00a0\u00a0\u00a0\u00a0\u00a0<\/span><\/p>\n<p><span style=\"font-size:16px;\">\u201cYA\u015eAM KAL\u0130TES\u0130N\u0130 Y\u00dcKSELTECEK D\u00dcZENLEMELER \u00c7OK AZ\u201d<\/span><\/p>\n<p>\u00a0<\/p>\n<p><span style=\"font-size:16px;\">Bir proje ger\u00e7ekle\u015ftirilirken, t\u00fcm analizlerin ve m\u00fclkiyet durumun ara\u015ft\u0131r\u0131larak i\u015fleme ba\u015flan\u0131lmas\u0131 yani ki\u015fiye \u00f6zel de\u011fil, kamunun yarar\u0131na hareket edilmesi esas oldu\u011funu belirten Ye\u015filbo\u011faz\u0131, \u201cMersin B\u00fcy\u00fck\u015fehir Belediye Ba\u015fkanl\u0131\u011f\u0131 taraf\u0131ndan haz\u0131rlanan bu 1\/5000 \u00f6l\u00e7ekli Revizon Naz\u0131m \u0130mar Plan\u2019\u0131nda \u015fehrin gelece\u011fine dair bir vizyon i\u00e7ermekten uzak olmas\u0131n\u0131n yan\u0131nda ya\u015fam kalitesini y\u00fckseltecek d\u00fczenlemelerin \u00e7ok az yada yetersiz oldu\u011funu g\u00f6zlemlemekteyiz.\u201d dedi.<\/span><\/p>\n<p>\u00a0<\/p>\n<p><span style=\"font-size:16px;\">\u201cKAMUYA A\u015eIRI Y\u00dcK GET\u0130RECEK MAL\u0130YETLER DO\u011eURMASI\u201d<\/span><\/p>\n<p>\u00a0<\/p>\n<p><span style=\"font-size:16px;\">Ye\u015filbo\u011faz\u0131, t\u00fcm bu kriterler ba\u015fl\u0131\u011f\u0131 alt\u0131nda yap\u0131lacak de\u011ferlendirmeler sonucunda vard\u0131klar\u0131n\u0131 sonu\u00e7lar\u0131n\u0131 \u015f\u00f6yle ifade etti:\u00a0 \u201cKent i\u00e7inde yo\u011funlu\u011fu art\u0131rmas\u0131na kar\u015f\u0131n kent \u00e7evresindeki do\u011fal alanlar ile tar\u0131m alanlar\u0131 azaltan ve ye\u015fil alanlar\u0131 hatta dere yataklar\u0131n\u0131 yap\u0131la\u015fmaya a\u00e7an bir plan olmas\u0131, Kentsel yerle\u015fim alanlar\u0131ndan bir k\u0131sm\u0131n\u0131n BHA olarak\u00a0 i\u015faretlenmesine kar\u015f\u0131n BHA olarak g\u00f6sterilen baz\u0131 alanlar\u0131n(dere yataklar\u0131 dahil olmak \u00fczere)\u00a0 yap\u0131la\u015fmaya a\u00e7\u0131lmas\u0131 ve m\u00fclkiyet hakk\u0131 sahiplerine bu nedenle \u00f6denecek ve kamuya a\u015f\u0131r\u0131 y\u00fck getirecek maliyetler do\u011furmas\u0131 sebebiyle kamu kaynaklar\u0131n\u0131n etkin ve verimli kullan\u0131lmas\u0131 ilkesine ayk\u0131r\u0131 hareket edilmesi, Tarihi kent merkezine y\u00f6nelik plan karar\u0131 getirilmedi\u011finden \u00d6zel Proje ve Koruma \u0130mar Plan\u0131 a\u00e7\u0131s\u0131ndan Naz\u0131m \u0130mar Plan\u0131nda yer almayan kullan\u0131m kararlar\u0131n\u0131n n\u00fcfus, kamu tesisleri, tarihi doku ve ula\u015f\u0131m sistemi a\u00e7\u0131s\u0131ndan eksik kald\u0131\u011f\u0131, Ula\u015f\u0131m y\u00f6n\u00fcnden getirilen \u00e7\u00f6z\u00fcmlerin a\u015f\u0131r\u0131 maliyetli olmas\u0131 sebebiyle kamu kaynaklar\u0131n\u0131n verimli, ekonomik\u00a0 ve en uygun \u015fekilde kullan\u0131m\u0131 ilkesine ayk\u0131r\u0131 olaca\u011f\u0131.\u201d<\/span><\/p>\n<p>\u00a0<\/p>\n<p><span style=\"font-size:16px;\">\u201cPLANLARDAN \u0130PTAL \u00c7IKAB\u0130L\u0130R\u201d<\/span><\/p>\n<p>\u00a0<\/p>\n<p><span style=\"font-size:16px;\">Ye\u015filbo\u011faz\u0131: \u201c\u00c7evre ve \u015eehircilik Bakanl\u0131\u011f\u0131 taraf\u0131ndan onaylanan 1\/100.000 \u00f6l\u00e7ekli \u00c7evre D\u00fczeni Plan\u0131na ayk\u0131r\u0131 i\u015faretlemeler ve plan notlar\u0131 i\u00e7ermesi sebebiyle ; 3194 Say\u0131l\u0131 \u0130mar Kanun\u2019u ve Uygulama Y\u00f6netmelikleri ile Plan Yap\u0131m\u0131na ait Esaslara Dair Y\u00f6netmelikler y\u00f6n\u00fcnden, planlar aras\u0131nda olmas\u0131 gereken hiyerar\u015fik uyumun sa\u011flanmad\u0131\u011f\u0131 ve \u00fcst plana ayk\u0131r\u0131 bir revizyon plan\u0131 karar\u0131 al\u0131nmas\u0131 sebebiyle a\u00e7\u0131k\u00e7a yasaya ayk\u0131r\u0131 oldu\u011fu ve bu nedenle a\u00e7\u0131lacak davalar sonucunda 1\/5000 \u00f6l\u00e7ekli Naz\u0131m \u0130mar Plan\u0131\u2019n\u0131n\u00a0 iptali y\u00f6n\u00fcnde kararlar \u00e7\u0131kabilece\u011fi\u00a0 hususundaki endi\u015felerimizi kamuoyuna ve bilgilerinize sunar\u0131z.\u201d \u015feklinde konu\u015ftu.<\/span><\/p>\n<\/div>\n<\/blockquote>\n","protected":false},"excerpt":{"rendered":"<p>Mersin Barosu, B\u00fcy\u00fck\u015fehir Belediyesinin 1\/5000 \u00f6l\u00e7ekli Revizyon Naz\u0131m \u0130mar Plan\u0131n\u0131 de\u011ferlendirerek halk\u0131 bilgilendirmek ad\u0131na a\u00e7\u0131klamay\u0131 ger\u00e7ekle\u015ftirdi. Mersin B\u00fcy\u00fck\u015fehir Belediyesinin 1\/5000 \u00f6l\u00e7ekli Revizyon Naz\u0131m \u0130mar Plan\u0131 onay\u0131ndan sonra bir\u00e7ok tepki ald\u0131. &hellip; <a href=\"https:\/\/akdenizolaygazetesi.com\/?p=1490\" class=\"more-link\">Devam\u0131n\u0131 Oku&#8230;<\/a><\/p>\n","protected":false},"author":1,"featured_media":0,"comment_status":"open","ping_status":"open","sticky":false,"template":"","format":"standard","meta":[],"categories":[],"tags":[],"_links":{"self":[{"href":"https:\/\/akdenizolaygazetesi.com\/index.php?rest_route=\/wp\/v2\/posts\/1490"}],"collection":[{"href":"https:\/\/akdenizolaygazetesi.com\/index.php?rest_route=\/wp\/v2\/posts"}],"about":[{"href":"https:\/\/akdenizolaygazetesi.com\/index.php?rest_route=\/wp\/v2\/types\/post"}],"author":[{"embeddable":true,"href":"https:\/\/akdenizolaygazetesi.com\/index.php?rest_route=\/wp\/v2\/users\/1"}],"replies":[{"embeddable":true,"href":"https:\/\/akdenizolaygazetesi.com\/index.php?rest_route=%2Fwp%2Fv2%2Fcomments&post=1490"}],"version-history":[{"count":0,"href":"https:\/\/akdenizolaygazetesi.com\/index.php?rest_route=\/wp\/v2\/posts\/1490\/revisions"}],"wp:attachment":[{"href":"https:\/\/akdenizolaygazetesi.com\/index.php?rest_route=%2Fwp%2Fv2%2Fmedia&parent=1490"}],"wp:term":[{"taxonomy":"category","embeddable":true,"href":"https:\/\/akdenizolaygazetesi.com\/index.php?rest_route=%2Fwp%2Fv2%2Fcategories&post=1490"},{"taxonomy":"post_tag","embeddable":true,"href":"https:\/\/akdenizolaygazetesi.com\/index.php?rest_route=%2Fwp%2Fv2%2Ftags&post=1490"}],"curies":[{"name":"wp","href":"https:\/\/api.w.org\/{rel}","templated":true}]}}