{"id":14900,"date":"2021-10-27T12:17:18","date_gmt":"2021-10-27T09:17:18","guid":{"rendered":"http:\/\/akdenizolaygazetesi.com\/?p=14900"},"modified":"2021-10-27T12:17:18","modified_gmt":"2021-10-27T09:17:18","slug":"akdeniz-belediye-baskani-nusratiye-mahallesini-ziyaret-etti-hizmetleri-anlatti-vatandasi-dinledi","status":"publish","type":"post","link":"https:\/\/akdenizolaygazetesi.com\/?p=14900","title":{"rendered":"Akdeniz Belediye Ba\u015fkan\u0131;  Nusratiye Mahallesi\u2019ni ziyaret etti, hizmetleri anlatt\u0131, vatanda\u015f\u0131 dinledi"},"content":{"rendered":"<p>Ba\u015fkan Mustafa G\u00fcltak; mahalle ziyaretleri kapsam\u0131nda bu kez Nusratiye Mahallesi\u2019ne konuk oldu. Akdeniz\u2019e pozitif ayr\u0131mc\u0131l\u0131k yap\u0131lmas\u0131 \u00e7a\u011fr\u0131s\u0131n\u0131 yineleyen Ba\u015fkan G\u00fcltak; \u201cLiman, serbest b\u00f6lge, organize sanayi, hal bizde. Mersin\u2019in ticareti, ekonomisi Akdeniz\u2019de d\u00f6n\u00fcyor, para burada kazan\u0131l\u0131yor ama bu gelir il\u00e7emize yans\u0131m\u0131yor\u201d dedi.<br \/>\nZiyarete, AK Parti Akdeniz \u0130l\u00e7e Ba\u015fkan\u0131 Emin Gen\u00e7 ile ba\u015fkan yard\u0131mc\u0131lar\u0131 ve birim m\u00fcd\u00fcrleri de kat\u0131ld\u0131. Bulu\u015fmada ilk s\u00f6z alan Nusratiye Mahalle Muhtar\u0131 Mehmet Dindar, ziyareti nedeniyle Ba\u015fkan G\u00fcltak\u2019a te\u015fekk\u00fcr etti. Parklar\u0131n yenilenmesi ve mini basketbol sahas\u0131 yap\u0131lmas\u0131n\u0131 isteyen Muhtar Dindar; \u201cHerkese g\u00f6nl\u00fc a\u00e7\u0131k olan, her yere yeti\u015fip herkesi dinlemeye \u00e7al\u0131\u015fan bir Ba\u015fkan\u0131m\u0131z var. Diledi\u011fimizde an\u0131nda ula\u015f\u0131p t\u00fcm s\u0131k\u0131nt\u0131lar\u0131m\u0131z\u0131 kolayl\u0131kla aktarabiliyoruz. Gecesini g\u00fcnd\u00fcz\u00fcne kat\u0131p \u00f6zveriyle \u00e7al\u0131\u015fan Say\u0131n Ba\u015fkan\u0131m\u0131za te\u015fekk\u00fcrlerimi sunuyorum\u201d dedi.<br \/>\n\u201cKentin ticareti Akdeniz\u2019de d\u00f6n\u00fcyor ama il\u00e7eye yans\u0131m\u0131yor\u201d<br \/>\nAkdeniz Belediye Ba\u015fkan\u0131 M. Mustafa G\u00fcltak ise konu\u015fmas\u0131nda, ge\u00e7mi\u015fte her alanda ihmal edilen Akdeniz il\u00e7esine pozitif ayr\u0131mc\u0131l\u0131k yap\u0131lmas\u0131 \u00e7a\u011fr\u0131s\u0131n\u0131 yineledi. Se\u00e7imlerin \u00fczerinden ge\u00e7en 2 bu\u00e7uk y\u0131lda Akdeniz\u2019e devrim niteli\u011finde projeler kazand\u0131rd\u0131klar\u0131n\u0131 vurgulayan Ba\u015fkan G\u00fcltak; \u015f\u00f6yle konu\u015ftu;<br \/>\n\u201cB\u00fcy\u00fck\u015fehir nezdinde de \u00e7al\u0131\u015fmalar\u0131 oluyor ama Akdeniz\u2019e pozitif ayr\u0131mc\u0131l\u0131k istiyoruz. Akdeniz\u2019in buna ihtiyac\u0131 var. Kimse bana k\u0131zmas\u0131n ama hizmet, altyap\u0131 ve imar konusunda bir s\u0131ralama, bir anket yapsak, uzman bir heyet olu\u015fturup \u2018Mersin il\u00e7elerini gezip; n\u00fcfusu, geliri ve konumuna g\u00f6re de\u011ferlendirin. En geri kalm\u0131\u015f hangisi?\u2019 desek; a\u00e7\u0131k ara Akdeniz \u00e7\u0131kar. Neden mi? Liman, serbest b\u00f6lge, organize sanayi ve hal kompleksi bizde\u2026 \u0130\u015f insanlar\u0131na tak\u0131l\u0131yorum; \u2018Paray\u0131 Akdeniz\u2019de kazan\u0131yorsunuz ama Yeni\u015fehir\u2019de, Mezitli\u2019de harc\u0131yorsunuz\u201d diyorum. Ekonomi Akdeniz\u2019de d\u00f6n\u00fcyor, para burada kazan\u0131l\u0131yor, devletin vergisinin \u00e7o\u011fu buradan kazan\u0131l\u0131yor ama altyap\u0131 eksik, \u00fcstyap\u0131 s\u0131k\u0131nt\u0131, imar konusu ve ka\u00e7ak yap\u0131 stoku ise tamamen s\u0131k\u0131nt\u0131. Dolay\u0131s\u0131yla pozitif ayr\u0131mc\u0131l\u0131k talebimizin bir nedeni, bir altl\u0131\u011f\u0131 var. Akdeniz farkl\u0131, farkl\u0131 olmaya da devam edecek.\u201d<br \/>\n\u201cAkdeniz\u2019de de\u011fi\u015fim ve d\u00f6n\u00fc\u015f\u00fcm\u00fc ba\u015flatt\u0131k\u201d<br \/>\nNusratiye Mahallesi\u2019nin, kentin ortas\u0131nda kalm\u0131\u015f eski bir yerle\u015fim alan\u0131 oldu\u011funu kaydeden Ba\u015fkan G\u00fcltak; \u201cAkdeniz\u2019in hemen t\u00fcm mahalleleri 50 ila 100 ya\u015f\u0131nda.  Dolay\u0131s\u0131yla imar sorunlar\u0131 ve ka\u00e7ak yap\u0131 ile m\u00fccadele gerekti\u011fi gibi yap\u0131lmad\u0131\u011f\u0131 i\u00e7in bu sorunlar da \u00fcst \u00fcste birikmi\u015f. Bunun \u00e7\u00f6z\u00fcm\u00fc ne? Tek \u00e7\u00f6z\u00fcm, yerinde kentsel d\u00f6n\u00fc\u015f\u00fcm\u2026 Bu yap\u0131lmad\u0131\u011f\u0131 s\u00fcrece, \u2018mahallelerimizin sorunlar\u0131n\u0131 \u00e7\u00f6zebiliriz\u2019 diyemeyiz. Y\u0131llard\u0131r bir \u015fey de\u011fi\u015fmedi, bir 25 y\u0131l daha ge\u00e7se yine de\u011fi\u015fmeyecek. Biz Akdeniz\u2019de \u015fu an de\u011fi\u015fimi ba\u015flatt\u0131k ama bunun i\u00e7in uzun bir s\u00fcre\u00e7 laz\u0131m. B\u00fcy\u00fck\u015fehir ve il\u00e7e belediyelerinde de bizim gibi d\u00fc\u015f\u00fcnen insanlara, y\u00f6neticilere ihtiya\u00e7 var\u201d \u015feklinde konu\u015ftu.<br \/>\n\u201cHalk\u0131m\u0131zdan ald\u0131\u011f\u0131m\u0131z g\u00fc\u00e7le Akdeniz\u2019de de\u011fi\u015fim ve d\u00f6n\u00fc\u015f\u00fcm\u00fc ba\u015flatt\u0131k\u201d<br \/>\nKonu\u015fmas\u0131n\u0131n devam\u0131nda, Bar\u0131\u015f Mahallesi\u2019nde ba\u015flayan yerinde kentsel d\u00f6n\u00fc\u015f\u00fcm projesi hakk\u0131nda bilgi veren Ba\u015fkan G\u00fcltak; \u201cMahalle sakinlerinin y\u00fczde 87\u2019si ile anla\u015fma sa\u011fland\u0131. Tapu devirlerinde de y\u00fczde 75\u2019e ula\u015ft\u0131k. Bar\u0131\u015f Mahallesi\u2019nin y\u0131k\u0131l\u0131p, burada kentsel d\u00f6n\u00fc\u015f\u00fcm\u00fcn ba\u015flayaca\u011f\u0131n\u0131 hayal eder miydiniz? \u0130nsanlar\u0131n g\u00f6nl\u00fcn\u00fc yapmak, t\u00fcm hissedarlar\u0131 bir araya getirmek kolay m\u0131? De\u011fil\u2026 Ama Allah\u2019\u0131n izniyle, \u00e7al\u0131\u015farak ve vatanda\u015flar\u0131m\u0131zdan ald\u0131\u011f\u0131m\u0131z g\u00fc\u00e7le biz ba\u015fard\u0131k. Ankara\u2019n\u0131n ve te\u015fkilatlar\u0131m\u0131z\u0131n deste\u011fiyle ba\u015fard\u0131k. Nasip olursa, y\u0131lba\u015f\u0131nda da Bar\u0131\u015f Mahallemizde temel ataca\u011f\u0131z. Se\u00e7imler gelmeden 400 k\u00fcsur konutu, i\u015fyerlerini, kre\u015fi, cami ve k\u00fclt\u00fcr merkezimizi hayata ge\u00e7irmi\u015f olaca\u011f\u0131z. Bar\u0131\u015f Mahallesi, yepyeni bir mahalle oluyor. \u0130nan\u0131r ve \u00e7al\u0131\u015f\u0131rsan\u0131z her \u015fey olur\u201d ifadelerini kulland\u0131.<br \/>\n\u201cAkdeniz i\u00e7in hayallerimiz ve projelerimiz vard\u0131\u201d<br \/>\nTurgut Reis Mahallesi&#8217;nde de y\u0131lba\u015f\u0131ndan sonra kentsel d\u00f6n\u00fc\u015f\u00fcm projesinin start alaca\u011f\u0131n\u0131 belirten Ba\u015fkan G\u00fcltak, \u201c\u00c7ay Mahallesi\u2019nde yeni yap\u0131lan konutlar bitti. \u0130ki-\u00fc\u00e7 ay i\u00e7inde de konutlar\u0131 hak sahiplerine teslim etmeye ba\u015flayaca\u011f\u0131z. G\u00f6reve gelir gelmez bu i\u015fleri ele ald\u0131\u011f\u0131m\u0131z i\u00e7in ba\u015fard\u0131k. Se\u00e7ildi\u011fimiz andan itibaren neler yapaca\u011f\u0131m\u0131z\u0131 planlam\u0131\u015ft\u0131k. Ekibimizi kurduk, projeleri haz\u0131rlad\u0131k ve h\u0131zl\u0131 \u015fekilde hayata ge\u00e7irdik. \u00c7\u00fcnk\u00fc bizim hayallerimiz ve projelerimiz haz\u0131rd\u0131. Kentsel d\u00f6n\u00fc\u015f\u00fcm\u00fc \u00c7ay Mahallesi\u2019nden ba\u015flatt\u0131k; Bar\u0131\u015f ve Turgut Reis mahallerinde de devam ediyoruz. Bah\u00e7e ve di\u011fer baz\u0131 mahalleli vatanda\u015flar, \u2018biz de kentsel d\u00f6n\u00fc\u015f\u00fcm istiyoruz\u2019 diyorlar. Fakat b\u00f6ylesi b\u00fcy\u00fck projeleri ger\u00e7ekle\u015ftirmek i\u00e7in 5 y\u0131ldan uzun bir zamana ihtiya\u00e7 var. Yeniden se\u00e7ilip g\u00f6reve gelirsem, kentsel d\u00f6n\u00fc\u015f\u00fcme ihtiya\u00e7 duyan di\u011fer mahallelerle devam ederim. \u015eehrin gelece\u011fi bizim kaderimizden daha \u00f6nemli. Gelin hep birlikte \u015fehrimizin kaderini de\u011fi\u015ftirelim\u201d diye konu\u015ftu.<br \/>\n\u201cNusratiye\u2019ye sunulan hizmet ve \u00e7al\u0131\u015fmalar\u201d<br \/>\n\u201cAkdeniz deyince, akla art\u0131k bar\u0131\u015f, huzur, karde\u015flik ve g\u00fcven geliyor\u201d diyen Ba\u015fkan Mustafa G\u00fcltak, Nusratiye Mahallesi\u2019ne y\u00f6nelik hizmetleri de aktard\u0131\u011f\u0131 a\u00e7\u0131klamas\u0131n\u0131 \u015f\u00f6yle bitirdi; \u201cMahalleli gen\u00e7ler ve \u00e7ocuklar\u0131n ders \u00e7al\u0131\u015fabilece\u011fi, et\u00fct yap\u0131p s\u0131navlara haz\u0131rlanabilecekleri, k\u00fct\u00fcphanesi, interneti, masas\u0131, sandalyesi, \u00e7ay\u0131 ve suyu olan sakin ve nezih bir mek\u00e2n\u0131 mahalleye kazand\u0131rd\u0131k. Se\u00e7ilir se\u00e7ilmez ba\u015flatt\u0131\u011f\u0131m\u0131z Ho\u015f Geldin Bebek Projesi ile mahallemizde 89 bebe\u011fimize ve annesine ula\u015fm\u0131\u015f\u0131z. Kanser hastalar\u0131na \u00fccretsiz servis hizmeti verdi\u011fimiz Onkob\u00fcs hizmeti ile Nusratiye\u2019de 5 hastam\u0131za 58 kez hizmet vermi\u015fiz. Sosyal belediyecilik ilkesiyle mahallemizde bir\u00e7ok ya\u015fl\u0131, engelli ve kimsesiz vatanda\u015f\u0131m\u0131za periyodik evde bak\u0131m ve temizlik hizmeti veriyoruz. \u00dccretsiz e\u011fitim portal\u0131 ve s\u0131nava haz\u0131rl\u0131k setleri da\u011f\u0131tarak, e\u011fitimde f\u0131rsat e\u015fitli\u011fi sa\u011flad\u0131k, y\u00fczlerce gencimizin, istedi\u011fi \u00fcniversiteleri ve b\u00f6l\u00fcmleri kazanmalar\u0131na katk\u0131 sunduk. Akdeniz\u2019e, 2 y\u0131l i\u00e7inde 6 yeni okul yap\u0131lmas\u0131 i\u00e7in gerekli giri\u015fimleri ba\u015flatt\u0131k, planlamas\u0131 haz\u0131r.\u201d<br \/>\nAkdeniz Belediye Ba\u015fkan\u0131 Mustafa G\u00fcltak, konu\u015fmas\u0131ndan sonra k\u0131sa s\u00fcre sonra kullan\u0131lmaya ba\u015flanacak olan Nusratiye Mahalle Muhtarl\u0131\u011f\u0131&#8217;n\u0131n yeni binas\u0131n\u0131 da gezdi. \u00c7ok ama\u00e7l\u0131 olarak kullan\u0131lmas\u0131 planlanan yerde et\u00fct merkezi ve k\u00fclt\u00fcrel etkinliklerin de yap\u0131laca\u011f\u0131 bildirildi. Ba\u015fkan G\u00fcltak daha sonra mahalle sakini vatanda\u015flar ve esnaf\u0131n dile getirdi\u011fi talep ve s\u0131k\u0131nt\u0131lar\u0131n\u0131 dinleyip not ald\u0131, birim m\u00fcd\u00fcrlerine talimat verdi.<\/p>\n","protected":false},"excerpt":{"rendered":"<p>Ba\u015fkan Mustafa G\u00fcltak; mahalle ziyaretleri kapsam\u0131nda bu kez Nusratiye Mahallesi\u2019ne konuk oldu. Akdeniz\u2019e pozitif ayr\u0131mc\u0131l\u0131k yap\u0131lmas\u0131 \u00e7a\u011fr\u0131s\u0131n\u0131 yineleyen Ba\u015fkan G\u00fcltak; \u201cLiman, serbest b\u00f6lge, organize sanayi, hal bizde. Mersin\u2019in ticareti, ekonomisi &hellip; <a href=\"https:\/\/akdenizolaygazetesi.com\/?p=14900\" class=\"more-link\">Devam\u0131n\u0131 Oku&#8230;<\/a><\/p>\n","protected":false},"author":2,"featured_media":14901,"comment_status":"open","ping_status":"open","sticky":false,"template":"","format":"standard","meta":[],"categories":[1,3,5],"tags":[],"_links":{"self":[{"href":"https:\/\/akdenizolaygazetesi.com\/index.php?rest_route=\/wp\/v2\/posts\/14900"}],"collection":[{"href":"https:\/\/akdenizolaygazetesi.com\/index.php?rest_route=\/wp\/v2\/posts"}],"about":[{"href":"https:\/\/akdenizolaygazetesi.com\/index.php?rest_route=\/wp\/v2\/types\/post"}],"author":[{"embeddable":true,"href":"https:\/\/akdenizolaygazetesi.com\/index.php?rest_route=\/wp\/v2\/users\/2"}],"replies":[{"embeddable":true,"href":"https:\/\/akdenizolaygazetesi.com\/index.php?rest_route=%2Fwp%2Fv2%2Fcomments&post=14900"}],"version-history":[{"count":1,"href":"https:\/\/akdenizolaygazetesi.com\/index.php?rest_route=\/wp\/v2\/posts\/14900\/revisions"}],"predecessor-version":[{"id":14902,"href":"https:\/\/akdenizolaygazetesi.com\/index.php?rest_route=\/wp\/v2\/posts\/14900\/revisions\/14902"}],"wp:featuredmedia":[{"embeddable":true,"href":"https:\/\/akdenizolaygazetesi.com\/index.php?rest_route=\/wp\/v2\/media\/14901"}],"wp:attachment":[{"href":"https:\/\/akdenizolaygazetesi.com\/index.php?rest_route=%2Fwp%2Fv2%2Fmedia&parent=14900"}],"wp:term":[{"taxonomy":"category","embeddable":true,"href":"https:\/\/akdenizolaygazetesi.com\/index.php?rest_route=%2Fwp%2Fv2%2Fcategories&post=14900"},{"taxonomy":"post_tag","embeddable":true,"href":"https:\/\/akdenizolaygazetesi.com\/index.php?rest_route=%2Fwp%2Fv2%2Ftags&post=14900"}],"curies":[{"name":"wp","href":"https:\/\/api.w.org\/{rel}","templated":true}]}}