{"id":14909,"date":"2021-10-27T12:22:04","date_gmt":"2021-10-27T09:22:04","guid":{"rendered":"http:\/\/akdenizolaygazetesi.com\/?p=14909"},"modified":"2021-10-27T12:22:04","modified_gmt":"2021-10-27T09:22:04","slug":"merciden-kirsalda-yasayan-ogrenciler-icin-dolu-dolu-gezi-programi","status":"publish","type":"post","link":"https:\/\/akdenizolaygazetesi.com\/?p=14909","title":{"rendered":"MERC\u0130\u2019DEN KIRSALDA YA\u015eAYAN \u00d6\u011eRENC\u0130LER \u0130\u00c7\u0130N DOLU DOLU GEZ\u0130 PROGRAMI"},"content":{"rendered":"<p>Mersin B\u00fcy\u00fck\u015fehir Belediyesi Sosyal Hizmetler Dairesi b\u00fcnyesinde hizmet veren MERC\u0130 \u00d6\u011frenci Dan\u0131\u015fmanl\u0131k Merkezi, k\u0131rsalda ya\u015fayan ve daha \u00f6nce hi\u00e7 Mersin\u2019in merkezini g\u00f6rmeyen \u00e7ocuklara y\u00f6nelik bir proje ba\u015flatt\u0131. Dezavantajl\u0131 mahallelerdeki \u00e7ocuklara y\u00f6nelik proje kapsam\u0131nda \u00f6\u011frencilerin Mersin\u2019in tarihi ve turistik yerlerini g\u00f6rmelerine olanak sa\u011flan\u0131yor. \u0130lki 29 Ekim Cumhuriyet Bayram\u0131 \u00f6ncesinde d\u00fczenlenen geziye 15 \u00f6\u011frenci kat\u0131ld\u0131.<br \/>\n\u00c7ocuklar keyifli bir g\u00fcn ge\u00e7irdi<br \/>\nToroslar il\u00e7esinin Doruklu Mahallesi\u2019nden al\u0131nan \u00e7ocuklar, ilk olarak MERC\u0130 \u00d6\u011frenci Dan\u0131\u015fmanl\u0131k Merkezi\u2019ne getirildi. Ard\u0131ndan Atat\u00fcrk Evi ve M\u00fczesi\u2019ni gezen \u00e7ocuklar, Tarsusi Kafe\u2019de \u00f6\u011fle yeme\u011fi yedi. \u00c7ocuklar daha sonra gezi kapsam\u0131nda Arkeoloji M\u00fczesi\u2019ni gezerek, oradan da B\u00fcy\u00fck\u015fehir Belediyesi Etkinlik ve Sanat Merkezi\u2019ne gitti.  Burada yer alan Survivor Parkuru\u2019nda e\u011flenceli zaman ge\u00e7iren \u00e7ocuklar son olarak Limon Kafe\u2019de dinlendi. Ayr\u0131ca \u00e7ocuklara B\u00fcy\u00fck\u015fehir Belediyesi taraf\u0131ndan k\u0131rtasiye seti de hediye edildi.<br \/>\nKaraku\u015f: \u201cDezavantajl\u0131 b\u00f6lgedeki \u00e7ocuklar\u0131m\u0131za Mersinimizi tan\u0131t\u0131yoruz\u201d<br \/>\nSosyal Hizmetler Dairesi Ba\u015fkanl\u0131\u011f\u0131 E\u011fitim Hizmetleri \u015eube M\u00fcd\u00fcr\u00fc Cem Karaku\u015f, \u00f6\u011frencilere e\u011fitimin yan\u0131 s\u0131ra psikolojik destekte de bulunduklar\u0131n\u0131 s\u00f6yledi. K\u0131rsal Mahalle Okulundan Merkeze \u00d6\u011frenci Getirme Projesi\u2019nin detaylar\u0131n\u0131 anlatan Karaku\u015f, \u201cDezavantajl\u0131 b\u00f6lgedeki \u00e7ocuklar\u0131m\u0131z\u0131 al\u0131p, sosyalle\u015fmeleri i\u00e7in Mersinimizi tan\u0131t\u0131yoruz. G\u00f6rd\u00fc\u011f\u00fcm\u00fcz kadar\u0131yla \u00e7ocuklar\u0131m\u0131z \u00e7ok mutlu. Daha yeni yeni merkezimizi g\u00f6ren \u00f6\u011frencilerimiz de var. Biz bunu rutine bindirmek istiyoruz. 2 haftada veya 3 haftada bir yapaca\u011f\u0131z. \u0130htiya\u00e7 olan di\u011fer il\u00e7elerimizdeki \u00e7ocuklar\u0131m\u0131z\u0131 al\u0131p bu \u015fekilde merkezimizi tan\u0131taca\u011f\u0131z\u201d dedi.<br \/>\nDin\u00e7er: \u201c\u00c7ocuklar\u0131m\u0131z\u0131n tarihi ve k\u00fclt\u00fcrel de\u011ferlerimizi g\u00f6rmelerini istiyoruz\u201d<br \/>\nMERC\u0130 \u00d6\u011frenci Dan\u0131\u015fmanl\u0131k Merkezi\u2019nde Sosyal Hizmet Uzman\u0131 olarak g\u00f6rev yapan Ceyda Din\u00e7er, projeyi hizmete eri\u015fimi zor olan \u00e7ocuklara y\u00f6nelik ger\u00e7ekle\u015ftirdiklerini ifade ederek, \u201cE\u011fitim tabii ki \u00e7ok \u00f6nemli. Akademik anlamda yanlar\u0131nda olmam\u0131z \u00e7ok \u00f6nemli ama bunun d\u0131\u015f\u0131nda de\u011ferlerimizi de g\u00f6rs\u00fcnler istiyoruz. Hen\u00fcz k\u0131rsal mahallede ya\u015fad\u0131\u011f\u0131 i\u00e7in sahile gelme f\u0131rsat\u0131 bulamam\u0131\u015f ya da tarihi ve k\u00fclt\u00fcrel de\u011ferlerimizi g\u00f6rme \u015fans\u0131na eri\u015fememi\u015f \u00f6\u011frencilerimiz de var. Bizim hedefimiz bu \u00f6\u011frencilerimizi zamanla merkezimize getirmek\u201d diye konu\u015ftu.<br \/>\nGeziye kat\u0131lan \u00e7ocuklar merkezden mutlu ayr\u0131ld\u0131<br \/>\nAtat\u00fcrk Evi\u2019ni ilk kez gezdi\u011fini s\u00f6yleyen \u015eeng\u00fcl Ko\u00e7, \u201cBuras\u0131 \u00e7ok g\u00fczel. An\u0131tkabir\u2019in maketi var, bir s\u00fcr\u00fc Atat\u00fcrk\u2019\u00fcn evini anlatan posterler, tablolar var. Atat\u00fcrk\u2019\u00fcn yapt\u0131\u011f\u0131 i\u015fleri anlatan tablolar var. \u0130lk kez g\u00f6rd\u00fcm ve \u00e7ok g\u00fczel. Mersin merkezde oldu\u011fum i\u00e7in \u00e7ok mutluyum\u201d dedi.<br \/>\nEfecan Koca ise Atat\u00fcrk Evi\u2019ni ve m\u00fczeleri ilk kez g\u00f6rd\u00fc\u011f\u00fcn\u00fc s\u00f6yleyerek, \u201cBuralar \u00e7ok g\u00fczel. \u00c7ok mutlu etti beni. Eski zamandan kalm\u0131\u015f e\u015fyalar vard\u0131, heykeller var, \u00e7ok g\u00fczeller\u201d diye konu\u015ftu. Ahmet Elhasan ise \u201cBiz buray\u0131 \u00e7ok sevdik. \u00d6\u011fretmenlerle tan\u0131\u015ft\u0131k, bize hediyeler verdiler, satran\u00e7 oynad\u0131k, m\u00fczeyi gezdik. Burada bir\u00e7ok \u015fey g\u00f6rd\u00fck. Herkesle burada \u00e7ok mutluyum. Her \u015fey \u00e7ok g\u00fczeldi\u201d diye konu\u015ftu.<\/p>\n","protected":false},"excerpt":{"rendered":"<p>Mersin B\u00fcy\u00fck\u015fehir Belediyesi Sosyal Hizmetler Dairesi b\u00fcnyesinde hizmet veren MERC\u0130 \u00d6\u011frenci Dan\u0131\u015fmanl\u0131k Merkezi, k\u0131rsalda ya\u015fayan ve daha \u00f6nce hi\u00e7 Mersin\u2019in merkezini g\u00f6rmeyen \u00e7ocuklara y\u00f6nelik bir proje ba\u015flatt\u0131. Dezavantajl\u0131 mahallelerdeki \u00e7ocuklara &hellip; <a href=\"https:\/\/akdenizolaygazetesi.com\/?p=14909\" class=\"more-link\">Devam\u0131n\u0131 Oku&#8230;<\/a><\/p>\n","protected":false},"author":2,"featured_media":14910,"comment_status":"open","ping_status":"open","sticky":false,"template":"","format":"standard","meta":[],"categories":[3,5],"tags":[],"_links":{"self":[{"href":"https:\/\/akdenizolaygazetesi.com\/index.php?rest_route=\/wp\/v2\/posts\/14909"}],"collection":[{"href":"https:\/\/akdenizolaygazetesi.com\/index.php?rest_route=\/wp\/v2\/posts"}],"about":[{"href":"https:\/\/akdenizolaygazetesi.com\/index.php?rest_route=\/wp\/v2\/types\/post"}],"author":[{"embeddable":true,"href":"https:\/\/akdenizolaygazetesi.com\/index.php?rest_route=\/wp\/v2\/users\/2"}],"replies":[{"embeddable":true,"href":"https:\/\/akdenizolaygazetesi.com\/index.php?rest_route=%2Fwp%2Fv2%2Fcomments&post=14909"}],"version-history":[{"count":1,"href":"https:\/\/akdenizolaygazetesi.com\/index.php?rest_route=\/wp\/v2\/posts\/14909\/revisions"}],"predecessor-version":[{"id":14911,"href":"https:\/\/akdenizolaygazetesi.com\/index.php?rest_route=\/wp\/v2\/posts\/14909\/revisions\/14911"}],"wp:featuredmedia":[{"embeddable":true,"href":"https:\/\/akdenizolaygazetesi.com\/index.php?rest_route=\/wp\/v2\/media\/14910"}],"wp:attachment":[{"href":"https:\/\/akdenizolaygazetesi.com\/index.php?rest_route=%2Fwp%2Fv2%2Fmedia&parent=14909"}],"wp:term":[{"taxonomy":"category","embeddable":true,"href":"https:\/\/akdenizolaygazetesi.com\/index.php?rest_route=%2Fwp%2Fv2%2Fcategories&post=14909"},{"taxonomy":"post_tag","embeddable":true,"href":"https:\/\/akdenizolaygazetesi.com\/index.php?rest_route=%2Fwp%2Fv2%2Ftags&post=14909"}],"curies":[{"name":"wp","href":"https:\/\/api.w.org\/{rel}","templated":true}]}}