{"id":14915,"date":"2021-10-27T12:25:25","date_gmt":"2021-10-27T09:25:25","guid":{"rendered":"http:\/\/akdenizolaygazetesi.com\/?p=14915"},"modified":"2021-10-27T12:25:25","modified_gmt":"2021-10-27T09:25:25","slug":"amac-psikolojik-saglamlik-duzeylerini-arttirip-zorluklarla-basa-cikabilme-becerisi-gelistirmek","status":"publish","type":"post","link":"https:\/\/akdenizolaygazetesi.com\/?p=14915","title":{"rendered":"Ama\u00e7, psikolojik sa\u011flaml\u0131k d\u00fczeylerini artt\u0131r\u0131p zorluklarla ba\u015fa \u00e7\u0131kabilme becerisi geli\u015ftirmek"},"content":{"rendered":"<p>Akdeniz Belediyesi K\u00fclt\u00fcr ve Sosyal \u0130\u015fler M\u00fcd\u00fcrl\u00fc\u011f\u00fc\u2019ne ba\u011fl\u0131 K\u00fclt\u00fcr ve Sanat Evleri\u2019nde; belediyenin uzman psikologlar\u0131 e\u015fli\u011finde, \u00e7ocuk ve ergenlerin psikolojik sa\u011flaml\u0131k d\u00fczeyleri ile \u00e7e\u015fitli zorluklarla ba\u015fa \u00e7\u0131kabilme \u00f6zelliklerinin geli\u015ftirilmesi amac\u0131yla, \u201c\u00c7ocuk ve Ergenlik Program\u0131\u201d uygulanmaya ba\u015flad\u0131.<\/p>\n<p>\u00c7ocuk ve ergenlerin psikolojik sa\u011flaml\u0131k, sosyal beceri ve ba\u015fa \u00e7\u0131kma \u00f6zelliklerinin desteklenmesi amac\u0131yla geli\u015ftirilmi\u015f deneysel, \u00e7ok boyutlu ve interaktif bir psiko-e\u011fitim program\u0131 olan \u00c7ocuk ve Ergenlik Program\u0131; Akdeniz Belediyesi K\u00fclt\u00fcr ve Sosyal \u0130\u015fler M\u00fcd\u00fcrl\u00fc\u011f\u00fc\u2019ne ba\u011fl\u0131 K\u00fclt\u00fcr ve Sanat Evleri\u2019nde uygulanmaya ba\u015fland\u0131.<br \/>\nPrograma, ebeveynler de \u00e7ocuklar\u0131yla birlikte kat\u0131l\u0131yor<br \/>\nHem \u00e7ocuklar\u0131n hem de ebeveynlerin kat\u0131ld\u0131\u011f\u0131 ve d\u00fcnya \u00e7ap\u0131nda 7 farkl\u0131 \u00fclkede uygulanan bu program ile \u00e7ocuk ve ergenlerin psikolojik sa\u011flaml\u0131k, sosyal beceri ve ba\u015fa \u00e7\u0131kma \u00f6zelliklerinin desteklenmesi ama\u00e7lan\u0131yor. Program kapsam\u0131nda 10 \u00e7ocuk mod\u00fcl\u00fc ve 4 ebeveyn mod\u00fcl\u00fc bulunurken, ilk olarak ebeveynler ile bireysel g\u00f6r\u00fc\u015fmeler yap\u0131ld\u0131 ve \u00e7ocuklar ile ilk oturum ger\u00e7ekle\u015ftirildi.<br \/>\n\u00d6te yandan; Psikolojik Sa\u011flaml\u0131k Program\u0131\u2019n\u0131n kendine \u00f6zel bir \u00f6l\u00e7me arac\u0131 bulunmakta olup, bu sayede program \u00f6ncesi ve sonras\u0131 \u00e7ocuklardaki psikolojik sa\u011flaml\u0131k becerisi  objektif \u015fekilde de\u011ferlendirilebiliyor.<br \/>\nProgram hakk\u0131nda\u2026<br \/>\n\u00c7ocuk ve Ergenler i\u00e7in Psikolojik Sa\u011flaml\u0131k ve Dayan\u0131kl\u0131l\u0131k Geli\u015ftirme Program\u0131; \u00e7ocuk ve ergenlerin psikolojik sa\u011flaml\u0131k, sosyal beceri ve olumlu ba\u015fa \u00e7\u0131kma \u00f6zelliklerinin desteklenmesi amac\u0131yla geli\u015ftirilmi\u015f deneysel, \u00e7ok boyutlu ve interaktif bir psiko-e\u011fitim program\u0131d\u0131r<\/p>\n","protected":false},"excerpt":{"rendered":"<p>Akdeniz Belediyesi K\u00fclt\u00fcr ve Sosyal \u0130\u015fler M\u00fcd\u00fcrl\u00fc\u011f\u00fc\u2019ne ba\u011fl\u0131 K\u00fclt\u00fcr ve Sanat Evleri\u2019nde; belediyenin uzman psikologlar\u0131 e\u015fli\u011finde, \u00e7ocuk ve ergenlerin psikolojik sa\u011flaml\u0131k d\u00fczeyleri ile \u00e7e\u015fitli zorluklarla ba\u015fa \u00e7\u0131kabilme \u00f6zelliklerinin geli\u015ftirilmesi amac\u0131yla, &hellip; <a href=\"https:\/\/akdenizolaygazetesi.com\/?p=14915\" class=\"more-link\">Devam\u0131n\u0131 Oku&#8230;<\/a><\/p>\n","protected":false},"author":2,"featured_media":14916,"comment_status":"open","ping_status":"open","sticky":false,"template":"","format":"standard","meta":[],"categories":[3,9],"tags":[],"_links":{"self":[{"href":"https:\/\/akdenizolaygazetesi.com\/index.php?rest_route=\/wp\/v2\/posts\/14915"}],"collection":[{"href":"https:\/\/akdenizolaygazetesi.com\/index.php?rest_route=\/wp\/v2\/posts"}],"about":[{"href":"https:\/\/akdenizolaygazetesi.com\/index.php?rest_route=\/wp\/v2\/types\/post"}],"author":[{"embeddable":true,"href":"https:\/\/akdenizolaygazetesi.com\/index.php?rest_route=\/wp\/v2\/users\/2"}],"replies":[{"embeddable":true,"href":"https:\/\/akdenizolaygazetesi.com\/index.php?rest_route=%2Fwp%2Fv2%2Fcomments&post=14915"}],"version-history":[{"count":1,"href":"https:\/\/akdenizolaygazetesi.com\/index.php?rest_route=\/wp\/v2\/posts\/14915\/revisions"}],"predecessor-version":[{"id":14917,"href":"https:\/\/akdenizolaygazetesi.com\/index.php?rest_route=\/wp\/v2\/posts\/14915\/revisions\/14917"}],"wp:featuredmedia":[{"embeddable":true,"href":"https:\/\/akdenizolaygazetesi.com\/index.php?rest_route=\/wp\/v2\/media\/14916"}],"wp:attachment":[{"href":"https:\/\/akdenizolaygazetesi.com\/index.php?rest_route=%2Fwp%2Fv2%2Fmedia&parent=14915"}],"wp:term":[{"taxonomy":"category","embeddable":true,"href":"https:\/\/akdenizolaygazetesi.com\/index.php?rest_route=%2Fwp%2Fv2%2Fcategories&post=14915"},{"taxonomy":"post_tag","embeddable":true,"href":"https:\/\/akdenizolaygazetesi.com\/index.php?rest_route=%2Fwp%2Fv2%2Ftags&post=14915"}],"curies":[{"name":"wp","href":"https:\/\/api.w.org\/{rel}","templated":true}]}}