{"id":14918,"date":"2021-10-27T12:27:02","date_gmt":"2021-10-27T09:27:02","guid":{"rendered":"http:\/\/akdenizolaygazetesi.com\/?p=14918"},"modified":"2021-10-27T12:27:02","modified_gmt":"2021-10-27T09:27:02","slug":"kanundan-yararlanmaya-devam-etmek-icin-ilk-2-taksitin-suresinde-odenmesi-gerekiyor","status":"publish","type":"post","link":"https:\/\/akdenizolaygazetesi.com\/?p=14918","title":{"rendered":"Kanundan yararlanmaya devam etmek i\u00e7in ilk 2 taksitin s\u00fcresinde \u00f6denmesi gerekiyor"},"content":{"rendered":"<p>Akdeniz Belediyesi; \u20187326 Say\u0131l\u0131 Baz\u0131 Alacaklar\u0131n Yap\u0131land\u0131r\u0131lmas\u0131 Kanunu\u2019ndan faydalan\u0131p, taksitlerini \u00f6demek isteyen vergi m\u00fckellefi vatanda\u015flar i\u00e7in merkez binada bulunan veznelerini bu hafta sonu a\u00e7\u0131k tutacak.<br \/>\nBirinci taksit \u00f6deme s\u00fcresi 1 Kas\u0131m\u2019da sona eriyor<br \/>\nAkdeniz Belediyesi Mali Hizmetler M\u00fcd\u00fcrl\u00fc\u011f\u00fc\u2019nden yap\u0131lan a\u00e7\u0131klamada; \u20187326 Say\u0131l\u0131 Baz\u0131 Alacaklar\u0131n Yap\u0131land\u0131r\u0131lmas\u0131 Kanunu\u2019 kapsam\u0131nda, 1\u2019inci taksit \u00f6deme s\u00fcresi 1 Kas\u0131m 2021 tarihinde sona erdi\u011fi hat\u0131rlat\u0131ld\u0131. A\u00e7\u0131klamada; s\u00f6z konusu kanundan faydalanarak emlak, \u00e7evre temizlik, ilan ve reklam vergisi m\u00fckelleflerin 1 Kas\u0131m 2021 tarihine dek \u00f6deme yapmalar\u0131 gerekti\u011fi ifade edildi.<br \/>\nYasadan yararlanabilmek i\u00e7in ilk 2 taksit s\u00fcresinde \u00f6denmeli<br \/>\nVergi m\u00fckellefi vatanda\u015flar\u0131n, s\u00f6z konusu kanun h\u00fck\u00fcmleri ve d\u00fczenlemeden yararlanmaya devam edebilmeleri i\u00e7in ilk 2 taksiti belirlenen s\u00fcre i\u00e7inde \u00f6demesi gerekiyor. M\u00fckellefler; ad\u0131 ge\u00e7en vergilere ait \u00f6demelerini, belediye vezneleri ve www.akdeniz.bel.tr adresi \u00fczerinden de yapabilir.<br \/>\nBu hafta sonu vezneler a\u00e7\u0131k<br \/>\n\u00d6te yandan Akdeniz Belediyesi; vergi m\u00fckellefi vatanda\u015flar\u0131n gecikmeye u\u011framamas\u0131 ve olas\u0131 yo\u011funluklar\u0131 \u00f6nlemek amac\u0131yla, 30 Ekim 2021 Cumartesi ile 31 Ekim 2021 Pazar g\u00fcnlerinde, belediye merkez binada bulunan veznelerini 10:00 ila 16:00 saatleri aras\u0131nda a\u00e7\u0131k tutacak.<\/p>\n","protected":false},"excerpt":{"rendered":"<p>Akdeniz Belediyesi; \u20187326 Say\u0131l\u0131 Baz\u0131 Alacaklar\u0131n Yap\u0131land\u0131r\u0131lmas\u0131 Kanunu\u2019ndan faydalan\u0131p, taksitlerini \u00f6demek isteyen vergi m\u00fckellefi vatanda\u015flar i\u00e7in merkez binada bulunan veznelerini bu hafta sonu a\u00e7\u0131k tutacak. Birinci taksit \u00f6deme s\u00fcresi 1 &hellip; <a href=\"https:\/\/akdenizolaygazetesi.com\/?p=14918\" class=\"more-link\">Devam\u0131n\u0131 Oku&#8230;<\/a><\/p>\n","protected":false},"author":2,"featured_media":14919,"comment_status":"open","ping_status":"open","sticky":false,"template":"","format":"standard","meta":[],"categories":[3,5],"tags":[],"_links":{"self":[{"href":"https:\/\/akdenizolaygazetesi.com\/index.php?rest_route=\/wp\/v2\/posts\/14918"}],"collection":[{"href":"https:\/\/akdenizolaygazetesi.com\/index.php?rest_route=\/wp\/v2\/posts"}],"about":[{"href":"https:\/\/akdenizolaygazetesi.com\/index.php?rest_route=\/wp\/v2\/types\/post"}],"author":[{"embeddable":true,"href":"https:\/\/akdenizolaygazetesi.com\/index.php?rest_route=\/wp\/v2\/users\/2"}],"replies":[{"embeddable":true,"href":"https:\/\/akdenizolaygazetesi.com\/index.php?rest_route=%2Fwp%2Fv2%2Fcomments&post=14918"}],"version-history":[{"count":1,"href":"https:\/\/akdenizolaygazetesi.com\/index.php?rest_route=\/wp\/v2\/posts\/14918\/revisions"}],"predecessor-version":[{"id":14920,"href":"https:\/\/akdenizolaygazetesi.com\/index.php?rest_route=\/wp\/v2\/posts\/14918\/revisions\/14920"}],"wp:featuredmedia":[{"embeddable":true,"href":"https:\/\/akdenizolaygazetesi.com\/index.php?rest_route=\/wp\/v2\/media\/14919"}],"wp:attachment":[{"href":"https:\/\/akdenizolaygazetesi.com\/index.php?rest_route=%2Fwp%2Fv2%2Fmedia&parent=14918"}],"wp:term":[{"taxonomy":"category","embeddable":true,"href":"https:\/\/akdenizolaygazetesi.com\/index.php?rest_route=%2Fwp%2Fv2%2Fcategories&post=14918"},{"taxonomy":"post_tag","embeddable":true,"href":"https:\/\/akdenizolaygazetesi.com\/index.php?rest_route=%2Fwp%2Fv2%2Ftags&post=14918"}],"curies":[{"name":"wp","href":"https:\/\/api.w.org\/{rel}","templated":true}]}}