{"id":14927,"date":"2021-10-28T11:26:31","date_gmt":"2021-10-28T08:26:31","guid":{"rendered":"http:\/\/akdenizolaygazetesi.com\/?p=14927"},"modified":"2021-10-28T11:26:31","modified_gmt":"2021-10-28T08:26:31","slug":"kentimiz-ticaretinin-dondugu-bir-merkez","status":"publish","type":"post","link":"https:\/\/akdenizolaygazetesi.com\/?p=14927","title":{"rendered":"\u201cKentimiz ticaretinin d\u00f6nd\u00fc\u011f\u00fc bir merkez\u201d"},"content":{"rendered":"<p>Akdeniz Belediye Ba\u015fkan\u0131 G\u00fcltak; Mersin Ya\u015f Sebze ve Meyve Komisyoncular\u0131 Derne\u011fi ile Mersin Sebze ve Toptanc\u0131 T\u00fcccarlar Dayan\u0131\u015fma Derne\u011fi\u2019ni, ard\u0131ndan da hal esnaflar\u0131 ile meyve-sebzeleri kasalara dizen veya paketleme yapan kad\u0131n i\u015f\u00e7ileri ziyaret etti.<br \/>\nZiyarete, AK Parti Akdeniz \u0130l\u00e7e Ba\u015fkan\u0131 Emin Gen\u00e7, AK Parti \u0130l Ba\u015fkan Yard\u0131mc\u0131s\u0131 Refik Ba\u011fs\u0131z ile ba\u015fkan yard\u0131mc\u0131lar\u0131 da kat\u0131ld\u0131. \u0130lk olarak, Mersin Ya\u015f Sebze ve Meyve Komisyoncular\u0131 Derne\u011fi Ba\u015fkan\u0131 M\u00fcnir \u015een ve i\u015fletme sahipleri ile kahvalt\u0131 yapan Ba\u015fkan G\u00fcltak, ard\u0131ndan Hal\u2019de bulunan onlarca i\u015fletmeyi tek tek gezerek esnaf ve i\u015f\u00e7ilerle sohbet etti. Belediye olarak, 2 bu\u00e7uk y\u0131l i\u00e7erisinde il\u00e7eye ve vatanda\u015flara kazand\u0131rd\u0131klar\u0131 hizmet ve projeleri de k\u0131saca anlatan Ba\u015fkan Mustafa G\u00fcltak, g\u00fcn i\u00e7erisinde Hal Camisi\u2019nde de incelemelerde bulundu. Camiye bir taziye evi kazand\u0131r\u0131lmas\u0131 ve tuvaletlerinin yenilenmesi i\u00e7in proje haz\u0131rlad\u0131klar\u0131n\u0131 kaydeden Ba\u015fkan G\u00fcltak, \u00f6n\u00fcm\u00fczdeki birka\u00e7 hafta i\u00e7inde de ihaleye \u00e7\u0131k\u0131larak birka\u00e7 ay i\u00e7inde t\u00fcm eksiklerin tamamlanaca\u011f\u0131n\u0131 ifade etti.<br \/>\n\u201cKentimiz ticaretinin d\u00f6nd\u00fc\u011f\u00fc bir merkez\u201d<br \/>\nZiyareti hakk\u0131nda bir de\u011ferlendirme yapan Akdeniz Belediye Ba\u015fkan\u0131 M. Mustafa G\u00fcltak, Mersin Toptanc\u0131lar Kompleksi\u2019nin, kentin ticaretinin d\u00f6nd\u00fc\u011f\u00fc \u00e7ok \u00f6nemli bir merkez oldu\u011funu ifade ederek; \u201cEsnaflar\u0131m\u0131z\u0131, meslek odalar\u0131m\u0131z\u0131 ve sivil toplum \u00f6rg\u00fctlerimizi devaml\u0131 ziyaret ediyoruz. \u00c7\u00fcnk\u00fc hem sundu\u011fumuz hizmet ve \u00e7al\u0131\u015fmalar\u0131 yerinde kontrol ediyoruz hem de halk\u0131m\u0131za verdi\u011fimiz s\u00f6zlerin yerine getirilip getirilmedi\u011fini g\u00f6r\u00fcyoruz.<br \/>\nBug\u00fcnk\u00fc ziyaretimizde de hem Mersin Hali\u2019ni g\u00f6rmek, esnaf\u0131m\u0131zla sohbet etmek hem de ekiplerimizin burada yapt\u0131\u011f\u0131 i\u015fleri takip etmek amac\u0131yla ziyaret ger\u00e7ekle\u015ftirdik. Dernek y\u00f6neticilerimizin ve esnaflar\u0131m\u0131z\u0131n bir tak\u0131m taleplerini ve \u00f6nerilerini dinledik. Belediye olarak bu talepleri en k\u0131sa s\u00fcrede ger\u00e7ekle\u015ftirmek i\u00e7in \u00e7al\u0131\u015faca\u011f\u0131z. S\u0131cak kar\u015f\u0131lamalar\u0131 nedeniyle dernek ba\u015fkanlar\u0131m\u0131za, hal esnaf\u0131m\u0131za ve halde \u00e7al\u0131\u015fan i\u015f\u00e7i karde\u015flerime te\u015fekk\u00fcr ediyorum\u201d \u015feklinde konu\u015ftu.<\/p>\n","protected":false},"excerpt":{"rendered":"<p>Akdeniz Belediye Ba\u015fkan\u0131 G\u00fcltak; Mersin Ya\u015f Sebze ve Meyve Komisyoncular\u0131 Derne\u011fi ile Mersin Sebze ve Toptanc\u0131 T\u00fcccarlar Dayan\u0131\u015fma Derne\u011fi\u2019ni, ard\u0131ndan da hal esnaflar\u0131 ile meyve-sebzeleri kasalara dizen veya paketleme yapan &hellip; <a href=\"https:\/\/akdenizolaygazetesi.com\/?p=14927\" class=\"more-link\">Devam\u0131n\u0131 Oku&#8230;<\/a><\/p>\n","protected":false},"author":2,"featured_media":14928,"comment_status":"open","ping_status":"open","sticky":false,"template":"","format":"standard","meta":[],"categories":[8,3,5],"tags":[],"_links":{"self":[{"href":"https:\/\/akdenizolaygazetesi.com\/index.php?rest_route=\/wp\/v2\/posts\/14927"}],"collection":[{"href":"https:\/\/akdenizolaygazetesi.com\/index.php?rest_route=\/wp\/v2\/posts"}],"about":[{"href":"https:\/\/akdenizolaygazetesi.com\/index.php?rest_route=\/wp\/v2\/types\/post"}],"author":[{"embeddable":true,"href":"https:\/\/akdenizolaygazetesi.com\/index.php?rest_route=\/wp\/v2\/users\/2"}],"replies":[{"embeddable":true,"href":"https:\/\/akdenizolaygazetesi.com\/index.php?rest_route=%2Fwp%2Fv2%2Fcomments&post=14927"}],"version-history":[{"count":1,"href":"https:\/\/akdenizolaygazetesi.com\/index.php?rest_route=\/wp\/v2\/posts\/14927\/revisions"}],"predecessor-version":[{"id":14929,"href":"https:\/\/akdenizolaygazetesi.com\/index.php?rest_route=\/wp\/v2\/posts\/14927\/revisions\/14929"}],"wp:featuredmedia":[{"embeddable":true,"href":"https:\/\/akdenizolaygazetesi.com\/index.php?rest_route=\/wp\/v2\/media\/14928"}],"wp:attachment":[{"href":"https:\/\/akdenizolaygazetesi.com\/index.php?rest_route=%2Fwp%2Fv2%2Fmedia&parent=14927"}],"wp:term":[{"taxonomy":"category","embeddable":true,"href":"https:\/\/akdenizolaygazetesi.com\/index.php?rest_route=%2Fwp%2Fv2%2Fcategories&post=14927"},{"taxonomy":"post_tag","embeddable":true,"href":"https:\/\/akdenizolaygazetesi.com\/index.php?rest_route=%2Fwp%2Fv2%2Ftags&post=14927"}],"curies":[{"name":"wp","href":"https:\/\/api.w.org\/{rel}","templated":true}]}}