{"id":1493,"date":"2020-11-04T18:22:03","date_gmt":"2020-11-04T15:22:03","guid":{"rendered":"http:\/\/mersinekonomipolitikagazetesi.com\/?p=1493"},"modified":"2020-11-04T18:22:03","modified_gmt":"2020-11-04T15:22:03","slug":"meski-gelecegin-ressamlarini-ariyor","status":"publish","type":"post","link":"https:\/\/akdenizolaygazetesi.com\/?p=1493","title":{"rendered":"MESK\u0130 gelece\u011fin ressamlar\u0131n\u0131 ar\u0131yor"},"content":{"rendered":"<p>Mersin B\u00fcy\u00fck\u015fehir Belediyesi Su ve Kanalizasyon \u0130daresi (MESK\u0130) Genel M\u00fcd\u00fcrl\u00fc\u011f\u00fc, 22 Mart D\u00fcnya Su G\u00fcn\u00fc etkinlikleri kapsam\u0131nda &#8220;\u00f6d\u00fcll\u00fc resim yar\u0131\u015fmas\u0131&#8221; d\u00fczenleyecek.<\/p>\n<p><span style=\"font-size:16px;\"><span style=\"font-family: sans-serif; line-height: 20px; text-align: justify; background-color: rgb(242, 244, 245);\">MESK\u0130&#8217;den yap\u0131lan yaz\u0131l\u0131 a\u00e7\u0131klamaya g\u00f6re, 22 Mart D\u00fcnya Su G\u00fcn\u00fc kutlamalar\u0131 kapsam\u0131nda d\u00fczenlenecek \u201csu ve do\u011fa\u201d konulu resim yar\u0131\u015fmas\u0131 ile su k\u0131tl\u0131\u011f\u0131 ile m\u00fccadele, su tasarrufu, suyun \u00f6nemi, su kaynaklar\u0131n\u0131n s\u0131n\u0131rs\u0131z olmad\u0131\u011f\u0131, su ve do\u011fa, at\u0131ksular\u0131n \u00e7evreye zarars\u0131z hale getirilerek ar\u0131t\u0131lmas\u0131 gibi konular i\u015flenecek. Yar\u0131\u015fma ile hayat\u0131n her an\u0131nda var olan ve hayat fonksiyonlar\u0131n\u0131 dengede tutan suyu resimlerle anlat\u0131p, suyun temiz kalmas\u0131, bilin\u00e7li ve verimli kullan\u0131lmas\u0131, at\u0131ksu konusunda \u00f6zellikle \u00f6\u011frenciler ba\u015fta olmak \u00fczere t\u00fcm bireylerin bilin\u00e7lendirilmesi hedefleniyor.\u00a0<\/span><br style=\"box-sizing: border-box; font-family: sans-serif; font-size: 14px; line-height: 20px; text-align: justify; background-color: rgb(242, 244, 245);\" \/><br \/>\n<span style=\"font-family: sans-serif; line-height: 20px; text-align: justify; background-color: rgb(242, 244, 245);\">Yar\u0131\u015fmaya kat\u0131lmak isteyenler, detayl\u0131 bilgi i\u00e7in meski.gov.tr adresini ziyaret ederek teknik \u015fartnameye ula\u015fabilirler. Kat\u0131l\u0131mc\u0131lar\u0131n, 16 Mart 2018 tarihi mesai bitimine kadar MESK\u0130 Genel M\u00fcd\u00fcrl\u00fc\u011f\u00fc Bas\u0131n Yay\u0131n ve Halkla \u0130li\u015fkiler \u015eube M\u00fcd\u00fcrl\u00fc\u011f\u00fc\u2019ne \u00e7al\u0131\u015fmalar\u0131n\u0131 teslim etmesi gerekiyor.\u00a0<\/span><\/span><\/p>\n","protected":false},"excerpt":{"rendered":"<p>Mersin B\u00fcy\u00fck\u015fehir Belediyesi Su ve Kanalizasyon \u0130daresi (MESK\u0130) Genel M\u00fcd\u00fcrl\u00fc\u011f\u00fc, 22 Mart D\u00fcnya Su G\u00fcn\u00fc etkinlikleri kapsam\u0131nda &#8220;\u00f6d\u00fcll\u00fc resim yar\u0131\u015fmas\u0131&#8221; d\u00fczenleyecek. MESK\u0130&#8217;den yap\u0131lan yaz\u0131l\u0131 a\u00e7\u0131klamaya g\u00f6re, 22 Mart D\u00fcnya Su &hellip; <a href=\"https:\/\/akdenizolaygazetesi.com\/?p=1493\" class=\"more-link\">Devam\u0131n\u0131 Oku&#8230;<\/a><\/p>\n","protected":false},"author":1,"featured_media":0,"comment_status":"open","ping_status":"open","sticky":false,"template":"","format":"standard","meta":[],"categories":[],"tags":[],"_links":{"self":[{"href":"https:\/\/akdenizolaygazetesi.com\/index.php?rest_route=\/wp\/v2\/posts\/1493"}],"collection":[{"href":"https:\/\/akdenizolaygazetesi.com\/index.php?rest_route=\/wp\/v2\/posts"}],"about":[{"href":"https:\/\/akdenizolaygazetesi.com\/index.php?rest_route=\/wp\/v2\/types\/post"}],"author":[{"embeddable":true,"href":"https:\/\/akdenizolaygazetesi.com\/index.php?rest_route=\/wp\/v2\/users\/1"}],"replies":[{"embeddable":true,"href":"https:\/\/akdenizolaygazetesi.com\/index.php?rest_route=%2Fwp%2Fv2%2Fcomments&post=1493"}],"version-history":[{"count":0,"href":"https:\/\/akdenizolaygazetesi.com\/index.php?rest_route=\/wp\/v2\/posts\/1493\/revisions"}],"wp:attachment":[{"href":"https:\/\/akdenizolaygazetesi.com\/index.php?rest_route=%2Fwp%2Fv2%2Fmedia&parent=1493"}],"wp:term":[{"taxonomy":"category","embeddable":true,"href":"https:\/\/akdenizolaygazetesi.com\/index.php?rest_route=%2Fwp%2Fv2%2Fcategories&post=1493"},{"taxonomy":"post_tag","embeddable":true,"href":"https:\/\/akdenizolaygazetesi.com\/index.php?rest_route=%2Fwp%2Fv2%2Ftags&post=1493"}],"curies":[{"name":"wp","href":"https:\/\/api.w.org\/{rel}","templated":true}]}}