{"id":14933,"date":"2021-10-28T11:30:13","date_gmt":"2021-10-28T08:30:13","guid":{"rendered":"http:\/\/akdenizolaygazetesi.com\/?p=14933"},"modified":"2021-10-28T11:30:13","modified_gmt":"2021-10-28T08:30:13","slug":"cumhuriyetimizin-ilaninin-98inci-yildonumunu-ilk-gunku-heyecan-ve-coskuyla-kutluyoruz","status":"publish","type":"post","link":"https:\/\/akdenizolaygazetesi.com\/?p=14933","title":{"rendered":"&#8216;Cumhuriyetimizin ilan\u0131n\u0131n 98\u2019inci y\u0131ld\u00f6n\u00fcm\u00fcn\u00fc ilk g\u00fcnk\u00fc heyecan ve co\u015fkuyla kutluyoruz&#8217;"},"content":{"rendered":"<p>Mersin B\u00fcy\u00fck\u015fehir Belediye Ba\u015fkan\u0131 Vahap Se\u00e7er, 29 Ekim Cumhuriyet Bayram\u0131 dolay\u0131s\u0131yla bir mesaj yay\u0131nlad\u0131. Ba\u015fkan Se\u00e7er\u2019in mesaj\u0131 \u015f\u00f6yle:<br \/>\n\u201cCumhuriyetimizin ilan\u0131n\u0131n 98\u2019inci y\u0131ld\u00f6n\u00fcm\u00fcn\u00fc ilk g\u00fcnk\u00fc heyecan ve co\u015fkuyla kutluyoruz.<br \/>\nCumhuriyet; Gazi Mustafa Kemal Atat\u00fcrk\u2019\u00fcn \u00f6nderli\u011finde kahraman mesai ve m\u00fccadele arkada\u015flar\u0131n\u0131n milletimizle birlikte kazand\u0131\u011f\u0131 e\u015fsiz ve destans\u0131 zaferimizin tac\u0131d\u0131r.<br \/>\nCumhuriyetin ilan\u0131 hepimiz i\u00e7in oldu\u011fu kadar, t\u00fcm d\u00fcnya i\u00e7in de \u00e7ok \u00f6zeldir.<br \/>\n\u00c7\u00fcnk\u00fc bizim Cumhuriyetimizin temelinde tam ba\u011f\u0131ms\u0131zl\u0131k ruhu vard\u0131r.<br \/>\n\u00c7\u00fcnk\u00fc bizim Cumhuriyetimiz; ulus ve yurtta\u015fl\u0131k esas\u0131na dayal\u0131 bir d\u00f6n\u00fc\u015f\u00fcm projesidir.<br \/>\n\u00c7\u00fcnk\u00fc bizim Cumhuriyetimiz; demokrasiyi ba\u011fr\u0131nda geli\u015ftirmi\u015f, ki\u015fi hak ve \u00f6zg\u00fcrl\u00fcklerinin biricik g\u00fcvencesi, hukuka ve adalete herkesin g\u00fcvendi\u011fi, kanunlar kar\u015f\u0131s\u0131nda herkesin e\u015fit oldu\u011fu, kad\u0131nlar\u0131n ve \u00e7ocuklar\u0131n toplumun her alan\u0131nda g\u00fc\u00e7l\u00fc oldu\u011fu sistemin ad\u0131d\u0131r.<br \/>\nGazi Mustafa Kemal\u2019in de vurgulad\u0131\u011f\u0131 gibi \u2018bilhassa kimsesizlerin kimsesi\u2019 olan Cumhuriyetimiz, \u2018b\u00fcsb\u00fct\u00fcn yeni bir hayat\u0131n m\u00fcjdecisi\u2019dir.<br \/>\nBu m\u00fcjdenin \u0131\u015f\u0131\u011f\u0131nda, sonsuz g\u00fcven duygusuyla; ikinci y\u00fczy\u0131l\u0131nda Cumhuriyetimizi daha g\u00fc\u00e7l\u00fc yar\u0131nlara y\u00fckseltmek ve y\u00fcceltmek temel hedefimiz olmal\u0131d\u0131r!<br \/>\nBizler, Cumhuriyetimizin kazan\u0131mlar\u0131yla gelece\u011fe kararl\u0131l\u0131kla y\u00fcr\u00fcyoruz.<br \/>\n\u00c7\u00fcnk\u00fc; Ulu \u00d6nder Mustafa Kemal Atat\u00fcrk\u2019e, Cumhuriyet kenti Mersin\u2019e sahip \u00e7\u0131kma s\u00f6z\u00fcm\u00fcz var.<br \/>\nBu s\u00f6z, bizleri bir arada tutuyor.<br \/>\nBu g\u00fcven sayesinde \u2018biz\u2019 olabiliyor, yan yana duruyor, bir arada daha iyiye ve daha g\u00fczele ula\u015fmak i\u00e7in daima \u00e7al\u0131\u015f\u0131yor ve gelece\u011fe umutla bak\u0131yoruz.<br \/>\nY\u00fcre\u011fi Cumhuriyet co\u015fkusuyla dolu olan t\u00fcm vatanda\u015flar\u0131m\u0131z\u0131n Cumhuriyet Bayram\u0131\u2019n\u0131 en i\u00e7ten duygular\u0131mla kutluyor, Cumhuriyetimizin kurucusu Ulu \u00d6nder Mustafa Kemal Atat\u00fcrk ba\u015fta olmak \u00fczere \u0130stiklal Sava\u015f\u0131 kahramanlar\u0131m\u0131z\u0131 ve t\u00fcm aziz \u015fehitlerimizi bir kez daha rahmet ve minnetle an\u0131yorum.<br \/>\nYa\u015fas\u0131n Cumhuriyet!<br \/>\nCumhuriyet Bayram\u0131 hepimize kutlu olsun.\u201d<\/p>\n","protected":false},"excerpt":{"rendered":"<p>Mersin B\u00fcy\u00fck\u015fehir Belediye Ba\u015fkan\u0131 Vahap Se\u00e7er, 29 Ekim Cumhuriyet Bayram\u0131 dolay\u0131s\u0131yla bir mesaj yay\u0131nlad\u0131. Ba\u015fkan Se\u00e7er\u2019in mesaj\u0131 \u015f\u00f6yle: \u201cCumhuriyetimizin ilan\u0131n\u0131n 98\u2019inci y\u0131ld\u00f6n\u00fcm\u00fcn\u00fc ilk g\u00fcnk\u00fc heyecan ve co\u015fkuyla kutluyoruz. Cumhuriyet; Gazi &hellip; <a href=\"https:\/\/akdenizolaygazetesi.com\/?p=14933\" class=\"more-link\">Devam\u0131n\u0131 Oku&#8230;<\/a><\/p>\n","protected":false},"author":2,"featured_media":14934,"comment_status":"open","ping_status":"open","sticky":false,"template":"","format":"standard","meta":[],"categories":[3,5],"tags":[],"_links":{"self":[{"href":"https:\/\/akdenizolaygazetesi.com\/index.php?rest_route=\/wp\/v2\/posts\/14933"}],"collection":[{"href":"https:\/\/akdenizolaygazetesi.com\/index.php?rest_route=\/wp\/v2\/posts"}],"about":[{"href":"https:\/\/akdenizolaygazetesi.com\/index.php?rest_route=\/wp\/v2\/types\/post"}],"author":[{"embeddable":true,"href":"https:\/\/akdenizolaygazetesi.com\/index.php?rest_route=\/wp\/v2\/users\/2"}],"replies":[{"embeddable":true,"href":"https:\/\/akdenizolaygazetesi.com\/index.php?rest_route=%2Fwp%2Fv2%2Fcomments&post=14933"}],"version-history":[{"count":1,"href":"https:\/\/akdenizolaygazetesi.com\/index.php?rest_route=\/wp\/v2\/posts\/14933\/revisions"}],"predecessor-version":[{"id":14935,"href":"https:\/\/akdenizolaygazetesi.com\/index.php?rest_route=\/wp\/v2\/posts\/14933\/revisions\/14935"}],"wp:featuredmedia":[{"embeddable":true,"href":"https:\/\/akdenizolaygazetesi.com\/index.php?rest_route=\/wp\/v2\/media\/14934"}],"wp:attachment":[{"href":"https:\/\/akdenizolaygazetesi.com\/index.php?rest_route=%2Fwp%2Fv2%2Fmedia&parent=14933"}],"wp:term":[{"taxonomy":"category","embeddable":true,"href":"https:\/\/akdenizolaygazetesi.com\/index.php?rest_route=%2Fwp%2Fv2%2Fcategories&post=14933"},{"taxonomy":"post_tag","embeddable":true,"href":"https:\/\/akdenizolaygazetesi.com\/index.php?rest_route=%2Fwp%2Fv2%2Ftags&post=14933"}],"curies":[{"name":"wp","href":"https:\/\/api.w.org\/{rel}","templated":true}]}}