{"id":14936,"date":"2021-10-28T11:32:00","date_gmt":"2021-10-28T08:32:00","guid":{"rendered":"http:\/\/akdenizolaygazetesi.com\/?p=14936"},"modified":"2021-10-28T11:32:00","modified_gmt":"2021-10-28T08:32:00","slug":"cumhuriyetimizin-98inci-yil-donumune-erismenin-onurunu-ve-gururunu-yasiyoruz","status":"publish","type":"post","link":"https:\/\/akdenizolaygazetesi.com\/?p=14936","title":{"rendered":"&#8216;Cumhuriyetimizin 98\u2019inci y\u0131l d\u00f6n\u00fcm\u00fcne eri\u015fmenin onurunu ve gururunu ya\u015f\u0131yoruz&#8217;"},"content":{"rendered":"<p>Toroslar Belediye Ba\u015fkan\u0131 Ats\u0131z Af\u015f\u0131n Y\u0131lmaz, 29 Ekim Cumhuriyet Bayram\u0131 dolay\u0131s\u0131yla bir kutlama mesaj\u0131 yay\u0131nlad\u0131.<\/p>\n<p>Ba\u015fkan Y\u0131lmaz; \u201cUlu \u00d6nderimiz Gazi Mustafa Kemal Atat\u00fcrk\u2019\u00fcn, \u201cBenim en b\u00fcy\u00fck eserim\u201d diyerek bizlere emanet etti\u011fi Cumhuriyetimizin 98\u2019inci y\u0131l d\u00f6n\u00fcm\u00fcne eri\u015fmenin onurunu ve gururunu ya\u015f\u0131yoruz. Cumhuriyet, T\u00fcrk milletinin damarlar\u0131nda dola\u015fan asil kanla kurulmu\u015ftur\u201d dedi.<\/p>\n<p>\u201cCumhuriyetimizi ve vatan\u0131m\u0131z\u0131 korumak, ba\u011f\u0131ms\u0131zl\u0131\u011f\u0131m\u0131z\u0131n sembol\u00fc bayra\u011f\u0131m\u0131z\u0131 g\u00f6klerde her daim dalgaland\u0131rmak hepimizin en b\u00fcy\u00fck sorumlulu\u011fudur\u201d diyen Ba\u015fkan Y\u0131lmaz; \u201cCumhuriyet, T\u00fcrk milletinin \u00f6z\u00fcnde var olan birlik ve beraberli\u011fin, ba\u011f\u0131ms\u0131zl\u0131k ve h\u00fcrriyet a\u015fk\u0131n\u0131n gurur verici eseri, gelece\u011fimizin en b\u00fcy\u00fck g\u00fcvencesidir. Ve T\u00fcrk milletinin ebedi varl\u0131\u011f\u0131yla ilelebet devam edecektir. Bu duygu ve d\u00fc\u015f\u00fcncelerle ba\u015fta Cumhuriyetimizin Kurucusu Ulu \u00d6nderimiz Gazi Mustafa Kemal Atat\u00fcrk ve silah arkada\u015flar\u0131 olmak \u00fczere \u0130stiklal m\u00fccadelemizin b\u00fct\u00fcn kahramanlar\u0131n\u0131, vatan\u0131m\u0131z u\u011fruna canlar\u0131n\u0131 feda eden aziz \u015fehitlerimizi rahmetle, minnetle an\u0131yor, kahraman gazilerimize \u015f\u00fckranlar\u0131m\u0131 sunuyorum\u201d \u015feklinde konu\u015ftu.<\/p>\n<p>\u201cCUMHUR\u0130YET CO\u015eKUSUNU HEP B\u0130RL\u0130KTE YA\u015eAYALIM\u201d<\/p>\n<p>Ba\u015fkan Y\u0131lmaz, 29 Ekim Cumhuriyet Bayram\u0131\u2019nda d\u00fczenleyecekleri \u201cBuray\u201d konserine t\u00fcm hem\u015fehrilerini davet etti.<\/p>\n<p> \u201cCumhuriyetimizin kurulu\u015funun 98\u2019inci y\u0131l d\u00f6n\u00fcm\u00fcne yak\u0131\u015f\u0131r konser ve etkinliklerle Cumhuriyet Bayram\u0131 co\u015fkumuzu art\u0131raca\u011f\u0131z\u201d diyen Ba\u015fkan Y\u0131lmaz; \u201c29 Ekim Cuma g\u00fcn\u00fc saat 19.00\u2019da Akbelen Mahallemizde bulunan K. Ayd\u0131n Stadyumu&#8217;nda ger\u00e7ekle\u015ftirece\u011fimiz konsere t\u00fcm hem\u015fehrilerimizi bekliyoruz.  Bu co\u015fkuyu hep birlikte, tek y\u00fcrek olarak ya\u015fayal\u0131m. Cumhuriyet Bayram\u0131m\u0131z kutlu olsun\u201d ifadelerini kulland\u0131.<\/p>\n","protected":false},"excerpt":{"rendered":"<p>Toroslar Belediye Ba\u015fkan\u0131 Ats\u0131z Af\u015f\u0131n Y\u0131lmaz, 29 Ekim Cumhuriyet Bayram\u0131 dolay\u0131s\u0131yla bir kutlama mesaj\u0131 yay\u0131nlad\u0131. Ba\u015fkan Y\u0131lmaz; \u201cUlu \u00d6nderimiz Gazi Mustafa Kemal Atat\u00fcrk\u2019\u00fcn, \u201cBenim en b\u00fcy\u00fck eserim\u201d diyerek bizlere emanet &hellip; <a href=\"https:\/\/akdenizolaygazetesi.com\/?p=14936\" class=\"more-link\">Devam\u0131n\u0131 Oku&#8230;<\/a><\/p>\n","protected":false},"author":2,"featured_media":14937,"comment_status":"open","ping_status":"open","sticky":false,"template":"","format":"standard","meta":[],"categories":[3,5],"tags":[],"_links":{"self":[{"href":"https:\/\/akdenizolaygazetesi.com\/index.php?rest_route=\/wp\/v2\/posts\/14936"}],"collection":[{"href":"https:\/\/akdenizolaygazetesi.com\/index.php?rest_route=\/wp\/v2\/posts"}],"about":[{"href":"https:\/\/akdenizolaygazetesi.com\/index.php?rest_route=\/wp\/v2\/types\/post"}],"author":[{"embeddable":true,"href":"https:\/\/akdenizolaygazetesi.com\/index.php?rest_route=\/wp\/v2\/users\/2"}],"replies":[{"embeddable":true,"href":"https:\/\/akdenizolaygazetesi.com\/index.php?rest_route=%2Fwp%2Fv2%2Fcomments&post=14936"}],"version-history":[{"count":1,"href":"https:\/\/akdenizolaygazetesi.com\/index.php?rest_route=\/wp\/v2\/posts\/14936\/revisions"}],"predecessor-version":[{"id":14938,"href":"https:\/\/akdenizolaygazetesi.com\/index.php?rest_route=\/wp\/v2\/posts\/14936\/revisions\/14938"}],"wp:featuredmedia":[{"embeddable":true,"href":"https:\/\/akdenizolaygazetesi.com\/index.php?rest_route=\/wp\/v2\/media\/14937"}],"wp:attachment":[{"href":"https:\/\/akdenizolaygazetesi.com\/index.php?rest_route=%2Fwp%2Fv2%2Fmedia&parent=14936"}],"wp:term":[{"taxonomy":"category","embeddable":true,"href":"https:\/\/akdenizolaygazetesi.com\/index.php?rest_route=%2Fwp%2Fv2%2Fcategories&post=14936"},{"taxonomy":"post_tag","embeddable":true,"href":"https:\/\/akdenizolaygazetesi.com\/index.php?rest_route=%2Fwp%2Fv2%2Ftags&post=14936"}],"curies":[{"name":"wp","href":"https:\/\/api.w.org\/{rel}","templated":true}]}}