{"id":1494,"date":"2020-11-04T18:22:03","date_gmt":"2020-11-04T15:22:03","guid":{"rendered":"http:\/\/mersinekonomipolitikagazetesi.com\/?p=1494"},"modified":"2020-11-04T18:22:03","modified_gmt":"2020-11-04T15:22:03","slug":"8-martta-8-kadindan-resim-sergisi","status":"publish","type":"post","link":"https:\/\/akdenizolaygazetesi.com\/?p=1494","title":{"rendered":"8 Mart&#8217;ta 8 kad\u0131ndan resim sergisi"},"content":{"rendered":"<p>Mezitli&#8217;de 8 Mart D\u00fcnya Emek\u00e7i Kad\u0131nlar G\u00fcn\u00fc&#8217;nde 8 kad\u0131n ressam sergi a\u00e7t\u0131.<\/p>\n<p><span style=\"font-size:16px;\"><span style=\"font-family: sans-serif; line-height: 20px; text-align: justify; background-color: rgb(242, 244, 245);\">Mezitli Belediyesi Fitnat G\u00fcrsoy Kafe K\u00fct\u00fcphane\u2019de a\u00e7\u0131lan sergiye sanatseverler yo\u011fun ilgi g\u00f6sterdi. Mezitli Belediyesi Meclis \u00fcyeleri, sivil toplum \u00f6rg\u00fct\u00fc ve siyasi parti temsilcilerinin kat\u0131ld\u0131\u011f\u0131 sergide kad\u0131n ressamlar, Mezitli Belediye Ba\u015fkan\u0131 Ne\u015fet Tarhan\u2019a bir Atat\u00fcrk portresi hediye etti. D\u00fcnya Emek\u00e7i Kad\u0131nlar G\u00fcn\u00fc\u2019nde 8 kad\u0131n ressam\u0131n sergisini a\u00e7arak farkl\u0131 bir mesaj vermek istediklerini ifade eden Mezitli Kent Konseyi Ba\u015fkan\u0131 Sibel Gelbul, \u201cKad\u0131nlar g\u00fcn\u00fc sadece bir g\u00fcn de\u011fil her g\u00fcnd\u00fcr. Kad\u0131nlar G\u00fcn\u00fc, f\u0131rsat e\u015fitli\u011fi, ba\u011f\u0131ms\u0131zl\u0131k ve daha iyi ya\u015fam ko\u015fullar\u0131 i\u00e7in daha iyi m\u00fccadele edebilme g\u00fcn\u00fcd\u00fcr. Kad\u0131na \u015fiddet insanl\u0131\u011fa ihanettir. Bir toplumda kad\u0131n varsa o toplum \u00fcretkendir ve medenidir. Her ba\u015far\u0131l\u0131 erke\u011fin arkas\u0131nda kad\u0131n var d\u00fc\u015f\u00fcncesiyle de\u011fil, her ba\u015far\u0131l\u0131 erke\u011fin yan\u0131nda ba\u015far\u0131l\u0131 kad\u0131n vard\u0131r\u201d dedi.\u00a0<\/span><br style=\"box-sizing: border-box; font-family: sans-serif; font-size: 14px; line-height: 20px; text-align: justify; background-color: rgb(242, 244, 245);\" \/><br \/>\n<span style=\"font-family: sans-serif; line-height: 20px; text-align: justify; background-color: rgb(242, 244, 245);\">8 Mart\u2019\u0131n bir kutlama de\u011fil tepkileri dile getirme g\u00fcn\u00fc oldu\u011funu ifade eden Mezitli Belediye Ba\u015fkan\u0131 Ne\u015fet Tarhan ise &#8220;Son zamanlar T\u00fcrkiye\u2019de ya\u015fanan olaylar nedeniyle bunu kutlama olarak adland\u0131rmak yanl\u0131\u015f bir ifadedir. T\u00fcrkiye\u2019de art\u0131k pek \u00e7ok \u015feyle y\u00fczle\u015fmemiz, hesapla\u015fmam\u0131z gerekiyor. Bu nedenle 8 Mart bir hesapla\u015fma g\u00fcn\u00fc olmal\u0131d\u0131r. T\u00fcrkiye maalesef pek \u00e7ok geli\u015fmi\u015f \u00fclkeden \u00e7ok daha iyi noktadayken g\u00fcn\u00fcm\u00fczde \u00e7ok olumsuz bir tabloyla kar\u015f\u0131 kar\u015f\u0131ya kald\u0131k. Kad\u0131n haklar\u0131 konusunda 130. s\u0131rada yer al\u0131yoruz\u201d diye konu\u015ftu.\u00a0<\/span><br style=\"box-sizing: border-box; font-family: sans-serif; font-size: 14px; line-height: 20px; text-align: justify; background-color: rgb(242, 244, 245);\" \/><br \/>\n<span style=\"font-family: sans-serif; line-height: 20px; text-align: justify; background-color: rgb(242, 244, 245);\">Belediyenin kad\u0131nlara y\u00f6nelik faaliyetlerinden bahseden Tarhan, \u201cBelediyemiz i\u00e7erisinde ger\u00e7ekten pozitif ayr\u0131mc\u0131l\u0131k yap\u0131yoruz. Belediye \u00e7al\u0131\u015fanlar\u0131m\u0131z\u0131n ve m\u00fcd\u00fcrlerimizin y\u00fczde 50\u2019si kad\u0131nlardan olu\u015fuyor. T\u00fcrkiye\u2019nin hi\u00e7bir yerinde bunun olmad\u0131\u011f\u0131na inan\u0131yorum. Yine T\u00fcrkiye\u2019de olmayan bir uygulama ile pozitif bir ayr\u0131mc\u0131l\u0131k yaparak, ayn\u0131 i\u015fi yapan kad\u0131nlara daha fazla \u00fccret veriyoruz. Kad\u0131n \u00fcretici pazarlar\u0131m\u0131z, jakaranda koruluklar\u0131m\u0131z hep Mezitli\u2019nin kad\u0131n temas\u0131n\u0131n il\u00e7emizde \u00f6ne \u00e7\u0131kmas\u0131n\u0131 sa\u011fl\u0131yor. Di\u011fer taraftan, Fitnat G\u00fcrsoy Kafe K\u00fct\u00fcphane, Bircan T\u00fcfek\u00e7io\u011flu \u00c7ocuk G\u00fcnd\u00fcz Bak\u0131mevi, G\u00fclbahar \u00d6zmen Aktif Ya\u015f Alma Merkezi\u2019ni kad\u0131nlar yapt\u0131. Mezitli\u2019nin neresine bakarsan\u0131z mutlaka kad\u0131n eli g\u00f6r\u00fcrs\u00fcn\u00fcz. A\u011fa\u00e7 dikmekten yapt\u0131\u011f\u0131m\u0131z faaliyetlere kadar il\u00e7emizi hep kad\u0131nlar g\u00fczelle\u015ftiriyor\u201d \u015feklinde konu\u015ftu.\u00a0<\/span><\/span><\/p>\n","protected":false},"excerpt":{"rendered":"<p>Mezitli&#8217;de 8 Mart D\u00fcnya Emek\u00e7i Kad\u0131nlar G\u00fcn\u00fc&#8217;nde 8 kad\u0131n ressam sergi a\u00e7t\u0131. Mezitli Belediyesi Fitnat G\u00fcrsoy Kafe K\u00fct\u00fcphane\u2019de a\u00e7\u0131lan sergiye sanatseverler yo\u011fun ilgi g\u00f6sterdi. Mezitli Belediyesi Meclis \u00fcyeleri, sivil toplum &hellip; <a href=\"https:\/\/akdenizolaygazetesi.com\/?p=1494\" class=\"more-link\">Devam\u0131n\u0131 Oku&#8230;<\/a><\/p>\n","protected":false},"author":1,"featured_media":0,"comment_status":"open","ping_status":"open","sticky":false,"template":"","format":"standard","meta":[],"categories":[],"tags":[],"_links":{"self":[{"href":"https:\/\/akdenizolaygazetesi.com\/index.php?rest_route=\/wp\/v2\/posts\/1494"}],"collection":[{"href":"https:\/\/akdenizolaygazetesi.com\/index.php?rest_route=\/wp\/v2\/posts"}],"about":[{"href":"https:\/\/akdenizolaygazetesi.com\/index.php?rest_route=\/wp\/v2\/types\/post"}],"author":[{"embeddable":true,"href":"https:\/\/akdenizolaygazetesi.com\/index.php?rest_route=\/wp\/v2\/users\/1"}],"replies":[{"embeddable":true,"href":"https:\/\/akdenizolaygazetesi.com\/index.php?rest_route=%2Fwp%2Fv2%2Fcomments&post=1494"}],"version-history":[{"count":0,"href":"https:\/\/akdenizolaygazetesi.com\/index.php?rest_route=\/wp\/v2\/posts\/1494\/revisions"}],"wp:attachment":[{"href":"https:\/\/akdenizolaygazetesi.com\/index.php?rest_route=%2Fwp%2Fv2%2Fmedia&parent=1494"}],"wp:term":[{"taxonomy":"category","embeddable":true,"href":"https:\/\/akdenizolaygazetesi.com\/index.php?rest_route=%2Fwp%2Fv2%2Fcategories&post=1494"},{"taxonomy":"post_tag","embeddable":true,"href":"https:\/\/akdenizolaygazetesi.com\/index.php?rest_route=%2Fwp%2Fv2%2Ftags&post=1494"}],"curies":[{"name":"wp","href":"https:\/\/api.w.org\/{rel}","templated":true}]}}