{"id":14942,"date":"2021-10-29T11:19:37","date_gmt":"2021-10-29T08:19:37","guid":{"rendered":"http:\/\/akdenizolaygazetesi.com\/?p=14942"},"modified":"2021-10-29T11:19:37","modified_gmt":"2021-10-29T08:19:37","slug":"gun-daha-guclu-kenetlenme-gunudur","status":"publish","type":"post","link":"https:\/\/akdenizolaygazetesi.com\/?p=14942","title":{"rendered":"\u201cG\u00fcn, daha g\u00fc\u00e7l\u00fc kenetlenme g\u00fcn\u00fcd\u00fcr\u201d"},"content":{"rendered":"<p>Akdeniz Belediye Ba\u015fkan\u0131 M. Mustafa G\u00fcltak, Cumhuriyet\u2019in Kurulu\u015fu\u2019nun 98\u2019inci y\u0131l\u0131 nedeniyle yay\u0131nlad\u0131\u011f\u0131 mesaj\u0131nda, \u201cKurtulu\u015f Sava\u015f\u0131m\u0131z\u0131 ta\u00e7land\u0131ran Cumhuriyetimizin 100&#8217;\u00fcnc\u00fc y\u0131l\u0131na emin ad\u0131mlarla ilerlerken, bu k\u0131ymetli miras\u0131 gelecek nesillerimize daha g\u00fc\u00e7l\u00fc kazan\u0131mlarla teslim etmek i\u00e7in \u00e7al\u0131\u015fmaya devam edece\u011fiz\u201d dedi.<br \/>\nMesaj\u0131nda; \u201cAradan ge\u00e7en 98 y\u0131lda, ecdad\u0131m\u0131z\u0131n bizlere miras\u0131 ve en de\u011ferli emaneti olan Cumhuriyetimizi ilelebet ya\u015fatmak ve y\u00fcceltmek konusundaki kararl\u0131l\u0131\u011f\u0131m\u0131z ilk g\u00fcnk\u00fc gurur ve heyecanla devam etmektedir\u201d diyen Ba\u015fkan G\u00fcltak; \u201cGazi Mustafa Kemal\u2019in \u00f6nderli\u011finde kenetlenen fedak\u00e2r milletimiz, tarihte e\u015fine az rastlan\u0131r bir m\u00fccadeleyle verdi\u011fi Kurtulu\u015f Sava\u015f\u0131\u2019nda kahramanl\u0131k destan\u0131 yazm\u0131\u015ft\u0131r. 29 Ekim 1923&#8217;te kurulan Cumhuriyetimizin 98\u2019inci ya\u015f\u0131n\u0131 kutlaman\u0131n gurur, co\u015fku ve mutlulu\u011funu hep birlikte ya\u015f\u0131yoruz. Cumhuriyetimizi y\u00fckseklere ula\u015ft\u0131rma m\u00fccadelemiz kararl\u0131l\u0131kla s\u00fcrecek; Atat\u00fcrk\u2019\u00fcn dedi\u011fi gibi; \u2018T\u00fcrkiye Cumhuriyeti ilelebet payidar kalacakt\u0131r\u201d ifadelerini kulland\u0131.<br \/>\n\u201cG\u00fcn, daha g\u00fc\u00e7l\u00fc kenetlenme g\u00fcn\u00fcd\u00fcr\u201d<br \/>\n\u201cD\u00fcnya olarak i\u00e7inden ge\u00e7ti\u011fimiz bu zorlu g\u00fcnlerde, Cumhuriyetimiz, vatan\u0131m\u0131z ve gelece\u011fimiz i\u00e7in ortak t\u00fcm de\u011ferlerimizin etraf\u0131nda \u00e7ok daha g\u00fc\u00e7l\u00fc ve kararl\u0131 \u015fekilde kenetlenme ve birlik g\u00fcn\u00fcd\u00fcr\u201d diyen Ba\u015fkan Mustafa G\u00fcltak, mesaj\u0131n\u0131 \u015fu s\u00f6zlerle s\u00fcrd\u00fcrd\u00fc;<br \/>\n\u201cCumhuriyetimizin 100\u2019\u00fcnc\u00fc ya\u015f\u0131na do\u011fru ilerlerken; milletimizin Cumhuriyet Bayram\u0131&#8217;n\u0131 tebrik ediyorum. T\u00fcrkiye Cumhuriyeti&#8217;nin bug\u00fcnlere gelmesinde en b\u00fcy\u00fck paya sahip olan Gazi Mustafa Kemal\u2019i, Kahraman Silah Arkada\u015flar\u0131n\u0131 ve bu topraklar\u0131 bizlere vatan yapan aziz \u015eehitlerimizi \u015f\u00fckran, sayg\u0131 ve rahmetle an\u0131yorum. Onlar\u0131n \u00fcst\u00fcn cesaretini ve fedak\u00e2rl\u0131\u011f\u0131n\u0131 unutmamak en b\u00fcy\u00fck g\u00f6revimizdir. Bu duygu ve d\u00fc\u015f\u00fcncelerle; aziz ve fedak\u00e2r milletimizin ortak eseri ve de\u011feri; ba\u011f\u0131ms\u0131zl\u0131\u011f\u0131m\u0131z\u0131n, demokrasimizin, \u00f6zg\u00fcrl\u00fc\u011f\u00fcm\u00fcz ve egemenli\u011fimizin sembol\u00fc Cumhuriyetimizin 98\u2019inci ya\u015f\u0131n\u0131 tebrik ediyorum.\u201d<\/p>\n","protected":false},"excerpt":{"rendered":"<p>Akdeniz Belediye Ba\u015fkan\u0131 M. Mustafa G\u00fcltak, Cumhuriyet\u2019in Kurulu\u015fu\u2019nun 98\u2019inci y\u0131l\u0131 nedeniyle yay\u0131nlad\u0131\u011f\u0131 mesaj\u0131nda, \u201cKurtulu\u015f Sava\u015f\u0131m\u0131z\u0131 ta\u00e7land\u0131ran Cumhuriyetimizin 100&#8217;\u00fcnc\u00fc y\u0131l\u0131na emin ad\u0131mlarla ilerlerken, bu k\u0131ymetli miras\u0131 gelecek nesillerimize daha g\u00fc\u00e7l\u00fc kazan\u0131mlarla &hellip; <a href=\"https:\/\/akdenizolaygazetesi.com\/?p=14942\" class=\"more-link\">Devam\u0131n\u0131 Oku&#8230;<\/a><\/p>\n","protected":false},"author":2,"featured_media":14943,"comment_status":"open","ping_status":"open","sticky":false,"template":"","format":"standard","meta":[],"categories":[3],"tags":[],"_links":{"self":[{"href":"https:\/\/akdenizolaygazetesi.com\/index.php?rest_route=\/wp\/v2\/posts\/14942"}],"collection":[{"href":"https:\/\/akdenizolaygazetesi.com\/index.php?rest_route=\/wp\/v2\/posts"}],"about":[{"href":"https:\/\/akdenizolaygazetesi.com\/index.php?rest_route=\/wp\/v2\/types\/post"}],"author":[{"embeddable":true,"href":"https:\/\/akdenizolaygazetesi.com\/index.php?rest_route=\/wp\/v2\/users\/2"}],"replies":[{"embeddable":true,"href":"https:\/\/akdenizolaygazetesi.com\/index.php?rest_route=%2Fwp%2Fv2%2Fcomments&post=14942"}],"version-history":[{"count":1,"href":"https:\/\/akdenizolaygazetesi.com\/index.php?rest_route=\/wp\/v2\/posts\/14942\/revisions"}],"predecessor-version":[{"id":14944,"href":"https:\/\/akdenizolaygazetesi.com\/index.php?rest_route=\/wp\/v2\/posts\/14942\/revisions\/14944"}],"wp:featuredmedia":[{"embeddable":true,"href":"https:\/\/akdenizolaygazetesi.com\/index.php?rest_route=\/wp\/v2\/media\/14943"}],"wp:attachment":[{"href":"https:\/\/akdenizolaygazetesi.com\/index.php?rest_route=%2Fwp%2Fv2%2Fmedia&parent=14942"}],"wp:term":[{"taxonomy":"category","embeddable":true,"href":"https:\/\/akdenizolaygazetesi.com\/index.php?rest_route=%2Fwp%2Fv2%2Fcategories&post=14942"},{"taxonomy":"post_tag","embeddable":true,"href":"https:\/\/akdenizolaygazetesi.com\/index.php?rest_route=%2Fwp%2Fv2%2Ftags&post=14942"}],"curies":[{"name":"wp","href":"https:\/\/api.w.org\/{rel}","templated":true}]}}