{"id":14945,"date":"2021-10-29T11:21:50","date_gmt":"2021-10-29T08:21:50","guid":{"rendered":"http:\/\/akdenizolaygazetesi.com\/?p=14945"},"modified":"2021-10-29T11:21:50","modified_gmt":"2021-10-29T08:21:50","slug":"gezen-sinema-ogrencilerle-bulustu","status":"publish","type":"post","link":"https:\/\/akdenizolaygazetesi.com\/?p=14945","title":{"rendered":"GEZEN S\u0130NEMA, \u00d6\u011eRENC\u0130LERLE BULU\u015eTU"},"content":{"rendered":"<p>Akdeniz il\u00e7esine gelen \u2018Gezen Sinema TIR\u2019\u0131, \u00dc\u00e7 Ocak Ortaokulu \u00f6\u011frencileri ile bulu\u015ftu.  M\u00fczik dinletisiyle ba\u015flayan renkli ve e\u011flenceli etkinlikte okulun \u00f6\u011frencisi y\u00fczlerce \u00e7ocuk, beyaz perdede film izleme keyfini ya\u015fad\u0131.<br \/>\n\u0130\u00e7i\u015fleri Bakanl\u0131\u011f\u0131 \u0130\u00e7 G\u00fcvenlik Stratejileri Daire Ba\u015fkanl\u0131\u011f\u0131\u2019n\u0131n \u201cB\u00fcy\u00fck \u0130l\u00e7eler G\u00fcven ve D\u00f6n\u00fc\u015f\u00fcm Projesi\u201d kapsam\u0131nda; K\u00fclt\u00fcr ve Turizm Bakanl\u0131\u011f\u0131\u2019nca ba\u015flat\u0131lan Gezen Sinema TIR\u2019\u0131, Akdeniz Kaymakaml\u0131\u011f\u0131 himayesinde ve Akdeniz Belediyesi ev sahipli\u011finde halkla bulu\u015fmaya devam ediyor. D\u00fcn \u0130hsaniye (Melemez) Mahallesi sakinleri i\u00e7in ger\u00e7ekle\u015fen film g\u00f6steriminin ard\u0131ndan Gezen Sinema TIR\u2019\u0131n\u0131n bu seferki dura\u011f\u0131 \u00dc\u00e7 Ocak Ortaokulu oldu. Etkinli\u011fe, Akdeniz Kaymakam\u0131 Muhittin Pamuk, Akdeniz Belediye Ba\u015fkan\u0131 M. Mustafa G\u00fcltak, ba\u015fkan yard\u0131mc\u0131lar\u0131 ve birim m\u00fcd\u00fcrleri, \u00f6\u011fretmenler, b\u00fcrokratlar, \u00dc\u00e7 Ocak Mahalle Muhtar\u0131 Mehmet G\u00fcndo\u011fdu ile okulun \u00f6\u011frencileri kat\u0131ld\u0131.<br \/>\nBa\u015fkan G\u00fcltak; \u201cAkdeniz\u2019de ilklere imza at\u0131yoruz\u201d<br \/>\nEtkinlikte konu\u015fan Ba\u015fkan G\u00fcltak; \u201cPandemi s\u00fcrecinde baz\u0131 \u015feylere ara vermek zorunda kald\u0131k fakat art\u0131k atlat\u0131yoruz. Bu nedenle k\u00fclt\u00fcrel ve sanatsal etkinliklerimize yeniden h\u0131z verdik\u201d dedi. Etkinliklerin, 31 Ekim 2021 Pazar g\u00fcn\u00fcne dek s\u00fcrece\u011fini kaydederek projeyi ba\u015flatan Bakanl\u0131klara te\u015fekk\u00fcr eden Ba\u015fkan G\u00fcltak; \u201cSe\u00e7im zaman\u0131 annelerimizin benden talepleri oldu. Bunlardan biri de sinema idi. Ben de \u2018se\u00e7ilirsem sinemay\u0131 aya\u011f\u0131n\u0131za getirece\u011fim\u2019 dedim. Se\u00e7ildi\u011fimiz y\u0131l\u0131n ilk yaz\u0131nda bunu ba\u015flatt\u0131k ve sinemay\u0131 mahallelere g\u00f6t\u00fcrd\u00fck. \u0130lkini b\u00fcy\u00fck bir kalabal\u0131kla Cumhuriyet Meydan\u0131\u2019nda, M\u00fcsl\u00fcm Baba filmi ile ger\u00e7ekle\u015ftirdik. Etkinliklerimize bu yaz da devam ettik. Bir\u00e7ok mahallemizde ailelerimizi sinema ile bulu\u015fturduk\u201d diye konu\u015ftu. Yine g\u00f6revdeki ilk sene okul bah\u00e7elerine portatif y\u00fczme havuzlar\u0131 kurduklar\u0131n\u0131 belirten Ba\u015fkan G\u00fcltak, \u00fclke g\u00fcndemine d\u00fc\u015fen proje sayesinde 5 bin \u00e7ocu\u011fu havuzla bulu\u015fturup y\u00fczme \u00f6\u011frettiklerini kaydetti.<br \/>\n\u201cCumhuriyetimizin 98\u2019inci ya\u015f\u0131 kutlu olsun\u201d<br \/>\nCumhuriyet\u2019in 98\u2019inci ya\u015f\u0131n\u0131 da kutlad\u0131\u011f\u0131 konu\u015fmas\u0131nda Ba\u015fkan Mustafa G\u00fcltak; \u201cBiz b\u00fcy\u00fck bir Cumhuriyetiz. Allah\u2019\u0131n izniyle 2 sene sonra Cumhuriyetimizin 100\u2019\u00fcnc\u00fc y\u0131l\u0131n\u0131 kutlayaca\u011f\u0131z. T\u00fcm milletimizin Cumhuriyet Bayram\u0131 kutlu olsun\u201d dedi. Ba\u015fkan G\u00fcltak s\u00f6zlerini; \u201cBu projeyi hayata ge\u00e7iren t\u00fcm bakanlar\u0131m\u0131za, Hazine ve Maliye Bakan\u0131m\u0131z Say\u0131n L\u00fctfi Elvan\u2019a te\u015fekk\u00fcr ediyoruz. \u00d6zellikle de bug\u00fcnlere gelmemizde, bu okullar\u0131n yap\u0131lmas\u0131nda y\u0131llarca \u00e7al\u0131\u015fm\u0131\u015f, hayat\u0131n\u0131 milletine adam\u0131\u015f olan d\u00fcnya lideri Cumhurba\u015fkan\u0131m\u0131z Say\u0131n Recep Tayyip Erdo\u011fan\u2019a da ayr\u0131ca te\u015fekk\u00fcr ediyoruz\u201d \u015feklinde sonland\u0131rd\u0131.<br \/>\nKaymakam Pamuk; \u201cAkdeniz\u2019de sanat, cadde ve sokaklara ta\u015f\u0131yor\u201d<br \/>\nAkdeniz Kaymakam\u0131 Muhittin Pamuk ise konu\u015fmas\u0131nda, Akdeniz il\u00e7esinde \u00e7ok ciddi bir de\u011fi\u015fim ve d\u00f6n\u00fc\u015f\u00fcm ya\u015fand\u0131\u011f\u0131n\u0131n alt\u0131n\u0131 \u00e7izdi; \u201cAkdeniz\u2019de; sadece yol, kald\u0131r\u0131m, park, bah\u00e7enin \u00f6tesinde, k\u00fclt\u00fcrel ve sanatsal anlamda da b\u00fcy\u00fck bir d\u00f6n\u00fc\u015f\u00fcm ger\u00e7ekle\u015fiyor. Akdeniz\u2019de sanat, kapal\u0131 mek\u00e2nlardan \u00e7\u0131karak, cadde ve sokaklara ta\u015f\u0131yor. Birka\u00e7 hafta \u00f6nce Karaduvar\u2019da Balk\u0131 Festivali d\u00fczenlendi. Okullar\u0131m\u0131zda da yo\u011fun k\u00fclt\u00fcrel ve sanatsal etkinlikler ger\u00e7ekle\u015fiyor. Art\u0131k insanlar\u0131m\u0131z\u0131n, \u00f6\u011frencilerimizin sanatla bulu\u015fmas\u0131 kolayla\u015ft\u0131. Bu g\u00fczel etkinlikte desteklerini esirgemeyen H\u00fck\u00fcmetimize, \u0130\u00e7i\u015fleri Bakanl\u0131\u011f\u0131m\u0131za, K\u00fclt\u00fcr Bakanl\u0131\u011f\u0131m\u0131za, Say\u0131n Valimize ve ev sahipli\u011fi yapan Akdeniz Belediyesi\u2019ne \u00e7ok te\u015fekk\u00fcr ediyorum\u201d diye konu\u015ftu.<br \/>\nKonu\u015fmalar\u0131n ard\u0131ndan Akdeniz Kaymakam Muhittin Pamuk ve Ba\u015fkan Mustafa G\u00fcltak, \u00f6\u011frencilerle birlikte Gezen Sinema TIR\u2019\u0131na girip film izlediler. Etkinlikte \u00e7ocuklara patlam\u0131\u015f m\u0131s\u0131r ve meyve suyu da ikram edildi. <\/p>\n","protected":false},"excerpt":{"rendered":"<p>Akdeniz il\u00e7esine gelen \u2018Gezen Sinema TIR\u2019\u0131, \u00dc\u00e7 Ocak Ortaokulu \u00f6\u011frencileri ile bulu\u015ftu. M\u00fczik dinletisiyle ba\u015flayan renkli ve e\u011flenceli etkinlikte okulun \u00f6\u011frencisi y\u00fczlerce \u00e7ocuk, beyaz perdede film izleme keyfini ya\u015fad\u0131. \u0130\u00e7i\u015fleri &hellip; <a href=\"https:\/\/akdenizolaygazetesi.com\/?p=14945\" class=\"more-link\">Devam\u0131n\u0131 Oku&#8230;<\/a><\/p>\n","protected":false},"author":2,"featured_media":14946,"comment_status":"open","ping_status":"open","sticky":false,"template":"","format":"standard","meta":[],"categories":[2,3,5],"tags":[],"_links":{"self":[{"href":"https:\/\/akdenizolaygazetesi.com\/index.php?rest_route=\/wp\/v2\/posts\/14945"}],"collection":[{"href":"https:\/\/akdenizolaygazetesi.com\/index.php?rest_route=\/wp\/v2\/posts"}],"about":[{"href":"https:\/\/akdenizolaygazetesi.com\/index.php?rest_route=\/wp\/v2\/types\/post"}],"author":[{"embeddable":true,"href":"https:\/\/akdenizolaygazetesi.com\/index.php?rest_route=\/wp\/v2\/users\/2"}],"replies":[{"embeddable":true,"href":"https:\/\/akdenizolaygazetesi.com\/index.php?rest_route=%2Fwp%2Fv2%2Fcomments&post=14945"}],"version-history":[{"count":1,"href":"https:\/\/akdenizolaygazetesi.com\/index.php?rest_route=\/wp\/v2\/posts\/14945\/revisions"}],"predecessor-version":[{"id":14947,"href":"https:\/\/akdenizolaygazetesi.com\/index.php?rest_route=\/wp\/v2\/posts\/14945\/revisions\/14947"}],"wp:featuredmedia":[{"embeddable":true,"href":"https:\/\/akdenizolaygazetesi.com\/index.php?rest_route=\/wp\/v2\/media\/14946"}],"wp:attachment":[{"href":"https:\/\/akdenizolaygazetesi.com\/index.php?rest_route=%2Fwp%2Fv2%2Fmedia&parent=14945"}],"wp:term":[{"taxonomy":"category","embeddable":true,"href":"https:\/\/akdenizolaygazetesi.com\/index.php?rest_route=%2Fwp%2Fv2%2Fcategories&post=14945"},{"taxonomy":"post_tag","embeddable":true,"href":"https:\/\/akdenizolaygazetesi.com\/index.php?rest_route=%2Fwp%2Fv2%2Ftags&post=14945"}],"curies":[{"name":"wp","href":"https:\/\/api.w.org\/{rel}","templated":true}]}}