{"id":14948,"date":"2021-10-29T11:24:14","date_gmt":"2021-10-29T08:24:14","guid":{"rendered":"http:\/\/akdenizolaygazetesi.com\/?p=14948"},"modified":"2021-10-29T11:24:14","modified_gmt":"2021-10-29T08:24:14","slug":"tarsus-kultur-parkta-cumhuriyet-bayrami-kutlamasi","status":"publish","type":"post","link":"https:\/\/akdenizolaygazetesi.com\/?p=14948","title":{"rendered":"TARSUS K\u00dcLT\u00dcR PARK\u2019TA CUMHUR\u0130YET BAYRAMI KUTLAMASI"},"content":{"rendered":"<p>Mersin B\u00fcy\u00fck\u015fehir Belediyesi, Cumhuriyet Bayram\u0131 co\u015fkusunu d\u00fczenledi\u011fi farkl\u0131 etkinliklerle her ya\u015ftan vatanda\u015fa ya\u015fat\u0131yor. B\u00fcy\u00fck\u015fehir Belediyesi Sosyal Hizmetler Dairesi Ba\u015fkanl\u0131\u011f\u0131\u2019na ba\u011fl\u0131 olan Mersin Yeni\u015fehir ve Tarsus Emekli Evi \u00fcyeleri, d\u00fczenlenen ortak programda bir araya gelerek 29 Ekim Cumhuriyet Bayram\u0131 co\u015fkusunu ya\u015fad\u0131.<\/p>\n<p>Mersin\u2019den otob\u00fcslerle al\u0131nan Yeni\u015fehir Emekli Evi \u00fcyeleri, Tarsus\u2019a g\u00f6t\u00fcr\u00fcld\u00fc. Kentin tarihi alanlar\u0131n\u0131 da gezen Yeni\u015fehir Emekli Evi \u00fcyeleri, Tarsus Emekli Evi \u00fcyelerinin de kat\u0131l\u0131m g\u00f6sterdi\u011fi programda dolu dolu bir g\u00fcn ge\u00e7irdi. Tarsus K\u00fclt\u00fcr Park i\u00e7erisinde yer alan Emekli Evi \u00f6n\u00fcnde do\u011fal ortamda ger\u00e7ekle\u015fen etkinlikte \u00f6nce t\u00fcm misafirlere yemek ikram\u0131 yap\u0131ld\u0131.<\/p>\n<p>Sosyal Hizmetler Dairesi Ba\u015fkanl\u0131\u011f\u0131 Sosyal Hizmetler \u015eube M\u00fcd\u00fcr\u00fc \u00d6zlem Ya\u015far, B\u00fcy\u00fck\u015fehir Belediyesi\u2019nin Emekli Evi \u00fcyelerine y\u00f6nelik etkinliklerinin s\u00fcrece\u011fini ifade ederek, \u201cHepinizle burada olmak \u00e7ok g\u00fczel. Sizlere Vahap Ba\u015fkan\u0131m\u0131z\u0131n selamlar\u0131n\u0131 iletiyorum. B\u00fcy\u00fck\u015fehir Belediyemizin di\u011fer dairelerinin etkinlikleri de devam edecek. Hepinizi o etkinliklere de bekliyoruz\u201d dedi.<\/p>\n<p>Programda B\u00fcy\u00fck\u015fehir Belediyesi T\u00fcrk Sanat M\u00fczi\u011fi Toplulu\u011fu, Ulu \u00d6nder Mustafa Kemal Atat\u00fcrk\u2019\u00fcn sevdi\u011fi \u015fark\u0131lar ba\u015fta olmak \u00fczere seslendirdi\u011fi bir\u00e7ok eserle Emekli Evi \u00fcyelerine keyifli dakikalar ya\u015fatt\u0131. Emekli Evi \u00fcyeleri 10. Y\u0131l Mar\u015f\u0131\u2019n\u0131 hep bir a\u011f\u0131zdan co\u015fkuyla s\u00f6yledi. Ard\u0131ndan Emekli Evi \u00fcyesi olan \u0130mam \u00d6zel, Mecit G\u00fcr ve Mehmet G\u00f6knur \u015fiirler okudu.<\/p>\n","protected":false},"excerpt":{"rendered":"<p>Mersin B\u00fcy\u00fck\u015fehir Belediyesi, Cumhuriyet Bayram\u0131 co\u015fkusunu d\u00fczenledi\u011fi farkl\u0131 etkinliklerle her ya\u015ftan vatanda\u015fa ya\u015fat\u0131yor. B\u00fcy\u00fck\u015fehir Belediyesi Sosyal Hizmetler Dairesi Ba\u015fkanl\u0131\u011f\u0131\u2019na ba\u011fl\u0131 olan Mersin Yeni\u015fehir ve Tarsus Emekli Evi \u00fcyeleri, d\u00fczenlenen ortak &hellip; <a href=\"https:\/\/akdenizolaygazetesi.com\/?p=14948\" class=\"more-link\">Devam\u0131n\u0131 Oku&#8230;<\/a><\/p>\n","protected":false},"author":2,"featured_media":14949,"comment_status":"open","ping_status":"open","sticky":false,"template":"","format":"standard","meta":[],"categories":[3,5],"tags":[],"_links":{"self":[{"href":"https:\/\/akdenizolaygazetesi.com\/index.php?rest_route=\/wp\/v2\/posts\/14948"}],"collection":[{"href":"https:\/\/akdenizolaygazetesi.com\/index.php?rest_route=\/wp\/v2\/posts"}],"about":[{"href":"https:\/\/akdenizolaygazetesi.com\/index.php?rest_route=\/wp\/v2\/types\/post"}],"author":[{"embeddable":true,"href":"https:\/\/akdenizolaygazetesi.com\/index.php?rest_route=\/wp\/v2\/users\/2"}],"replies":[{"embeddable":true,"href":"https:\/\/akdenizolaygazetesi.com\/index.php?rest_route=%2Fwp%2Fv2%2Fcomments&post=14948"}],"version-history":[{"count":1,"href":"https:\/\/akdenizolaygazetesi.com\/index.php?rest_route=\/wp\/v2\/posts\/14948\/revisions"}],"predecessor-version":[{"id":14950,"href":"https:\/\/akdenizolaygazetesi.com\/index.php?rest_route=\/wp\/v2\/posts\/14948\/revisions\/14950"}],"wp:featuredmedia":[{"embeddable":true,"href":"https:\/\/akdenizolaygazetesi.com\/index.php?rest_route=\/wp\/v2\/media\/14949"}],"wp:attachment":[{"href":"https:\/\/akdenizolaygazetesi.com\/index.php?rest_route=%2Fwp%2Fv2%2Fmedia&parent=14948"}],"wp:term":[{"taxonomy":"category","embeddable":true,"href":"https:\/\/akdenizolaygazetesi.com\/index.php?rest_route=%2Fwp%2Fv2%2Fcategories&post=14948"},{"taxonomy":"post_tag","embeddable":true,"href":"https:\/\/akdenizolaygazetesi.com\/index.php?rest_route=%2Fwp%2Fv2%2Ftags&post=14948"}],"curies":[{"name":"wp","href":"https:\/\/api.w.org\/{rel}","templated":true}]}}