{"id":14951,"date":"2021-10-29T11:26:10","date_gmt":"2021-10-29T08:26:10","guid":{"rendered":"http:\/\/akdenizolaygazetesi.com\/?p=14951"},"modified":"2021-10-29T11:26:10","modified_gmt":"2021-10-29T08:26:10","slug":"ozel-bireyler-29-ekim-coskusunu-ankarada-yasadi","status":"publish","type":"post","link":"https:\/\/akdenizolaygazetesi.com\/?p=14951","title":{"rendered":"\u00d6ZEL B\u0130REYLER 29 EK\u0130M CO\u015eKUSUNU ANKARA\u2019DA YA\u015eADI"},"content":{"rendered":"<p>Mersin B\u00fcy\u00fck\u015fehir Belediyesi Engelliler ve Sa\u011fl\u0131k Hizmetleri Dairesi, 29 Ekim Cumhuriyet Bayram\u0131 etkinlikleri kapsam\u0131nda \u00f6zel gereksinimli bireyleri ve ailelerini An\u0131tkabir\u2019e g\u00f6t\u00fcrd\u00fc. Cumhuriyetin kurulu\u015funun 98. y\u0131l\u0131n\u0131 Ankara\u2019da kutlayan \u00f6zel gereksinimli bireyler, An\u0131tkabir\u2019de duygu dolu anlar ya\u015fad\u0131.<\/p>\n<p>An\u0131tkabir\u2019i ilk defa g\u00f6rd\u00fcler<\/p>\n<p>Aralar\u0131nda daha \u00f6nce hi\u00e7 An\u0131tkabir\u2019i g\u00f6rme f\u0131rsat\u0131 olmam\u0131\u015f bireylerin de oldu\u011fu gezide, \u00f6nce rehber e\u015fli\u011finde An\u0131tkabir\u2019in t\u00fcm b\u00f6l\u00fcmleri gezildi. Ulu \u00d6nder Mustafa Kemal Atat\u00fcrk\u2019\u00fc ebedi istirahatgah\u0131nda ziyaret eden kat\u0131l\u0131mc\u0131lar, duygu dolu anlar ya\u015fad\u0131. CHP Mersin Milletvekili Alpay Antmen de An\u0131tkabir ziyaretine kat\u0131larak, \u00f6zel gereksinimli bireyleri yaln\u0131z b\u0131rakmad\u0131.<\/p>\n<p>An\u0131tkabir ziyaretinin ard\u0131ndan Ulus\u2019ta bulunan Kurtulu\u015f Sava\u015f\u0131 M\u00fczesi ve Cumhuriyet M\u00fczesi\u2019ni gezen kat\u0131l\u0131mc\u0131lar, Cumhuriyet\u2019in kurulu\u015funa tan\u0131kl\u0131k eden iki tarihi binay\u0131 g\u00f6rmenin mutlulu\u011funu ya\u015fad\u0131. Kat\u0131l\u0131mc\u0131lar son olarak Feza G\u00fcrsey Bilim Merkezi\u2019ni gezdi. Burada ger\u00e7ekle\u015ftirilen s\u0131v\u0131 azot ve elektrik g\u00f6sterisini ilgiyle izleyen kat\u0131l\u0131mc\u0131lar, unutmayacaklar\u0131 bir 29 Ekim Cumhuriyet Bayram\u0131 co\u015fkusu ya\u015fad\u0131.<\/p>\n","protected":false},"excerpt":{"rendered":"<p>Mersin B\u00fcy\u00fck\u015fehir Belediyesi Engelliler ve Sa\u011fl\u0131k Hizmetleri Dairesi, 29 Ekim Cumhuriyet Bayram\u0131 etkinlikleri kapsam\u0131nda \u00f6zel gereksinimli bireyleri ve ailelerini An\u0131tkabir\u2019e g\u00f6t\u00fcrd\u00fc. Cumhuriyetin kurulu\u015funun 98. y\u0131l\u0131n\u0131 Ankara\u2019da kutlayan \u00f6zel gereksinimli bireyler, &hellip; <a href=\"https:\/\/akdenizolaygazetesi.com\/?p=14951\" class=\"more-link\">Devam\u0131n\u0131 Oku&#8230;<\/a><\/p>\n","protected":false},"author":2,"featured_media":14952,"comment_status":"open","ping_status":"open","sticky":false,"template":"","format":"standard","meta":[],"categories":[3,5],"tags":[],"_links":{"self":[{"href":"https:\/\/akdenizolaygazetesi.com\/index.php?rest_route=\/wp\/v2\/posts\/14951"}],"collection":[{"href":"https:\/\/akdenizolaygazetesi.com\/index.php?rest_route=\/wp\/v2\/posts"}],"about":[{"href":"https:\/\/akdenizolaygazetesi.com\/index.php?rest_route=\/wp\/v2\/types\/post"}],"author":[{"embeddable":true,"href":"https:\/\/akdenizolaygazetesi.com\/index.php?rest_route=\/wp\/v2\/users\/2"}],"replies":[{"embeddable":true,"href":"https:\/\/akdenizolaygazetesi.com\/index.php?rest_route=%2Fwp%2Fv2%2Fcomments&post=14951"}],"version-history":[{"count":1,"href":"https:\/\/akdenizolaygazetesi.com\/index.php?rest_route=\/wp\/v2\/posts\/14951\/revisions"}],"predecessor-version":[{"id":14953,"href":"https:\/\/akdenizolaygazetesi.com\/index.php?rest_route=\/wp\/v2\/posts\/14951\/revisions\/14953"}],"wp:featuredmedia":[{"embeddable":true,"href":"https:\/\/akdenizolaygazetesi.com\/index.php?rest_route=\/wp\/v2\/media\/14952"}],"wp:attachment":[{"href":"https:\/\/akdenizolaygazetesi.com\/index.php?rest_route=%2Fwp%2Fv2%2Fmedia&parent=14951"}],"wp:term":[{"taxonomy":"category","embeddable":true,"href":"https:\/\/akdenizolaygazetesi.com\/index.php?rest_route=%2Fwp%2Fv2%2Fcategories&post=14951"},{"taxonomy":"post_tag","embeddable":true,"href":"https:\/\/akdenizolaygazetesi.com\/index.php?rest_route=%2Fwp%2Fv2%2Ftags&post=14951"}],"curies":[{"name":"wp","href":"https:\/\/api.w.org\/{rel}","templated":true}]}}