{"id":14954,"date":"2021-10-29T11:27:32","date_gmt":"2021-10-29T08:27:32","guid":{"rendered":"http:\/\/akdenizolaygazetesi.com\/?p=14954"},"modified":"2021-10-29T11:27:32","modified_gmt":"2021-10-29T08:27:32","slug":"cumhuriyeti-bize-armagan-etmis-tum-atalarimizi-saygiyla-minnetle-anacagiz","status":"publish","type":"post","link":"https:\/\/akdenizolaygazetesi.com\/?p=14954","title":{"rendered":"\u201cCUMHUR\u0130YET\u0130 B\u0130ZE ARMA\u011eAN ETM\u0130\u015e T\u00dcM ATALARIMIZI SAYGIYLA, M\u0130NNETLE ANACA\u011eIZ\u201d"},"content":{"rendered":"<p>Mersin B\u00fcy\u00fck\u015fehir Belediyesi\u2019nin 29 Ekim Cumhuriyet Bayram\u0131\u2019n\u0131n 98. y\u0131l\u0131 dolay\u0131s\u0131yla \u201cCumhuriyet Hepimizin, Konser Hepimizin\u201d slogan\u0131yla Tarsus\u2019ta d\u00fczenledi\u011fi \u00fccretsiz konserde Athena  sahne ald\u0131. Binlerce vatanda\u015f\u0131n ak\u0131n etti\u011fi konserde, Athena\u2019n\u0131n ba\u015far\u0131l\u0131 sahne performans\u0131yla Tarsus\u2019ta unutulmaz bir bayram co\u015fkusu ya\u015fand\u0131. B\u00fcy\u00fck\u015fehir Belediye Ba\u015fkan\u0131 Vahap Se\u00e7er, konserde Athena grubuna \u00e7i\u00e7ek takdim etti. \u201cHer \u015eey G\u00fczel Olacak\u201d \u015fark\u0131s\u0131na co\u015fkuyla e\u015flik eden gen\u00e7lerden \u201cVahap Ba\u015fkan\u201d ve \u201cMustafa Kemal\u2019in Askerleriyiz\u201d sloganlar\u0131 y\u00fckseldi.<\/p>\n<p>Athena konserine Ba\u015fkan Se\u00e7er\u2019in yan\u0131 s\u0131ra B\u00fcy\u00fck\u015fehir Belediye Meclis \u00dcyeleri, CHP Tarsus \u0130l\u00e7e Ba\u015fkan\u0131 Ozan Varal ve \u00e7o\u011funlu\u011fu gen\u00e7lerden olu\u015fan binlerce vatanda\u015f kat\u0131ld\u0131.<\/p>\n<p>\u201cAthena orkestras\u0131na, sanat\u00e7\u0131lar\u0131na \u00e7ok te\u015fekk\u00fcr ediyorum\u201d<\/p>\n<p>Athena grubuna \u00e7i\u00e7ek takdim eden Ba\u015fkan Se\u00e7er, \u201cBug\u00fcn buraya iki \u015fey i\u00e7in geldim. \u00c7ok \u00f6nemli bir g\u00fcn, kabul ediyorum Cumhuriyet Bayram\u0131 ama Tarsus benim do\u011fdu\u011fum yer. Bir onun i\u00e7in geldim. \u0130kincisi ise Athena\u2019y\u0131 \u00e7ok seviyorum. Ger\u00e7ekten \u00e7ok seviyorum. Hani diyorlar ya, \u2018Her \u015fey g\u00fczel olacak.\u2019 Zaten her \u015fey g\u00fczel olmuyor mu? \u00c7ok keyifli dakikalar ya\u015f\u0131yorsunuz. Sizleri \u00e7ok seviyorum. Bug\u00fcn Cumhuriyet Bayram\u0131. Bir g\u00f6revimiz var. Ba\u015fta Ulu \u00d6nder Mustafa Kemal Atat\u00fcrk\u2019\u00fc, onunla beraber m\u00fccadele etmi\u015f, bu Cumhuriyeti bize arma\u011fan etmi\u015f t\u00fcm atalar\u0131m\u0131z\u0131 sayg\u0131yla, minnetle anaca\u011f\u0131z. Onlar\u0131n ruhu \u015fad olsun. Cumhuriyet Bayram\u0131n\u0131z kutlu olsun. T\u00fcm Athena orkestras\u0131na, sanat\u00e7\u0131lar\u0131na \u00e7ok te\u015fekk\u00fcr ediyorum\u201d dedi.<\/p>\n<p>Gen\u00e7lerden o ses y\u00fckseldi: \u201cHer \u015fey g\u00fczel olacak\u201d<\/p>\n<p>Tarsus Cumhuriyet Meydan\u0131 gen\u00e7lerle doldu ta\u015ft\u0131. Cumhuriyet Bayram\u0131\u2019nda Tarsuslularla bulu\u015fan Athena, sahnede \u2018Kafama G\u00f6re\u2019, \u2018Ya\u015famak Var Ya\u2019 ve \u2018Yalan\u2019 gibi sevilen bir\u00e7ok \u015fark\u0131s\u0131n\u0131 seslendirdi. Athena\u2019n\u0131n \u201cHer \u015eey G\u00fczel Olacak\u201d \u015fark\u0131s\u0131n\u0131 ise binlerce Tarsuslu hep bir a\u011f\u0131zdan s\u00f6yledi. Balkonlardan ve alandan Cumhuriyet co\u015fkusuna ortak olan Tarsuslular, \u0130zmir Mar\u015f\u0131\u2019na da e\u015flik ederek, ellerindeki T\u00fcrk bayraklar\u0131n\u0131 dalgaland\u0131rd\u0131. Athena; \u201cSevgiyle ve a\u015fkla\u2026 Cumhuriyet, h\u00fcrriyet demek\u201d diyerek, bu co\u015fkuyu Tarsuslularla birlikte kutlamaktan mutluluk duydu\u011funu belirtti.<\/p>\n<p>\u201cMersin\u2019den bu konser i\u00e7in geldim\u201d<\/p>\n<p>Athena konseri oldu\u011funu duyunca konser i\u00e7in Mersin merkezden Tarsus\u2019a geldi\u011fini belirten Buse I\u015f\u0131ldakl\u0131, \u201cBu konser i\u00e7in geldim. \u0130yi ki de gelmi\u015fim. Athena\u2019y\u0131 \u00e7ok seviyorum. Zaten onun s\u0131k\u0131 takip\u00e7isiyim, b\u00fcy\u00fck hayran\u0131y\u0131m, kendisini \u00e7ok seviyorum. A\u015f\u0131r\u0131 e\u011flendirdi, \u00e7ok g\u00fczeldi. Hepimizin Cumhuriyet Bayram\u0131 kutlu olsun\u201d dedi.<\/p>\n<p>Berfu Da\u011f ise konserden keyif ald\u0131\u011f\u0131n\u0131 vurgulayarak, \u201cYa\u015f grubu harika, tam bizlere g\u00f6re olmu\u015f. Athena gen\u00e7ler i\u00e7in zaten iyi bir grup. Do\u011fru bir tercih olmu\u015f, te\u015fekk\u00fcr ederim Vahap Se\u00e7er\u2019e\u201d diye konu\u015ftu.<\/p>\n<p>\u201cMersin\u2019de \u00f6\u011frencilere \u00e7ok iyi imkan sa\u011flan\u0131yor\u201d<\/p>\n<p>Konserin bir ba\u015fka gen\u00e7 dinleyicilerinden \u00fcniversite \u00f6\u011frencisi Mahmudiye Demir, Athena konserinin kendilerine \u00e7ok iyi geldi\u011fini s\u00f6yledi. Mersin\u2019in k\u00fclt\u00fcr sanat anlam\u0131nda \u00e7ok iyi imkanlar sundu\u011funu s\u00f6yleyen Demir, \u201c\u00d6\u011frencilere \u00e7ok iyi imkan sa\u011flan\u0131yor bence. \u00d6zellikle \u00fccretsiz olmas\u0131 bizim i\u00e7in \u00e7ok iyi oldu. Athena\u2019y\u0131 \u00e7ok seviyorum. Vizeler \u00f6ncesi bu konser \u00e7ok iyi oldu bizim i\u00e7in\u201d diye konu\u015ftu.<\/p>\n","protected":false},"excerpt":{"rendered":"<p>Mersin B\u00fcy\u00fck\u015fehir Belediyesi\u2019nin 29 Ekim Cumhuriyet Bayram\u0131\u2019n\u0131n 98. y\u0131l\u0131 dolay\u0131s\u0131yla \u201cCumhuriyet Hepimizin, Konser Hepimizin\u201d slogan\u0131yla Tarsus\u2019ta d\u00fczenledi\u011fi \u00fccretsiz konserde Athena sahne ald\u0131. Binlerce vatanda\u015f\u0131n ak\u0131n etti\u011fi konserde, Athena\u2019n\u0131n ba\u015far\u0131l\u0131 sahne &hellip; <a href=\"https:\/\/akdenizolaygazetesi.com\/?p=14954\" class=\"more-link\">Devam\u0131n\u0131 Oku&#8230;<\/a><\/p>\n","protected":false},"author":2,"featured_media":14955,"comment_status":"open","ping_status":"open","sticky":false,"template":"","format":"standard","meta":[],"categories":[1,3,5],"tags":[],"_links":{"self":[{"href":"https:\/\/akdenizolaygazetesi.com\/index.php?rest_route=\/wp\/v2\/posts\/14954"}],"collection":[{"href":"https:\/\/akdenizolaygazetesi.com\/index.php?rest_route=\/wp\/v2\/posts"}],"about":[{"href":"https:\/\/akdenizolaygazetesi.com\/index.php?rest_route=\/wp\/v2\/types\/post"}],"author":[{"embeddable":true,"href":"https:\/\/akdenizolaygazetesi.com\/index.php?rest_route=\/wp\/v2\/users\/2"}],"replies":[{"embeddable":true,"href":"https:\/\/akdenizolaygazetesi.com\/index.php?rest_route=%2Fwp%2Fv2%2Fcomments&post=14954"}],"version-history":[{"count":1,"href":"https:\/\/akdenizolaygazetesi.com\/index.php?rest_route=\/wp\/v2\/posts\/14954\/revisions"}],"predecessor-version":[{"id":14956,"href":"https:\/\/akdenizolaygazetesi.com\/index.php?rest_route=\/wp\/v2\/posts\/14954\/revisions\/14956"}],"wp:featuredmedia":[{"embeddable":true,"href":"https:\/\/akdenizolaygazetesi.com\/index.php?rest_route=\/wp\/v2\/media\/14955"}],"wp:attachment":[{"href":"https:\/\/akdenizolaygazetesi.com\/index.php?rest_route=%2Fwp%2Fv2%2Fmedia&parent=14954"}],"wp:term":[{"taxonomy":"category","embeddable":true,"href":"https:\/\/akdenizolaygazetesi.com\/index.php?rest_route=%2Fwp%2Fv2%2Fcategories&post=14954"},{"taxonomy":"post_tag","embeddable":true,"href":"https:\/\/akdenizolaygazetesi.com\/index.php?rest_route=%2Fwp%2Fv2%2Ftags&post=14954"}],"curies":[{"name":"wp","href":"https:\/\/api.w.org\/{rel}","templated":true}]}}