{"id":14957,"date":"2021-10-30T17:44:00","date_gmt":"2021-10-30T14:44:00","guid":{"rendered":"http:\/\/akdenizolaygazetesi.com\/?p=14957"},"modified":"2021-10-30T17:44:00","modified_gmt":"2021-10-30T14:44:00","slug":"iyi-ki-bu-topraklarda-mustafa-kemal-ataturk-gibi-yigitler-cikti-vatanseverler-cikti","status":"publish","type":"post","link":"https:\/\/akdenizolaygazetesi.com\/?p=14957","title":{"rendered":"\u201c\u0130yi ki bu topraklarda Mustafa Kemal Atat\u00fcrk gibi yi\u011fitler \u00e7\u0131kt\u0131, vatanseverler \u00e7\u0131kt\u0131\u201d"},"content":{"rendered":"<p>Mersin B\u00fcy\u00fck\u015fehir Belediye Ba\u015fkan\u0131 Vahap Se\u00e7er, 29 Ekim Cumhuriyet Bayram\u0131\u2019n\u0131n 98. y\u0131l d\u00f6n\u00fcm\u00fc dolay\u0131s\u0131yla, CHP Mersin \u0130l Ba\u015fkanl\u0131\u011f\u0131 taraf\u0131ndan d\u00fczenlenen alternatif kutlama program\u0131na kat\u0131ld\u0131. 2023\u2019\u00fcn T\u00fcrkiye\u2019de siyasi tarihin bir k\u0131r\u0131lma noktas\u0131 olaca\u011f\u0131n\u0131 vurgulayan Se\u00e7er, \u201cTahrip olan hukuk sistemini, adalet sistemini, gelir da\u011f\u0131l\u0131m\u0131nda adaletsizli\u011fi, e\u015fit yurtta\u015f haklar\u0131n\u0131n tahkimini, insan haklar\u0131n\u0131, ifade \u00f6zg\u00fcrl\u00fc\u011f\u00fcn\u00fc, eskisinden \u00e7ok daha zengin bir \u015fekilde bu \u00fclkeye tekrar biz kazand\u0131raca\u011f\u0131z\u201d dedi.<br \/>\nCumhuriyet Meydan\u0131\u2019nda ger\u00e7ekle\u015ftirilen alternatif kutlama program\u0131na; Mersin B\u00fcy\u00fck\u015fehir Belediye Ba\u015fkan\u0131 Vahap Se\u00e7er ve e\u015fi Meral Se\u00e7er, Mersin Milletvekilleri Alpay Antmen ile Cengiz G\u00f6k\u00e7el, \u0130l Ba\u015fkan\u0131 Adil Aktay, \u0130l Kad\u0131n Kollar\u0131 Ba\u015fkan\u0131 G\u00fcl\u015fah Y\u0131ld\u0131r\u0131m Gen\u00e7, \u0130l Gen\u00e7lik Kollar\u0131 Ba\u015fkan\u0131 Alk\u0131m S\u00fcmer, il ve il\u00e7e y\u00f6neticileri, Meclis \u00fcyeleri ve partililer kat\u0131ld\u0131. Program kapsam\u0131nda ilk olarak Atat\u00fcrk An\u0131t\u0131\u2019na \u00e7elenk sunuldu.<br \/>\n\u201c\u0130yi ki bu topraklarda Mustafa Kemal Atat\u00fcrk gibi yi\u011fitler \u00e7\u0131kt\u0131, vatanseverler \u00e7\u0131kt\u0131\u201d<br \/>\nT\u00f6rende konu\u015fan B\u00fcy\u00fck\u015fehir Belediye Ba\u015fkan\u0131 Se\u00e7er, Ulu \u00d6nder Mustafa Kemal Atat\u00fcrk ve beraberindeki m\u00fccadele arkada\u015flar\u0131 sayesinde daha ayd\u0131nl\u0131k bir \u00fclkede ya\u015fad\u0131\u011f\u0131m\u0131z\u0131 vurgulad\u0131. \u201cBug\u00fcn Cumhuriyet Bayram\u0131.  98 y\u0131l. Yani bir asr\u0131 devirece\u011fiz. Birinci y\u00fczy\u0131l bitiyor; hem Cumhuriyet\u2019in hem Cumhuriyetimizi kuran partimizin. Bu Cumhuriyet ve bu parti, sava\u015f meydanlar\u0131ndan; m\u00fccadeleyle, kanla, al\u0131n teriyle, vefayla, sadakatle, birlikle, beraberlikle \u00e7\u0131kt\u0131. Bir ulus yarat\u0131ld\u0131. 600 y\u0131ll\u0131k imparatorlu\u011fun k\u00fcllerinden yeniden bir umut ye\u015ferdi. Ba\u015fta Ulu \u00d6nder Mustafa Kemal Atat\u00fcrk ve onun m\u00fccadele arkada\u015flar\u0131n\u0131n \u00f6n\u00fcnde sayg\u0131yla ve minnetle e\u011filiyorum. \u0130yi ki bu topraklarda Mustafa Kemal Atat\u00fcrk gibi yi\u011fitler \u00e7\u0131kt\u0131, vatanseverler \u00e7\u0131kt\u0131, m\u00fccadele insanlar\u0131 \u00e7\u0131kt\u0131. Onun i\u00e7in tam ba\u011f\u0131ms\u0131z, Misak-i Milli s\u0131n\u0131rlar\u0131 i\u00e7erisinde; ate\u015f topuna d\u00f6nm\u00fc\u015f bir co\u011frafyan\u0131n ortas\u0131nda \u00e7\u00f6lde bir vaha gibi, denizin ortas\u0131nda bir ada gibi ayd\u0131nl\u0131k bir \u00fclkede ya\u015fama imk\u00e2n\u0131na sahibiz\u201d dedi.<br \/>\n\u201cBen herkesin belediye ba\u015fkan\u0131y\u0131m\u201d<br \/>\nCumhuriyetin ve CHP\u2019nin yeni y\u00fczy\u0131la haz\u0131rland\u0131\u011f\u0131n\u0131 vurgulayan Ba\u015fkan Se\u00e7er, \u201cGeride b\u0131rakaca\u011f\u0131m\u0131z y\u00fczy\u0131lda, T\u00fcrkiye\u2019de ya\u015fayan do\u011fudan bat\u0131ya, kuzeyden g\u00fcneye b\u00fct\u00fcn insanlar\u0131m\u0131z, her rengimiz \u00e7ok ac\u0131lar g\u00f6rd\u00fc. Ekonomik sefaletler g\u00f6rd\u00fc. Siyasi cinayetler g\u00f6rd\u00fc, yokluklar g\u00f6rd\u00fc, d\u00fcnya sava\u015flar\u0131 g\u00f6rd\u00fc. Olmayan bu kurumlar\u0131n kurulmas\u0131n\u0131, onlar\u0131n tahkim edilmesini, emekleri g\u00f6rd\u00fc. Al\u0131n terlerini g\u00f6rd\u00fc. \u0130limi, bilimi g\u00f6rd\u00fc, irfan\u0131 g\u00f6rd\u00fc\u201d dedi.<br \/>\nMersin\u2019de ya\u015fayan 2 milyon 300 bin T\u00fcrkiye Cumhuriyeti kimli\u011fi ta\u015f\u0131yan ya da \u201ckandan, sava\u015ftan, kaostan gelmi\u015f bu b\u00f6lgede s\u0131\u011f\u0131nm\u0131\u015f garibin, gureban\u0131n\u201d belediye ba\u015fkan\u0131 oldu\u011funu belirten Ba\u015fkan Se\u00e7er, \u201cKentte ya\u015fan b\u00fct\u00fcn siyasi partilere mensup vatanda\u015flar\u0131m\u0131n belediye ba\u015fkan\u0131y\u0131m. Atat\u00fcrk de bu Cumhuriyeti onun i\u00e7in kurdu. E\u011fer Cumhuriyet\u2019in i\u00e7erisini dolduramazsan\u0131z hi\u00e7bir k\u0131ymeti harbiyesi yok\u201d diye konu\u015ftu.<br \/>\n\u201cHer yerde \u00e7al\u0131\u015f\u0131yoruz ve \u00e7al\u0131\u015fmaya devam edece\u011fiz\u201d<br \/>\nSe\u00e7er, CHP\u2019li t\u00fcm belediyelerin vatanda\u015flar\u0131n refah\u0131 i\u00e7in canla ba\u015fla \u00e7al\u0131\u015ft\u0131\u011f\u0131n\u0131n alt\u0131n\u0131 \u00e7izerek,  \u201cY\u00f6n\u00fcn\u00fcz\u00fc G\u00fcney\u2019e \u00e7evirin, G\u00fcneydo\u011fu\u2019ya \u00e7evirin, Kafkaslar\u2019a \u00e7evirin. \u00c7ok Cumhuriyetler var, teneke gibi i\u00e7i bombo\u015f ama T\u00fcrkiye Cumhuriyeti Anayasa\u2019n\u0131n laik, demokratik, sosyal, hukuk devleti amir h\u00fckm\u00fcnde yer ald\u0131\u011f\u0131 gibi i\u00e7i dolu dolu bir Cumhuriyettir. E\u011fer siz Cumhuriyetinizin i\u00e7ini demokrasiyle, demokrasinin temel ilkeleri ile dolduram\u0131yorsan\u0131z, hatta g\u00fcn\u00fcm\u00fczde oldu\u011fu gibi olan\u0131 da yok ediyorsan\u0131z, zay\u0131flat\u0131yorsan\u0131z siz o Cumhuriyet\u2019e en b\u00fcy\u00fck zarar\u0131 veriyorsunuz, g\u00fcn\u00fcm\u00fczde oldu\u011fu gibi. Biz 31 Mart\u2019tan bu yana \u00e7al\u0131\u015f\u0131yoruz. Sadece Mersin\u2019de de\u011fil, Tekirda\u011f\u2019da, \u0130stanbul\u2019da, Mu\u011fla\u2019da, Ayd\u0131n\u2019da, \u0130zmir\u2019de, Eski\u015fehir\u2019de, Ankara\u2019da, Adana\u2019da, Hatay\u2019da, Antalya\u2019da \u00e7al\u0131\u015f\u0131yoruz. Her yerde \u00e7al\u0131\u015f\u0131yoruz ve \u00e7al\u0131\u015fmaya devam edece\u011fiz\u201d ifadelerini kulland\u0131.<br \/>\n\u201c2023, T\u00fcrkiye\u2019de siyasi tarihin bir k\u0131r\u0131lma noktas\u0131 olacak\u201d<br \/>\nCHP\u2019nin 100 y\u0131l \u00f6nceki misyonunun hala devam etti\u011fi ifade eden Se\u00e7er, konu\u015fmas\u0131na \u015f\u00f6yle devam etti:<br \/>\n\u201cAtat\u00fcrk iki eserim var dedi. Biri Cumhuriyet, biri Cumhuriyet Halk Partisi. 100 y\u0131l \u00f6nceki misyonumuz devam ediyor. 2. y\u00fczy\u0131lda Say\u0131n Genel Ba\u015fkan\u0131m\u0131z Kemal K\u0131l\u0131\u00e7daro\u011flu\u2019nun dedi\u011fi gibi, bu misyonun a\u011f\u0131rl\u0131\u011f\u0131n\u0131 hissetmek durumunday\u0131z. \u00d6nce atalar\u0131m\u0131za lay\u0131k, \u00e7al\u0131\u015fkan birer birey olmak zorunday\u0131z. \u00c7ok konu\u015fmaktan \u00e7ok, \u00e7al\u0131\u015fmak zorunday\u0131z. Zaten bunu yap\u0131yoruz, 31 Mart\u2019tan bu yana. Can\u0131 g\u00f6n\u00fclden inan\u0131yorum; 2023, T\u00fcrkiye\u2019de siyasi tarihin bir k\u0131r\u0131lma noktas\u0131 olacak. Cumhuriyet\u2019in 1. y\u00fczy\u0131l\u0131 bitecek, 2. Y\u00fczy\u0131la ge\u00e7ece\u011fiz ve demokrasilerde olmazsa olmaz tarafs\u0131z, ba\u011f\u0131ms\u0131z; sand\u0131k halk\u0131m\u0131z\u0131n \u00f6n\u00fcne konacak ve ondan sonra yeniden 31 Mart sonras\u0131nda oldu\u011fu gibi T\u00fcrk halk\u0131n\u0131n bu g\u00f6revi bize tevdi edece\u011fine samimiyetimle inan\u0131yorum. O zaman da do\u011fudan bat\u0131ya, kuzeyden g\u00fcneye, sadece yerel y\u00f6netimlerde de\u011fil, T\u00fcrkiye\u2019nin b\u00fct\u00fcn meselelerinde, ba\u015fta d\u0131\u015f ili\u015fkilerinde; kom\u015fusuyla kavgal\u0131 bir ailenin huzurunun olmas\u0131 m\u00fcmk\u00fcn de\u011fil; kom\u015fular\u0131m\u0131zla bar\u0131\u015faca\u011f\u0131z. Atat\u00fcrk\u2019\u00fcn dedi\u011fi gibi, mecbur kalmad\u0131k\u00e7a sava\u015f bir cinayettir. Bu prensiple Atat\u00fcrk\u2019\u00fcn dedi\u011fi gibi \u2018Yurtta sulh, cihanda sulh\u2019; bu prensiple bu \u00fclkeyi bizim anlay\u0131\u015f\u0131m\u0131z y\u00f6netecek. Tahrip olan hukuk sistemini, adalet sistemini, gelir da\u011f\u0131l\u0131m\u0131nda adaletsizli\u011fi, e\u015fit yurtta\u015f haklar\u0131n\u0131n tahkimini, insan haklar\u0131n\u0131, ifade \u00f6zg\u00fcrl\u00fc\u011f\u00fcn\u00fc, eskisinden \u00e7ok daha zengin bir \u015fekilde bu \u00fclkeye tekrar biz kazand\u0131raca\u011f\u0131z. T\u00fcrkiye\u2019yi bir hukuk devleti haline getirece\u011fiz. Bu inan\u00e7ta, bu azimle, bu \u015fevkle tekrar ba\u015fta Gazi Mustafa Kemal Atat\u00fcrk, onunla beraber m\u00fccadele eden t\u00fcm atalar\u0131m\u0131z\u0131 sayg\u0131yla an\u0131yorum. Cumhuriyet Bayram\u0131n\u0131z kutlu olsun. Ya\u015fas\u0131n Cumhuriyet, ya\u015fas\u0131n Cumhuriyet Halk Partisi.\u201d<br \/>\nCHP Mersin \u0130l Ba\u015fkan\u0131 Adil Aktay konu\u015fmas\u0131nda, \u201c98. Kurulu\u015f y\u0131l d\u00f6n\u00fcm\u00fcn\u00fc gururla kutlad\u0131\u011f\u0131m\u0131z Cumhuriyet bizim i\u00e7in herhangi bir y\u00f6netim \u015fekli de\u011fil, bir var olma bi\u00e7imidir. Cumhuriyet bizim i\u00e7in bu g\u00fczel \u00fclkede \u00f6zg\u00fcr ve e\u015fit yurtta\u015flar olarak insanca ya\u015famak demektir\u201d ifadelerini kulland\u0131.<\/p>\n<p>CHP Mersin Milletvekili Alpay Antmen konu\u015fmas\u0131nda, \u201cCumhuriyet bize Ulu \u00d6nder Gazi Mustafa Kemal Atat\u00fcrk\u2019\u00fcn arma\u011fan\u0131. 19 May\u0131s 1919\u2019da Samsun\u2019da yak\u0131lan ba\u011f\u0131ms\u0131zl\u0131k ate\u015fi Anadolu halklar\u0131n\u0131n birlikte m\u00fccadelesi ile 29 Ekim 1923\u2019de demokrasi ile ta\u00e7land\u0131, ba\u011f\u0131ms\u0131zl\u0131kla ta\u00e7land\u0131, Cumhuriyet ile ta\u00e7land\u0131, laiklikle ta\u00e7land\u0131\u201d  dedi.<br \/>\nCHP Mersin Milletvekili Cengiz G\u00f6k\u00e7el ise Cumhuriyet Bayram\u0131\u2019n\u0131n \u00f6nemine de\u011finerek Gazi Mustafa Kemal Atat\u00fcrk ve silah arkada\u015flar\u0131n\u0131 minnetle and\u0131. G\u00f6k\u00e7el, \u201cBug\u00fcn geldi\u011fimiz noktada Cumhuriyet\u2019in de\u011ferlerine, demokrasiye, laikli\u011fe \u00f6zellikle AKP iktidar\u0131 d\u00f6neminde sald\u0131r\u0131lar\u0131n ne kadar artt\u0131\u011f\u0131n\u0131 hepimiz g\u00f6zlemliyoruz. Bizlere d\u00fc\u015fen, Gazi Mustafa Kemal Atat\u00fcrk\u2019\u00fcn \u2018Benim en b\u00fcy\u00fck eserim dedi\u011fi Cumhuriyet\u2019e ve Cumhuriyet Halk Partililere d\u00fc\u015fen de bu Cumhuriyet\u2019e sahip \u00e7\u0131kmak. Atam\u0131z\u0131n emanetine hepimiz hep beraber sahip \u00e7\u0131kaca\u011f\u0131z\u201d diye konu\u015ftu.  <\/p>\n","protected":false},"excerpt":{"rendered":"<p>Mersin B\u00fcy\u00fck\u015fehir Belediye Ba\u015fkan\u0131 Vahap Se\u00e7er, 29 Ekim Cumhuriyet Bayram\u0131\u2019n\u0131n 98. y\u0131l d\u00f6n\u00fcm\u00fc dolay\u0131s\u0131yla, CHP Mersin \u0130l Ba\u015fkanl\u0131\u011f\u0131 taraf\u0131ndan d\u00fczenlenen alternatif kutlama program\u0131na kat\u0131ld\u0131. 2023\u2019\u00fcn T\u00fcrkiye\u2019de siyasi tarihin bir k\u0131r\u0131lma &hellip; <a href=\"https:\/\/akdenizolaygazetesi.com\/?p=14957\" class=\"more-link\">Devam\u0131n\u0131 Oku&#8230;<\/a><\/p>\n","protected":false},"author":2,"featured_media":14958,"comment_status":"open","ping_status":"open","sticky":false,"template":"","format":"standard","meta":[],"categories":[8,34,3,5],"tags":[],"_links":{"self":[{"href":"https:\/\/akdenizolaygazetesi.com\/index.php?rest_route=\/wp\/v2\/posts\/14957"}],"collection":[{"href":"https:\/\/akdenizolaygazetesi.com\/index.php?rest_route=\/wp\/v2\/posts"}],"about":[{"href":"https:\/\/akdenizolaygazetesi.com\/index.php?rest_route=\/wp\/v2\/types\/post"}],"author":[{"embeddable":true,"href":"https:\/\/akdenizolaygazetesi.com\/index.php?rest_route=\/wp\/v2\/users\/2"}],"replies":[{"embeddable":true,"href":"https:\/\/akdenizolaygazetesi.com\/index.php?rest_route=%2Fwp%2Fv2%2Fcomments&post=14957"}],"version-history":[{"count":1,"href":"https:\/\/akdenizolaygazetesi.com\/index.php?rest_route=\/wp\/v2\/posts\/14957\/revisions"}],"predecessor-version":[{"id":14959,"href":"https:\/\/akdenizolaygazetesi.com\/index.php?rest_route=\/wp\/v2\/posts\/14957\/revisions\/14959"}],"wp:featuredmedia":[{"embeddable":true,"href":"https:\/\/akdenizolaygazetesi.com\/index.php?rest_route=\/wp\/v2\/media\/14958"}],"wp:attachment":[{"href":"https:\/\/akdenizolaygazetesi.com\/index.php?rest_route=%2Fwp%2Fv2%2Fmedia&parent=14957"}],"wp:term":[{"taxonomy":"category","embeddable":true,"href":"https:\/\/akdenizolaygazetesi.com\/index.php?rest_route=%2Fwp%2Fv2%2Fcategories&post=14957"},{"taxonomy":"post_tag","embeddable":true,"href":"https:\/\/akdenizolaygazetesi.com\/index.php?rest_route=%2Fwp%2Fv2%2Ftags&post=14957"}],"curies":[{"name":"wp","href":"https:\/\/api.w.org\/{rel}","templated":true}]}}