{"id":1496,"date":"2020-11-04T18:22:03","date_gmt":"2020-11-04T15:22:03","guid":{"rendered":"http:\/\/mersinekonomipolitikagazetesi.com\/?p=1496"},"modified":"2020-11-04T18:22:03","modified_gmt":"2020-11-04T15:22:03","slug":"ercik-kadina-pozitif-ayrimcilik-anayasal-guvence-altina-alinmistir","status":"publish","type":"post","link":"https:\/\/akdenizolaygazetesi.com\/?p=1496","title":{"rendered":"Ercik: &#8220;Kad\u0131na pozitif ayr\u0131mc\u0131l\u0131k anayasal g\u00fcvence alt\u0131na al\u0131nm\u0131\u015ft\u0131r&#8221;"},"content":{"rendered":"<p>AK Parti Mersin \u0130l Ba\u015fkan\u0131 Cesim Ercik, iktidarlar\u0131 d\u00f6neminde kad\u0131nlara b\u00fcy\u00fck \u00f6nem verildi\u011fini s\u00f6yledi.<\/p>\n<p><span style=\"font-size:16px;\"><span style=\"font-family: sans-serif; line-height: 20px; text-align: justify; background-color: rgb(242, 244, 245);\">Ercik, &#8216;8 Mart D\u00fcnya Kad\u0131nlar G\u00fcn\u00fc&#8217; dolay\u0131s\u0131yla yapt\u0131\u011f\u0131 a\u00e7\u0131klamada, kad\u0131nlar\u0131n ya\u015famdaki yerinin olduk\u00e7a \u00f6nemli oldu\u011funu vurgulayarak, \u201cYeri gelince annemiz, yeri gelince bac\u0131m\u0131z, yeri gelince yol arkada\u015f\u0131m\u0131z, k\u0131z\u0131m\u0131z olan ve her alanda varl\u0131klar\u0131n\u0131 hissetti\u011fimiz t\u00fcm kad\u0131nlar\u0131n kad\u0131nlar g\u00fcn\u00fcn\u00fc kutluyorum&#8221; dedi.\u00a0<\/span><br style=\"box-sizing: border-box; font-family: sans-serif; font-size: 14px; line-height: 20px; text-align: justify; background-color: rgb(242, 244, 245);\" \/><br \/>\n<span style=\"font-family: sans-serif; line-height: 20px; text-align: justify; background-color: rgb(242, 244, 245);\">Kad\u0131nlar\u0131n e\u015f olarak, anne olarak ve toplumun e\u015fit stat\u00fcdeki bireyleri olarak her alanda \u00e7ok \u00f6nemli sorumluluklar \u00fcstlendi\u011fini belirten Ercik, &#8220;Ge\u00e7mi\u015ften g\u00fcn\u00fcm\u00fcze kad\u0131nlar, toplumsal ve ekonomik alanda pek \u00e7ok sorun ve s\u0131k\u0131nt\u0131larla m\u00fccadele etmek zorunda kalm\u0131\u015flard\u0131r. Kad\u0131nlar\u0131m\u0131z\u0131n toplum i\u00e7erisinde g\u00fc\u00e7lerini ortaya koymalar\u0131 sadece kendine de\u011fil, hem ailesine hem de ya\u015fad\u0131\u011f\u0131 topluma de\u011fer sa\u011flayacak ve o milleti daha iyi bir ya\u015fam d\u00fczeyine ula\u015ft\u0131racakt\u0131r&#8221; diye konu\u015ftu.\u00a0<\/span><br style=\"box-sizing: border-box; font-family: sans-serif; font-size: 14px; line-height: 20px; text-align: justify; background-color: rgb(242, 244, 245);\" \/><br \/>\n<span style=\"font-family: sans-serif; line-height: 20px; text-align: justify; background-color: rgb(242, 244, 245);\">AK Parti&#8217;nin iktidara geldi\u011fi 2002 y\u0131l\u0131ndan bu yana kad\u0131nlara b\u00fcy\u00fck \u00f6nem verildi\u011fini belirten Ercik, &#8220;Kad\u0131nlar\u0131m\u0131z\u0131n siyasete aktif kat\u0131l\u0131mlar\u0131n\u0131n sa\u011flanmas\u0131, kad\u0131n istihdam\u0131n\u0131n \u00f6n\u00fcndeki engellerin kald\u0131r\u0131lmas\u0131 ve kad\u0131nlar\u0131m\u0131z\u0131n \u015fiddetten korunmas\u0131 i\u00e7in gerekli yasal d\u00fczenlemelerinin yap\u0131lmas\u0131 ve 12 Eyl\u00fcl referandumuyla kad\u0131na pozitif ayr\u0131mc\u0131l\u0131\u011f\u0131n anayasal g\u00fcvence alt\u0131na al\u0131nmas\u0131, h\u00fck\u00fcmetimizin bu y\u00f6ndeki kararl\u0131l\u0131\u011f\u0131n\u0131n \u00f6nemli g\u00f6stergeleri oldu\u011funu belirtmek isterim. D\u00fcnyan\u0131n en de\u011ferli varl\u0131klar\u0131 olan kad\u0131nlar\u0131m\u0131z\u0131n Allah yar ve yard\u0131mc\u0131s\u0131 olsun. Bu \u00f6nemli g\u00fcnde ba\u015fta \u015fehit annelerimiz ve e\u015fleri olmak \u00fczere t\u00fcm kad\u0131nlar\u0131m\u0131z\u0131n 8 Mart D\u00fcnya Kad\u0131nlar G\u00fcn\u00fc&#8217;n\u00fc kutluyorum&#8221; ifadelerini kulland\u0131.\u00a0<\/span><\/span><\/p>\n","protected":false},"excerpt":{"rendered":"<p>AK Parti Mersin \u0130l Ba\u015fkan\u0131 Cesim Ercik, iktidarlar\u0131 d\u00f6neminde kad\u0131nlara b\u00fcy\u00fck \u00f6nem verildi\u011fini s\u00f6yledi. Ercik, &#8216;8 Mart D\u00fcnya Kad\u0131nlar G\u00fcn\u00fc&#8217; dolay\u0131s\u0131yla yapt\u0131\u011f\u0131 a\u00e7\u0131klamada, kad\u0131nlar\u0131n ya\u015famdaki yerinin olduk\u00e7a \u00f6nemli oldu\u011funu vurgulayarak, &hellip; <a href=\"https:\/\/akdenizolaygazetesi.com\/?p=1496\" class=\"more-link\">Devam\u0131n\u0131 Oku&#8230;<\/a><\/p>\n","protected":false},"author":1,"featured_media":0,"comment_status":"open","ping_status":"open","sticky":false,"template":"","format":"standard","meta":[],"categories":[],"tags":[],"_links":{"self":[{"href":"https:\/\/akdenizolaygazetesi.com\/index.php?rest_route=\/wp\/v2\/posts\/1496"}],"collection":[{"href":"https:\/\/akdenizolaygazetesi.com\/index.php?rest_route=\/wp\/v2\/posts"}],"about":[{"href":"https:\/\/akdenizolaygazetesi.com\/index.php?rest_route=\/wp\/v2\/types\/post"}],"author":[{"embeddable":true,"href":"https:\/\/akdenizolaygazetesi.com\/index.php?rest_route=\/wp\/v2\/users\/1"}],"replies":[{"embeddable":true,"href":"https:\/\/akdenizolaygazetesi.com\/index.php?rest_route=%2Fwp%2Fv2%2Fcomments&post=1496"}],"version-history":[{"count":0,"href":"https:\/\/akdenizolaygazetesi.com\/index.php?rest_route=\/wp\/v2\/posts\/1496\/revisions"}],"wp:attachment":[{"href":"https:\/\/akdenizolaygazetesi.com\/index.php?rest_route=%2Fwp%2Fv2%2Fmedia&parent=1496"}],"wp:term":[{"taxonomy":"category","embeddable":true,"href":"https:\/\/akdenizolaygazetesi.com\/index.php?rest_route=%2Fwp%2Fv2%2Fcategories&post=1496"},{"taxonomy":"post_tag","embeddable":true,"href":"https:\/\/akdenizolaygazetesi.com\/index.php?rest_route=%2Fwp%2Fv2%2Ftags&post=1496"}],"curies":[{"name":"wp","href":"https:\/\/api.w.org\/{rel}","templated":true}]}}