{"id":14963,"date":"2021-10-30T17:47:27","date_gmt":"2021-10-30T14:47:27","guid":{"rendered":"http:\/\/akdenizolaygazetesi.com\/?p=14963"},"modified":"2021-10-30T17:47:27","modified_gmt":"2021-10-30T14:47:27","slug":"ulkemizi-cok-daha-iyi-noktalara-tasima-misyonuyla-gorev-yapiyoruz","status":"publish","type":"post","link":"https:\/\/akdenizolaygazetesi.com\/?p=14963","title":{"rendered":"\u201c\u00dclkemizi \u00e7ok daha iyi noktalara ta\u015f\u0131ma misyonuyla g\u00f6rev yap\u0131yoruz\u201d"},"content":{"rendered":"<p>Mersin B\u00fcy\u00fck\u015fehir Belediye Ba\u015fkan\u0131 Vahap Se\u00e7er, Mersin Oto Galericiler Sitesi y\u00f6netiminin talebi \u00fczerine B\u00fcy\u00fck\u015fehir Belediyesi taraf\u0131ndan siteye kazand\u0131r\u0131lan Atat\u00fcrk b\u00fcst\u00fcn\u00fcn a\u00e7\u0131l\u0131\u015f\u0131n\u0131 29 Ekim Cumhuriyet Bayram\u0131\u2019nda ger\u00e7ekle\u015ftirdi. Galerici esnaf\u0131n\u0131n sorunlar\u0131n\u0131 ve taleplerini de dinleyen Ba\u015fkan Se\u00e7er, \u201cSizler esnaf olarak belediyenizi herkesin belediyesi olarak g\u00f6r\u00fcn\u201d dedi.<\/p>\n<p>Ba\u015fkan Se\u00e7er, Mersin Oto Galericiler Sitesi\u2019ni ziyaret etti. CHP Mersin Milletvekili Alpay Antmen, Mersin Yetkili Oto Galericiler Sitesi Derne\u011fi Y\u00f6netim Kurulu Ba\u015fkan\u0131 Murat Ko\u00e7a\u00e7o\u011flu, B\u00fcy\u00fck\u015fehir Belediyesi Meclis \u00fcyeleri, B\u00fcy\u00fck\u015fehir Belediyesi b\u00fcrokratlar\u0131 ve daire ba\u015fkanlar\u0131 ile galerici esnaf\u0131n\u0131n kat\u0131ld\u0131\u011f\u0131 ziyarette, hem sorunlar dinlendi hem de Atat\u00fcrk b\u00fcst\u00fcn\u00fcn a\u00e7\u0131l\u0131\u015f\u0131 yap\u0131ld\u0131.<\/p>\n<p>\u201c\u00dclkemizi \u00e7ok daha iyi noktalara ta\u015f\u0131ma misyonuyla g\u00f6rev yap\u0131yoruz\u201d<\/p>\n<p>29 Ekim Cumhuriyet Bayram\u0131 dolay\u0131s\u0131yla Ulu \u00d6nder Gazi Mustafa Kemal Atat\u00fcrk ve t\u00fcm m\u00fccadele arkada\u015flar\u0131n\u0131 anarak konu\u015fmas\u0131na ba\u015flayan Ba\u015fkan Se\u00e7er, \u201cBir as\u0131rl\u0131k bir Cumhuriyet. \u0130n\u015fallah demokrasiyi de Cumhuriyet\u2019in i\u00e7erisine zengin bir \u015fekilde monte edip, Cumhuriyet\u2019in i\u00e7ini doldurabilirsek T\u00fcrkiye daha ya\u015fanabilir bir hukuk devleti haline gelir. Hem ekonomide hem sa\u011fl\u0131kta hem d\u0131\u015f ili\u015fkilerde ya\u015fad\u0131\u011f\u0131m\u0131z g\u00fcncel sorunlar\u0131n bitirilerek d\u00fcnyayla rekabet edebilen, her bireyin mutlu oldu\u011fu, devletine g\u00fcvendi\u011fi, devleti ile milleti ile kavgas\u0131n\u0131n, g\u00fcr\u00fclt\u00fcs\u00fcn\u00fcn olmad\u0131\u011f\u0131, b\u00f6lgesinde, \u00fclkesinde \u00e7at\u0131\u015fman\u0131n, kan\u0131n, g\u00f6zya\u015f\u0131n\u0131n olmad\u0131\u011f\u0131 ikinci bir y\u00fczy\u0131l temenni ediyorum. 2 y\u0131l sonra Cumhuriyet\u2019in 100. kurulu\u015f y\u0131l d\u00f6n\u00fcm\u00fc bize \u00e7ok \u015fey ifade edecek. Ulu \u00d6nder Mustafa Kemal Atat\u00fcrk, b\u00fct\u00fcn bir ulusun de\u011feri. Do\u011fudan bat\u0131ya, kuzeyden g\u00fcneye; hatta s\u0131n\u0131rlar\u0131m\u0131z\u0131n \u00f6tesinde bir\u00e7ok mazlum millete \u00f6rnek olmu\u015f bir devlet adam\u0131. Biz de bug\u00fcn 100 y\u0131l sonra o atalar\u0131n evlatlar\u0131, torunlar\u0131 olarak bu \u00fclkeyi, bize b\u0131rakt\u0131klar\u0131 noktadan \u00e7ok daha iyi noktalara ta\u015f\u0131ma misyonuyla g\u00f6rev yap\u0131yoruz\u201d dedi.<\/p>\n<p>\u201cTek amac\u0131m\u0131z hizmet etmek\u201d<\/p>\n<p>Oto Galericiler Sitesi esnaf\u0131n\u0131n beklentilerinin ve sorunlar\u0131n\u0131n fark\u0131nda olduklar\u0131n\u0131 belirten Se\u00e7er, herkesin Belediye Ba\u015fkan\u0131 oldu\u011funu hat\u0131rlatt\u0131. Ba\u015fkan Se\u00e7er, \u201cG\u00f6rg\u00fcm, bilgim, azmim, \u015fevkim, kuvvetim nispetinde Mersin\u2019e de hizmet etmek i\u00e7in 24 saat arkada\u015flar\u0131mla beraber mesai yap\u0131yorum. Tek amac\u0131m\u0131z hizmet etmek, hizmet etmek, hizmet etmek. Tek amac\u0131m\u0131z, Mersin daha nas\u0131l b\u00fcy\u00fcr, kalk\u0131n\u0131r, geli\u015fir. Ama bunun da \u00f6tesine \u00e7\u0131karak da \u00fclkemizi nas\u0131l daha g\u00fc\u00e7l\u00fc bir \u00fclke haline getirebiliriz. Bunun \u00e7abas\u0131 i\u00e7erisindeyiz\u201d diye konu\u015ftu.<\/p>\n<p>Esnaf\u0131n s\u0131k\u0131nt\u0131lar\u0131n\u0131 dinledi<\/p>\n<p>Se\u00e7er konu\u015fmas\u0131n\u0131n ard\u0131ndan galerici esnaf\u0131ndan gelen sorular\u0131 not al\u0131p, talep ve s\u0131k\u0131nt\u0131lar\u0131n\u0131 dinledi. Gelen sorulara yan\u0131t vermek i\u00e7in tekrar s\u00f6z alan Ba\u015fkan Se\u00e7er, \u015funlar\u0131 kaydetti:<\/p>\n<p>\u201cBa\u015fkan\u0131m\u0131z daha \u00f6nce beni ziyaret etti. Ba\u015fkan\u0131m\u0131zla bu a\u00e7\u0131k oto pazar\u0131n\u0131 g\u00f6r\u00fc\u015ft\u00fck. Burada alt belediyenin bir yeri oldu\u011funu kendisi bana s\u00f6yledi. \u2018Ben Ba\u015fkanla g\u00f6r\u00fc\u015f\u00fcr\u00fcm\u2019 dedi, g\u00f6r\u00fc\u015fememi\u015f. Ben bu g\u00f6revi \u00fcstleniyorum. Kendisi ile g\u00f6r\u00fc\u015f\u00fcr\u00fcm. Hatta biz ge\u00e7ti\u011fimiz haftalarda birka\u00e7 kez de ekip olarak bir araya geldik; Toroslar Belediyesi, B\u00fcy\u00fck\u015fehir. Aram\u0131zdaki b\u00fct\u00fcn sorunlar\u0131 ama b\u00fct\u00fcn sorunlar\u0131 \u00e7\u00f6zd\u00fck. Hatta Meclis\u2019ten bile ge\u00e7ti. \u015eimdi i\u015flemler yap\u0131l\u0131yor. Bize ait araziler vard\u0131, onlara ait arazi. Onlar\u0131n arazisi \u00fczerinde bizim binalar vard\u0131. \u00d6rne\u011fin bu me\u015fhur helikopterin Heliportu vard\u0131. Milyonlarca lira para harcanm\u0131\u015f. Siz bu oto i\u015fleriyle u\u011fra\u015f\u0131yorsunuz, bir gidip g\u00f6rseniz \u00f6yle g\u00fczel \u015feyler al\u0131nm\u0131\u015f ki ama duruyor. Vin\u00e7ler falan. Hani o motor yenilemede, ara\u00e7 bak\u0131m\u0131nda kullan\u0131lan. Dedik Makine \u0130kmale \u00e7evirelim. Yapam\u0131yorduk. Ama \u015fimdi yapaca\u011f\u0131z. Neden? Oturduk, akl\u0131n yolu bir Milliyet\u00e7i Hareket Partili bir belediye, Cumhuriyet Halk Partili bir belediye ama iki akl\u0131 ba\u015f\u0131nda Ba\u015fkan olursa, iki d\u00fczg\u00fcn d\u00fc\u015f\u00fcnen adam olursa gerisi teferruat. Biz b\u00fcrokratlar\u0131m\u0131za deriz ki, \u2018Biz b\u00f6yle uygun g\u00f6rd\u00fck, yap\u0131n\u2019; yap\u0131yorlar. Hi\u00e7bir sorun yok. Ama ben Ba\u015fkanla g\u00f6r\u00fc\u015fece\u011fim. Hi\u00e7bir sorun yok. Bakal\u0131m o ne d\u00fc\u015f\u00fcn\u00fcyor. Biz bu i\u015f i\u00e7in giri\u015fimde bulunuruz.\u201d<\/p>\n<p>Ba\u015fkan Se\u00e7er, siyasi bir dertleri olmad\u0131\u011f\u0131n\u0131 dile getirerek, \u201cSizler de esnaf olarak belediyenizi herkesin belediyesi olarak g\u00f6r\u00fcn. Bu konuda da rahat olun\u201d dedi. Se\u00e7er, Mersin Oto Galericiler Sitesi\u2019nden ayr\u0131l\u0131rken minib\u00fcs\u00e7\u00fc esnaf\u0131 ile selamla\u015f\u0131p, sorunlar\u0131n\u0131 dinledi.<\/p>\n","protected":false},"excerpt":{"rendered":"<p>Mersin B\u00fcy\u00fck\u015fehir Belediye Ba\u015fkan\u0131 Vahap Se\u00e7er, Mersin Oto Galericiler Sitesi y\u00f6netiminin talebi \u00fczerine B\u00fcy\u00fck\u015fehir Belediyesi taraf\u0131ndan siteye kazand\u0131r\u0131lan Atat\u00fcrk b\u00fcst\u00fcn\u00fcn a\u00e7\u0131l\u0131\u015f\u0131n\u0131 29 Ekim Cumhuriyet Bayram\u0131\u2019nda ger\u00e7ekle\u015ftirdi. Galerici esnaf\u0131n\u0131n sorunlar\u0131n\u0131 ve &hellip; <a href=\"https:\/\/akdenizolaygazetesi.com\/?p=14963\" class=\"more-link\">Devam\u0131n\u0131 Oku&#8230;<\/a><\/p>\n","protected":false},"author":2,"featured_media":14964,"comment_status":"open","ping_status":"open","sticky":false,"template":"","format":"standard","meta":[],"categories":[2,3,5],"tags":[],"_links":{"self":[{"href":"https:\/\/akdenizolaygazetesi.com\/index.php?rest_route=\/wp\/v2\/posts\/14963"}],"collection":[{"href":"https:\/\/akdenizolaygazetesi.com\/index.php?rest_route=\/wp\/v2\/posts"}],"about":[{"href":"https:\/\/akdenizolaygazetesi.com\/index.php?rest_route=\/wp\/v2\/types\/post"}],"author":[{"embeddable":true,"href":"https:\/\/akdenizolaygazetesi.com\/index.php?rest_route=\/wp\/v2\/users\/2"}],"replies":[{"embeddable":true,"href":"https:\/\/akdenizolaygazetesi.com\/index.php?rest_route=%2Fwp%2Fv2%2Fcomments&post=14963"}],"version-history":[{"count":1,"href":"https:\/\/akdenizolaygazetesi.com\/index.php?rest_route=\/wp\/v2\/posts\/14963\/revisions"}],"predecessor-version":[{"id":14965,"href":"https:\/\/akdenizolaygazetesi.com\/index.php?rest_route=\/wp\/v2\/posts\/14963\/revisions\/14965"}],"wp:featuredmedia":[{"embeddable":true,"href":"https:\/\/akdenizolaygazetesi.com\/index.php?rest_route=\/wp\/v2\/media\/14964"}],"wp:attachment":[{"href":"https:\/\/akdenizolaygazetesi.com\/index.php?rest_route=%2Fwp%2Fv2%2Fmedia&parent=14963"}],"wp:term":[{"taxonomy":"category","embeddable":true,"href":"https:\/\/akdenizolaygazetesi.com\/index.php?rest_route=%2Fwp%2Fv2%2Fcategories&post=14963"},{"taxonomy":"post_tag","embeddable":true,"href":"https:\/\/akdenizolaygazetesi.com\/index.php?rest_route=%2Fwp%2Fv2%2Ftags&post=14963"}],"curies":[{"name":"wp","href":"https:\/\/api.w.org\/{rel}","templated":true}]}}