{"id":14966,"date":"2021-10-30T17:49:13","date_gmt":"2021-10-30T14:49:13","guid":{"rendered":"http:\/\/akdenizolaygazetesi.com\/?p=14966"},"modified":"2021-10-30T17:49:13","modified_gmt":"2021-10-30T14:49:13","slug":"baskan-secer-cumhuriyetin-ozu-ici-umut-ve-sevgi-doludur-yasasin-cumhuriyet","status":"publish","type":"post","link":"https:\/\/akdenizolaygazetesi.com\/?p=14966","title":{"rendered":"BA\u015eKAN SE\u00c7ER: \u201cCUMHUR\u0130YET\u2019\u0130N \u00d6Z\u00dc, \u0130\u00c7\u0130 UMUT VE SEVG\u0130 DOLUDUR. YA\u015eASIN CUMHUR\u0130YET\u201d"},"content":{"rendered":"<p>Mersin B\u00fcy\u00fck\u015fehir Belediyesi\u2019nin, Cumhuriyet Bayram\u0131\u2019n\u0131n 98. y\u0131l d\u00f6n\u00fcm\u00fcnde \u2018Cumhuriyet Hepimizin, Konser Hepimizin\u2019 slogan\u0131yla d\u00fczenledi\u011fi konserlerle vatanda\u015flar bayram co\u015fkusunu doyas\u0131ya ya\u015fad\u0131. 28 Ekim\u2019de Tarsus Cumhuriyet Meydan\u0131\u2019nda d\u00fczenlenen Athena konserinin ard\u0131ndan 29 Ekim\u2019de ise Mor ve \u00d6tesi ile Necati ve Saykolar, \u00d6zgecan Aslan Meydan\u0131\u2019nda sahne ald\u0131. Binlerce Mersinlinin ak\u0131n etti\u011fi konsere, Mersin B\u00fcy\u00fck\u015fehir Belediye Ba\u015fkan\u0131 Vahap Se\u00e7er, e\u015fi Meral Se\u00e7er ile birlikte kat\u0131ld\u0131. Ba\u015fkan Se\u00e7er, sanat\u00e7\u0131lara \u00e7i\u00e7ek takdim etti.<\/p>\n<p>Mersin\u2019de dolu dolu bayram co\u015fkusu<\/p>\n<p>Ba\u015fkan Se\u00e7er, e\u015fi Meral Se\u00e7er ile birlikte ilk olarak sabah saatlerinde Mersin Valili\u011fi taraf\u0131ndan Cumhuriyet Meydan\u0131\u2019nda d\u00fczenlenen resmi t\u00f6rene kat\u0131ld\u0131. Ak\u015fam saatlerinde ise Mersin Askeri Gazino M\u00fcd\u00fcrl\u00fc\u011f\u00fc\u2019nde ger\u00e7ekle\u015ftirilen \u2018Cumhuriyet Bayram\u0131 Kabul T\u00f6reni\u2019ne kat\u0131lan Ba\u015fkan Se\u00e7er,  ard\u0131ndan Necati ve Saykolar ile Mor ve \u00d6tesi konserine ge\u00e7ti.<\/p>\n<p>\u201cCumhuriyet\u2019in \u00f6z\u00fc, i\u00e7i umut ve sevgi doludur. Bayram\u0131n\u0131z kutlu olsun\u201d<\/p>\n<p>Mor ve \u00d6tesi grubuna \u00e7i\u00e7ek takdim ederek, co\u015fkulu kitleye \u201cBak\u0131yorum keyfiniz yerinde. Her \u015fey g\u00fczel mi?\u201d diye soran Ba\u015fkan Se\u00e7er\u2019e vatanda\u015flardan \u201cEvet\u201d cevab\u0131 geldi. Se\u00e7er, \u201cBiz zaten her \u015fey g\u00fczel olacak demi\u015ftik. G\u00fczel oluyor mu? \u00c7ok daha g\u00fczel olacak, size s\u00f6z veriyorum. Sevgili Harun; ben Ek\u015fi S\u00f6zl\u00fck\u2019te okudum, sizin \u015fark\u0131lar i\u00e7in diyor ki; \u2018Mor ve \u00d6tesi\u2019nin \u015fark\u0131lar\u0131 bir kaza raporu gibidir. Haysiyetli bir a\u015fk\u0131n kaza raporu gibidir. Ama o \u015fark\u0131lar ki i\u00e7i umut ve sevgi doludur.\u2019 Bug\u00fcn Cumhuriyet Bayram\u0131. Cumhuriyet\u2019in \u00f6z\u00fc, i\u00e7i umut ve sevgi doludur. Bayram\u0131n\u0131z kutlu olsun. Ya\u015fas\u0131n Cumhuriyet\u201d diye konu\u015ftu.<\/p>\n<p>Ulu \u00d6nder Gazi Mustafa Kemal Atat\u00fcrk ve m\u00fccadele arkada\u015flar\u0131n\u0131 anarak konu\u015fmas\u0131n\u0131 s\u00fcrd\u00fcren Ba\u015fkan Se\u00e7er, \u201c\u0130\u015fte Mersin. Mersin, Atat\u00fcrk\u2019\u00fcn kenti\u201d dedi. Se\u00e7er, Mor ve \u00d6tesi\u2019ne, \u201cMersin\u2019e \u00e7ok g\u00fczel bir gece ya\u015fat\u0131yorlar, siz sevgili evlatlar\u0131m\u0131za. Sa\u011f olun, var olun\u201d s\u00f6zleri ile te\u015fekk\u00fcr ederek konu\u015fmas\u0131n\u0131 bitirdi. Co\u015fkulu kalabal\u0131ktan \u2018Mustafa Kemal\u2019in Askerleriyiz\u2019 sloganlar\u0131 y\u00fckseldi.<\/p>\n<p>\u201cBizi davet etti\u011fi i\u00e7in Ba\u015fkan\u2019a \u00e7ok te\u015fekk\u00fcr ederiz. \u00c7ok g\u00fczel bir ak\u015fam oldu\u201d<\/p>\n<p>Mor ve \u00d6tesi\u2019nin solisti Harun Tekin, \u201cBizi davet etti\u011fi i\u00e7in Ba\u015fkan\u2019a \u00e7ok te\u015fekk\u00fcr ederiz huzurlar\u0131n\u0131zda. \u00c7ok g\u00fczel bir ak\u015fam oldu\u201d dedi.<\/p>\n<p>Tekin, konserin devam\u0131nda yapt\u0131\u011f\u0131 konu\u015fmada ise, \u201cBa\u015fkan \u00e7ok g\u00fczel bir \u015fey s\u00f6yledi. Ger\u00e7ekten bu hayattan zevk ve keyif almak, birlikte burada mutlu olmak, b\u00f6yle meydanlarda k\u0131zl\u0131 erkekli \u015fark\u0131lar s\u00f6ylemek, dans etmek, z\u0131plamak; b\u00fct\u00fcn bunlar da Cumhuriyet. Biz ne\u015femizi, co\u015fkumuzu, ya\u015fama sevincimizi hi\u00e7bir \u015fekilde kaybetmedik. Bunun i\u00e7in \u00e7ok u\u011fra\u015f\u0131lm\u0131\u015f olabilir ge\u00e7ti\u011fimiz zor y\u0131llarda ama hi\u00e7 kimse bizden ya\u015fama sevincimizi, umudumuzu, inad\u0131m\u0131z\u0131, ne\u015femizi alamaz. Dolay\u0131s\u0131yla sizden \u015fimdi \u015f\u00f6yle bir ricada bulunaca\u011f\u0131m. \u00d6yle bir koro yapal\u0131m ki Mersin bunu y\u0131llarca konu\u015fsun\u201d dedi.<\/p>\n<p>Necati ve Saykolar: \u201cMersin\u2019de olmaktan \u00e7ok mutluyuz\u201d<\/p>\n<p>Anadolu Rock m\u00fczi\u011fin sevilen gruplar\u0131ndan Necati ve Saykolar, Mersin\u2019de Cumhuriyet co\u015fkusunu y\u00fckseltti. E\u011flenceli sahne performans\u0131yla gen\u00e7lerin be\u011fenisini toplayan grup, \u201cF\u0131rt\u0131na\u201d \u015fark\u0131s\u0131yla ba\u015flad\u0131\u011f\u0131 konserde Bar\u0131\u015f Man\u00e7o, A\u015f\u0131k Mahzuni \u015eerif ve Ne\u015fet Erta\u015f gibi usta sanat\u00e7\u0131lar\u0131n eserlerini seslendirdi. Konser sonunda K\u00fclt\u00fcr ve Sosyal \u0130\u015fler Dairesi Ba\u015fkanl\u0131\u011f\u0131 Koordinat\u00f6r\u00fc Bengi \u0130spir \u00d6zd\u00fclger, gruba \u00e7i\u00e7ek takdiminde bulundu.<\/p>\n<p>Necati ve Saykolar grubunun solisti Necati Karaday\u0131, milli g\u00fcnlerde onur ve gururla sahne ald\u0131klar\u0131n\u0131 belirterek, Mersin\u2019de olman\u0131n da ayr\u0131 bir g\u00fczellik yaratt\u0131\u011f\u0131n\u0131 s\u00f6yledi. Karaday\u0131, \u201c\u00c7\u00fcnk\u00fc her zaman bilin\u00e7 a\u00e7\u0131s\u0131ndan fark\u0131ndal\u0131k yaratan illerin aras\u0131nda Mersin oldu. Biz de burada olmaktan \u00e7ok mutluyuz ve Cumhuriyeti\u2019mizin 98. y\u0131l\u0131n\u0131 da g\u00f6n\u00fclden co\u015fkuyla kutlamaya haz\u0131r\u0131z\u201d dedi.<\/p>\n<p>Mersin\u2019de sahne alman\u0131n mutlulu\u011funu ya\u015fad\u0131\u011f\u0131n\u0131 s\u00f6yleyen bas gitarist Bar\u0131\u015f Sanl\u0131soy, \u201cBu \u00f6zel ve co\u015fkulu g\u00fcnde bizi tercih ettikleri i\u00e7in \u00e7ok te\u015fekk\u00fcr ederiz. Hep birlikte bu g\u00fczel ve anlaml\u0131 g\u00fcn\u00fc e\u011flenerek ge\u00e7irece\u011fiz in\u015fallah. Her sene bu co\u015fkunun artarak devam etmesini istiyorum\u201d s\u00f6zlerini kulland\u0131.<\/p>\n<p>Cumhuriyet Bayram\u0131 dolay\u0131s\u0131yla sahne alman\u0131n kendilerine farkl\u0131 bir motivasyon sa\u011flad\u0131\u011f\u0131n\u0131 belirten gitarist Alper Kayman, \u201cBiz zaten e\u011flenceli bir grubuz ama Cumhuriyet Bayram\u0131\u2019nda Mersin\u2019de sahne almak bizim i\u00e7in ayr\u0131 bir motivasyon oldu\u011fundan dolay\u0131 bundan sonras\u0131n\u0131 seyirci d\u00fc\u015f\u00fcns\u00fcn. \u00c7\u00fcnk\u00fc biz \u00e7ok fena e\u011flendirece\u011fiz\u201d diye konu\u015ftu.<\/p>\n<p>Sanat alan\u0131nda pandemiden dolay\u0131 zor bir s\u00fcre\u00e7 ge\u00e7irildi\u011fini vurgulayan baterist Serhat Erg\u00fcr, \u201cHer sekt\u00f6rde s\u0131k\u0131nt\u0131lar ya\u015fand\u0131. T\u00fcm d\u00fcnyada b\u00f6yle bir \u015feyin bir daha ya\u015fanmamas\u0131n\u0131 diliyorum. Bug\u00fcnleri geride b\u0131rakal\u0131m. Bug\u00fcn de g\u00fczel Mersin\u2019imizde bir milat olsun. G\u00fczel bir ba\u015flang\u0131\u00e7 olsun in\u015fallah. Mersin B\u00fcy\u00fck\u015fehir Belediyesi\u2019ne te\u015fekk\u00fcr ediyoruz bizleri a\u011f\u0131rlad\u0131klar\u0131 i\u00e7in\u201d ifadelerini kulland\u0131.<\/p>\n<p>Grubun piyanisti Sezer S\u00fcng\u00fc ise \u201cBu anlaml\u0131 g\u00fcnde Mersin\u2019de olmaktan onur duyuyorum. \u0130n\u015fallah g\u00fczel bir konser ge\u00e7irece\u011fiz. Mersin\u2019i seviyoruz\u201d dedi.<\/p>\n<p>Vatanda\u015flar co\u015fku dolu konserleri de\u011ferlendirdi: \u201c\u00c7ok mutluyuz\u201d<\/p>\n<p>Konsere minik torunu ile gelen Z\u00fclfo Belice, \u201cCumhuriyet\u2019e yak\u0131\u015f\u0131r 29 Ekim Bayram\u0131\u2019n\u0131 co\u015fkuyla kutluyoruz. \u00c7ok g\u00fczel oldu. Konsere torunumu getirdim. \u00c7ok g\u00fczel yo\u011funluk var. \u0130n\u015fallah hep b\u00f6yle olmas\u0131n\u0131 istiyorum. B\u00f6yle giderse in\u015fallah \u015fimdiki gen\u00e7lerin Cumhuriyet\u2019e daha g\u00fczel sahip \u00e7\u0131kaca\u011f\u0131na inan\u0131yorum\u201d diye konu\u015ftu.<\/p>\n<p>Keyifli bir konser ge\u00e7irdiklerini ifade eden Zeynep \u0130yido\u011fan, \u201cKonser \u00e7ok g\u00fczel, \u00e7ok e\u011flenceli. Bu grubu \u00e7ok be\u011fendik. Ger\u00e7ekten \u00e7ok g\u00fczeldi. Ortam iyi, gen\u00e7ler yo\u011funlukta. \u0130lk defa dinliyorum ama ger\u00e7ekten \u00e7ok ho\u015fuma gitti. Bundan sonra hep dinlerim art\u0131k\u201d dedi.<\/p>\n<p>Mersin B\u00fcy\u00fck\u015fehir Belediye Ba\u015fkan\u0131 Vahap Se\u00e7er\u2019e d\u00fczenlenen konserlerden dolay\u0131 te\u015fekk\u00fcr eden Kadir Baran Do\u011fan, \u201cGen\u00e7leri d\u00fc\u015f\u00fcn\u00fcyor, b\u00f6yle organizasyonlar yap\u0131yor. Mesela Bahar Konserleri oldu. Biz bu konserleri \u00e7ok seviyorduk. Bitti\u011fi i\u00e7in \u00fczg\u00fcn\u00fcz. Vahap Se\u00e7er\u2019i cidden \u00e7ok seviyoruz. \u00c7ok iyi Belediye Ba\u015fkan\u0131 oldu\u201d dedi.<\/p>\n<p>Mert Kelleci ise \u201cArkada\u015flar olarak Vahap Bey\u2019e \u00e7ok te\u015fekk\u00fcr ediyoruz, bizi b\u00f6yle bir konserle bulu\u015fturdu. Evdeydik, \u00e7ok \u00fczg\u00fcnd\u00fck, sa\u011f olsun moralimizi d\u00fczeltti. \u00c7ok te\u015fekk\u00fcr ediyoruz\u201d ifadelerini kulland\u0131.<\/p>\n<p>\u2018Ayd\u0131nl\u0131\u011fa Y\u00fcr\u00fcyoruz\u2019 pankart\u0131yla kortej y\u00fcr\u00fcy\u00fc\u015f\u00fc yap\u0131ld\u0131<\/p>\n<p>G\u00fcn i\u00e7erisinde B\u00fcy\u00fck\u015fehir Belediyesi Gen\u00e7lik ve Spor Hizmetleri Dairesi koordinesinde de kutlama etkinlikleri ger\u00e7ekle\u015ftirildi. \u0130lk olarak Cumhuriyet G\u00f6steri Merkezi\u2019nde spor etkinlikleri yap\u0131ld\u0131. 7\u2019den 70\u2019e her ya\u015ftan Mersinli, Meydan\u2019da kurulan alanlarda spor aktivitelerine kat\u0131ld\u0131.<\/p>\n<p>Ak\u015fam saatlerinde ise HiltonSA \u00f6n\u00fcnden K\u00fclt\u00fcr Park boyunca konser alan\u0131na do\u011fru kortej y\u00fcr\u00fcy\u00fc\u015f\u00fc yap\u0131ld\u0131. \u201cAyd\u0131nl\u0131\u011fa Y\u00fcr\u00fcyoruz\u201d pankart\u0131n\u0131n a\u00e7\u0131ld\u0131\u011f\u0131, T\u00fcrk bayraklar\u0131 ve me\u015falelerin ta\u015f\u0131nd\u0131\u011f\u0131 y\u00fcr\u00fcy\u00fc\u015fe; CHP Milletvekilleri Cengiz G\u00f6k\u00e7el ve Alpay Antmen, B\u00fcy\u00fck\u015fehir Belediyesi daire ba\u015fkanlar\u0131, CHP Mersin il ve il\u00e7e \u00f6rg\u00fct\u00fc \u00fcye ve temsilcileri ile vatanda\u015flar kat\u0131ld\u0131.<\/p>\n","protected":false},"excerpt":{"rendered":"<p>Mersin B\u00fcy\u00fck\u015fehir Belediyesi\u2019nin, Cumhuriyet Bayram\u0131\u2019n\u0131n 98. y\u0131l d\u00f6n\u00fcm\u00fcnde \u2018Cumhuriyet Hepimizin, Konser Hepimizin\u2019 slogan\u0131yla d\u00fczenledi\u011fi konserlerle vatanda\u015flar bayram co\u015fkusunu doyas\u0131ya ya\u015fad\u0131. 28 Ekim\u2019de Tarsus Cumhuriyet Meydan\u0131\u2019nda d\u00fczenlenen Athena konserinin ard\u0131ndan 29 &hellip; <a href=\"https:\/\/akdenizolaygazetesi.com\/?p=14966\" class=\"more-link\">Devam\u0131n\u0131 Oku&#8230;<\/a><\/p>\n","protected":false},"author":2,"featured_media":14967,"comment_status":"open","ping_status":"open","sticky":false,"template":"","format":"standard","meta":[],"categories":[3,5],"tags":[],"_links":{"self":[{"href":"https:\/\/akdenizolaygazetesi.com\/index.php?rest_route=\/wp\/v2\/posts\/14966"}],"collection":[{"href":"https:\/\/akdenizolaygazetesi.com\/index.php?rest_route=\/wp\/v2\/posts"}],"about":[{"href":"https:\/\/akdenizolaygazetesi.com\/index.php?rest_route=\/wp\/v2\/types\/post"}],"author":[{"embeddable":true,"href":"https:\/\/akdenizolaygazetesi.com\/index.php?rest_route=\/wp\/v2\/users\/2"}],"replies":[{"embeddable":true,"href":"https:\/\/akdenizolaygazetesi.com\/index.php?rest_route=%2Fwp%2Fv2%2Fcomments&post=14966"}],"version-history":[{"count":1,"href":"https:\/\/akdenizolaygazetesi.com\/index.php?rest_route=\/wp\/v2\/posts\/14966\/revisions"}],"predecessor-version":[{"id":14968,"href":"https:\/\/akdenizolaygazetesi.com\/index.php?rest_route=\/wp\/v2\/posts\/14966\/revisions\/14968"}],"wp:featuredmedia":[{"embeddable":true,"href":"https:\/\/akdenizolaygazetesi.com\/index.php?rest_route=\/wp\/v2\/media\/14967"}],"wp:attachment":[{"href":"https:\/\/akdenizolaygazetesi.com\/index.php?rest_route=%2Fwp%2Fv2%2Fmedia&parent=14966"}],"wp:term":[{"taxonomy":"category","embeddable":true,"href":"https:\/\/akdenizolaygazetesi.com\/index.php?rest_route=%2Fwp%2Fv2%2Fcategories&post=14966"},{"taxonomy":"post_tag","embeddable":true,"href":"https:\/\/akdenizolaygazetesi.com\/index.php?rest_route=%2Fwp%2Fv2%2Ftags&post=14966"}],"curies":[{"name":"wp","href":"https:\/\/api.w.org\/{rel}","templated":true}]}}