{"id":1497,"date":"2020-11-04T18:22:03","date_gmt":"2020-11-04T15:22:03","guid":{"rendered":"http:\/\/mersinekonomipolitikagazetesi.com\/?p=1497"},"modified":"2020-11-04T18:22:03","modified_gmt":"2020-11-04T15:22:03","slug":"akdeniz-bolgesinin-subat-ayi-tekstil-ihracati-72-6-milyon-dolar-oldu","status":"publish","type":"post","link":"https:\/\/akdenizolaygazetesi.com\/?p=1497","title":{"rendered":"Akdeniz B\u00f6lgesi&#8217;nin \u015fubat ay\u0131 tekstil ihracat\u0131 72.6 milyon dolar oldu"},"content":{"rendered":"<p>Akdeniz \u0130hracat\u00e7\u0131 Birlikleri (AK\u0130B) b\u00fcnyesinde faaliyet g\u00f6steren Akdeniz Tekstil ve Hammaddeleri \u0130hracat\u00e7\u0131lar\u0131 Birli\u011fi&#8217;nin, 2018 y\u0131l\u0131 \u015eubat ay\u0131nda 72.6 milyon dolar ihracat ger\u00e7ekle\u015ftirdi\u011fi bildirildi.<\/p>\n<p><span style=\"font-family: sans-serif; font-size: 14px; line-height: 20px; text-align: justify; background-color: rgb(242, 244, 245);\">AK\u0130B&#8217;ten yap\u0131lan a\u00e7\u0131klamaya g\u00f6re, 2018 y\u0131l\u0131 \u015eubat ay\u0131 sekt\u00f6rel bazda ihracat rakamlar\u0131 de\u011ferlendirildi\u011finde, T\u00fcrkiye tekstil ve hammaddeleri ihracat\u0131, 2017 y\u0131l\u0131n\u0131n e\u015f de\u011fer d\u00f6nemine k\u0131yasla y\u00fczde 10 oran\u0131nda bir art\u0131\u015f kaydederek 699.5 milyon dolar olarak ger\u00e7ekle\u015fti. Sekt\u00f6r\u00fcn \u015fubat ay\u0131nda T\u00fcrkiye toplam ihracat\u0131ndaki pay\u0131 ise y\u00fczde 5.4 oldu. 2018 y\u0131l\u0131 \u015eubat ay\u0131nda T\u00fcrkiye\u2019den en fazla tekstil ve hammaddeleri ihra\u00e7 edilen \u00fclkeler \u0130talya, Bulgaristan ve Almanya olarak s\u0131raland\u0131.\u00a0<\/span><br style=\"box-sizing: border-box; font-family: sans-serif; font-size: 14px; line-height: 20px; text-align: justify; background-color: rgb(242, 244, 245);\" \/><br \/>\n<span style=\"font-family: sans-serif; font-size: 14px; line-height: 20px; text-align: justify; background-color: rgb(242, 244, 245);\">\u0130hracat rakamlar\u0131n\u0131 de\u011ferlendiren Birlik Ba\u015fkan\u0131 Zeki K\u0131van\u00e7, bir \u00f6nceki y\u0131l\u0131n e\u015f de\u011fer d\u00f6nemine k\u0131yasla sekt\u00f6r ihracat\u0131nda y\u00fczde 4 oran\u0131nda beklenenden az art\u0131\u015fla 72.6 milyon dolarl\u0131k tekstil ve hammaddeleri ihracat\u0131 ger\u00e7ekle\u015ftirildi\u011fini belirterek, \u201c\u00dclke geneli tekstil ve hammaddeleri ihracat\u0131ndaki pay\u0131m\u0131z y\u00fczde 10.4 oldu. 2018 y\u0131l\u0131na iyi bir ba\u015flang\u0131\u00e7 yaparak ihracat\u0131n art\u0131\u015fa ge\u00e7ece\u011fine inan\u0131yoruz\u201d dedi.\u00a0<\/span><br style=\"box-sizing: border-box; font-family: sans-serif; font-size: 14px; line-height: 20px; text-align: justify; background-color: rgb(242, 244, 245);\" \/><br \/>\n<span style=\"font-family: sans-serif; font-size: 14px; line-height: 20px; text-align: justify; background-color: rgb(242, 244, 245);\">K\u0131van\u00e7, Akdeniz Tekstil ve Hammaddeleri \u0130hracat\u00e7\u0131lar\u0131 Birli\u011fi\u2019nin 2018 y\u0131l\u0131 \u015eubat ay\u0131nda de\u011fer baz\u0131nda ihracat\u0131 \u00fcr\u00fcn gruplar\u0131na g\u00f6re incelendi\u011finde, dokuma kuma\u015flar\u0131n y\u00fczde 39 pay ile ilk s\u0131rada, \u00f6rme kuma\u015flar\u0131n y\u00fczde 24 ile ikinci s\u0131rada, pamuk ipli\u011finin ise y\u00fczde 17 ile \u00fc\u00e7\u00fcnc\u00fc s\u0131rada yer ald\u0131\u011f\u0131n\u0131 belirtti.\u00a0<\/span><br style=\"box-sizing: border-box; font-family: sans-serif; font-size: 14px; line-height: 20px; text-align: justify; background-color: rgb(242, 244, 245);\" \/><br \/>\n<span style=\"font-family: sans-serif; font-size: 14px; line-height: 20px; text-align: justify; background-color: rgb(242, 244, 245);\">Akdeniz Tekstil ve Hammaddeleri Birli\u011fi\u2019nin 2018 y\u0131l\u0131 \u015eubat ay\u0131nda de\u011fer baz\u0131nda ihracat\u0131n\u0131 \u00fclkelere g\u00f6re de inceleyerek, \u0130talya\u2019n\u0131n y\u00fczde 18 pazar pay\u0131 ile ilk s\u0131rada, Portekiz\u2019in y\u00fczde 7 ile ikinci s\u0131rada ve Bulgaristan\u2019\u0131n ise y\u00fczde 5 ile \u00fc\u00e7\u00fcnc\u00fc s\u0131rada yer ald\u0131\u011f\u0131 bilgisini veren K\u0131van\u00e7, \u201c2017 y\u0131l\u0131 ayn\u0131 d\u00f6neme k\u0131yasla Bulgaristan\u2019a ihracatta y\u00fczde 42\u2019lik de\u011fer art\u0131\u015f\u0131 yan\u0131nda y\u00fczde 41\u2019lik miktar art\u0131\u015f\u0131 ya\u015fand\u0131. Bunun yan\u0131nda Tunus, M\u0131s\u0131r, \u00dcrd\u00fcn ve Pakistan\u2019a da y\u00fczde 50\u2019nin \u00fczerinde ihracatta de\u011fer art\u0131\u015f\u0131 g\u00f6r\u00fcld\u00fc. Yeni pazarlara a\u00e7\u0131lmaya devam edilmesi gerekiyor\u201d diye konu\u015ftu.\u00a0<\/span><\/p>\n","protected":false},"excerpt":{"rendered":"<p>Akdeniz \u0130hracat\u00e7\u0131 Birlikleri (AK\u0130B) b\u00fcnyesinde faaliyet g\u00f6steren Akdeniz Tekstil ve Hammaddeleri \u0130hracat\u00e7\u0131lar\u0131 Birli\u011fi&#8217;nin, 2018 y\u0131l\u0131 \u015eubat ay\u0131nda 72.6 milyon dolar ihracat ger\u00e7ekle\u015ftirdi\u011fi bildirildi. AK\u0130B&#8217;ten yap\u0131lan a\u00e7\u0131klamaya g\u00f6re, 2018 y\u0131l\u0131 \u015eubat &hellip; <a href=\"https:\/\/akdenizolaygazetesi.com\/?p=1497\" class=\"more-link\">Devam\u0131n\u0131 Oku&#8230;<\/a><\/p>\n","protected":false},"author":1,"featured_media":0,"comment_status":"open","ping_status":"open","sticky":false,"template":"","format":"standard","meta":[],"categories":[],"tags":[],"_links":{"self":[{"href":"https:\/\/akdenizolaygazetesi.com\/index.php?rest_route=\/wp\/v2\/posts\/1497"}],"collection":[{"href":"https:\/\/akdenizolaygazetesi.com\/index.php?rest_route=\/wp\/v2\/posts"}],"about":[{"href":"https:\/\/akdenizolaygazetesi.com\/index.php?rest_route=\/wp\/v2\/types\/post"}],"author":[{"embeddable":true,"href":"https:\/\/akdenizolaygazetesi.com\/index.php?rest_route=\/wp\/v2\/users\/1"}],"replies":[{"embeddable":true,"href":"https:\/\/akdenizolaygazetesi.com\/index.php?rest_route=%2Fwp%2Fv2%2Fcomments&post=1497"}],"version-history":[{"count":0,"href":"https:\/\/akdenizolaygazetesi.com\/index.php?rest_route=\/wp\/v2\/posts\/1497\/revisions"}],"wp:attachment":[{"href":"https:\/\/akdenizolaygazetesi.com\/index.php?rest_route=%2Fwp%2Fv2%2Fmedia&parent=1497"}],"wp:term":[{"taxonomy":"category","embeddable":true,"href":"https:\/\/akdenizolaygazetesi.com\/index.php?rest_route=%2Fwp%2Fv2%2Fcategories&post=1497"},{"taxonomy":"post_tag","embeddable":true,"href":"https:\/\/akdenizolaygazetesi.com\/index.php?rest_route=%2Fwp%2Fv2%2Ftags&post=1497"}],"curies":[{"name":"wp","href":"https:\/\/api.w.org\/{rel}","templated":true}]}}