{"id":14972,"date":"2021-10-31T11:11:35","date_gmt":"2021-10-31T08:11:35","guid":{"rendered":"http:\/\/akdenizolaygazetesi.com\/?p=14972"},"modified":"2021-10-31T11:11:35","modified_gmt":"2021-10-31T08:11:35","slug":"mersinde-yerli-yabanci-kavramini-ret-ediyorum-burada-yasayan-butun-hemsehrilerim-mersinlidir","status":"publish","type":"post","link":"https:\/\/akdenizolaygazetesi.com\/?p=14972","title":{"rendered":"\u201cMERS\u0130N\u2019DE YERL\u0130, YABANCI KAVRAMINI RET ED\u0130YORUM. BURADA YA\u015eAYAN B\u00dcT\u00dcN HEM\u015eEHR\u0130LER\u0130M MERS\u0130NL\u0130D\u0130R\u201d"},"content":{"rendered":"<p>Mersin B\u00fcy\u00fck\u015fehir Belediye Ba\u015fkan\u0131 Vahap Se\u00e7er, Mersin Servis Arac\u0131 \u0130\u015fletmecileri Esnaf Odas\u0131\u2019n\u0131n bu y\u0131l 3\u2019\u00fcnc\u00fcs\u00fcn\u00fc d\u00fczenledi\u011fi Geleneksel Bahar \u015eenli\u011fi\u2019ne kat\u0131ld\u0131. Mersin\u2019de faaliyet g\u00f6steren esnaf odalar\u0131n\u0131n ba\u015fkanlar\u0131 ile g\u00fczel bir diyalog i\u00e7inde olduklar\u0131n\u0131 ifade eden Ba\u015fkan Se\u00e7er, \u201cBug\u00fcne kadar oldu\u011fu gibi bundan sonra da in\u015fallah esnaf karde\u015flerimizle bu birlikteli\u011fimiz devam edecek\u201d dedi.<\/p>\n<p>Marehan Convention Center\u2019da ger\u00e7ekle\u015ftirilen \u015fenlikte Oda Ba\u015fkan\u0131 Zafer \u00c7ekmez, kendilerine verdi\u011fi desteklerden dolay\u0131 Ba\u015fkan Se\u00e7er\u2019e plaket taktim etti. Ba\u015fkan Se\u00e7er de meslekte 20 y\u0131l\u0131n\u0131 dolduran \u00fcyelere plaket verdi. \u015eenli\u011fe Ba\u015fkan Se\u00e7er\u2019in yan\u0131 s\u0131ra Mersin Milletvekilleri Alpay Antmen ve Hac\u0131 \u00d6zkan, Yeni\u015fehir Belediye Ba\u015fkan\u0131 Abdullah \u00d6zyi\u011fit, Mersin Ticaret ve Sanayi Odas\u0131 Ba\u015fkan\u0131 Ayhan K\u0131z\u0131ltan, Mersin Ticaret ve Sanayi Odas\u0131 Meclis Ba\u015fkan\u0131 Hamit \u0130zol, Mersin Esnaf ve Sanatkarlar Odalar\u0131 Birli\u011fi Ba\u015fkan\u0131 Talat Din\u00e7er ile \u00e7ok say\u0131da servis\u00e7i esnaf\u0131 kat\u0131ld\u0131.<\/p>\n<p>\u201cBurada ya\u015fayan, kendini Mersinli hisseden b\u00fct\u00fcn hem\u015fehrilerim Mersinlidir\u201d<\/p>\n<p>Mersin\u2019in g\u00f6\u00e7 ile b\u00fcy\u00fcyen bir kent oldu\u011funu belirten Se\u00e7er, aidiyet duygusu hisseden herkesin Mersinli oldu\u011funu vurgulad\u0131. Se\u00e7er, \u201cMersin\u2019de yerli, yabanc\u0131 kavram\u0131n\u0131 Mersin B\u00fcy\u00fck\u015fehir Belediye Ba\u015fkan\u0131 olarak ret ediyorum. Burada ya\u015fayan, burada doyan, kendini Mersinli hisseden b\u00fct\u00fcn hem\u015fehrilerim Mersinlidir. Bunun yerlisi, yabanc\u0131s\u0131 yoktur. Bir kurum \u00e7at\u0131s\u0131 alt\u0131nda \u00f6\u011frencilerimizi, \u00e7al\u0131\u015fanlar\u0131m\u0131z\u0131 i\u015fyerine ya da okuluna ta\u015f\u0131yan y\u00fczlerce servis\u00e7i esnaf\u0131 arkada\u015f\u0131m var. Bunlar\u0131n n\u00fcfus ka\u011f\u0131d\u0131na bak\u0131n farkl\u0131 farkl\u0131 illerde do\u011fmu\u015f, aileleri orada, ikametgahlar\u0131 orada ama kendileri burada. Kendileri bir masan\u0131n etraf\u0131nda. E\u015fleri, \u00e7ocuklar\u0131 arkada\u015f. Art\u0131k bu ayr\u0131m gayr\u0131m laf\u0131n\u0131 bir kenara b\u0131rakmam\u0131z laz\u0131m. Bunu \u00fclkenin her k\u00f6\u015fesinde yayg\u0131nla\u015ft\u0131rmam\u0131z laz\u0131m. T\u00fcrkiye b\u00fcy\u00fck bir aile. Birbirimizi sevece\u011fiz, sayaca\u011f\u0131z\u201d diye konu\u015ftu.<\/p>\n<p>\u201c\u0130n\u015fallah, esnaf karde\u015flerimizle bu birlikteli\u011fimiz devam edecek\u201d<\/p>\n<p>Pandemiden en \u00e7ok etkilenen kitlelerden birinin de servis\u00e7iler oldu\u011funu an\u0131msatan Se\u00e7er, bu s\u00fcre\u00e7te t\u00fcm esnaf\u0131n yan\u0131nda olmaya \u00e7al\u0131\u015ft\u0131klar\u0131n\u0131, uygulad\u0131klar\u0131 sosyal politikalarla her kesimden insana ula\u015fmaya gayret ettiklerini s\u00f6yledi. Ba\u015fkan Se\u00e7er, \u201cTok a\u00e7\u0131n halinden anlamaz. Bizim Belediye olarak \u00f6ncelikli politikalar\u0131m\u0131z sosyal politikalar. Bu kentte okula giderken giyecek ayakkab\u0131s\u0131 olmayan bir \u00e7ocuk varsa, karn\u0131n\u0131 doyuramayan bir \u00e7ocuk varsa, bebe\u011fine mama alacak paras\u0131 olmayan anneler varsa, ben istedi\u011fim kadar metro yapay\u0131m, istedi\u011fim kadar yol yapay\u0131m, istedi\u011fim kadar bina yapay\u0131m, istedi\u011fim kadar konser verdireyim bir k\u0131ymeti harbiyesi olur mu? Ama pandemi \u015fartlar\u0131n\u0131n yava\u015f yava\u015f gev\u015femesi ile beraber \u00e7ok \u015f\u00fck\u00fcr okullar a\u00e7\u0131ld\u0131, i\u015f yerleri tekrar faaliyete girdi, i\u015fleriniz de in\u015fallah bir d\u00fczene girecek\u201d dedi. Servis\u00e7i esnaf\u0131n\u0131 rahatlatmaya y\u00f6nelik baz\u0131 kararlar ald\u0131klar\u0131n\u0131, esnaf ve oda ba\u015fkanlar\u0131 ile diyalo\u011fa b\u00fcy\u00fck \u00f6nem verdiklerini belirten Ba\u015fkan Se\u00e7er, \u015funlar\u0131 s\u00f6yledi:<\/p>\n<p>\u201cBiz konu\u015ftu\u011fumuz, diyalog kurdu\u011fumuz s\u00fcrece b\u00fct\u00fcn sorunlar\u0131 \u00e7ok daha \u00e7abuk \u00e7\u00f6zeriz. Bu s\u00fcrede de b\u00f6yle oldu. Vize \u00fccretleri ile ilgili talepleri oldu Odan\u0131n, \u2018Ba\u015f\u0131m\u0131z \u00fczerine\u2019 dedik. \u2018UKOME\u2019den karar \u00e7\u0131kartal\u0131m, turizm b\u00f6lgelerinde servis yapam\u0131yoruz. Hi\u00e7 olmazsa o da yaram\u0131za merhem olsun\u2019 dediler, UKOME\u2019den karar \u00e7\u0131kard\u0131k. Demek ki konu\u015funca, anla\u015f\u0131nca, makul olunca, kimsenin hakk\u0131na yan g\u00f6zle bakmad\u0131k\u00e7a her \u015fey gayet g\u00fczel yap\u0131labiliyor. Bug\u00fcne kadar oldu\u011fu gibi bundan sonra da in\u015fallah esnaf karde\u015flerimizle bu birlikteli\u011fimiz devam edecek.\u201d<\/p>\n<p>Mersin Servis Arac\u0131 \u0130\u015fletmecileri Esnaf Odas\u0131 Ba\u015fkan\u0131 Zafer \u00c7ekmez ise pandemi d\u00f6nemindeki s\u0131k\u0131nt\u0131lar\u0131 tekrar ya\u015famama dile\u011finde bulunurken, \u201cEn s\u0131k\u0131nt\u0131l\u0131 d\u00f6nemimizde yan\u0131m\u0131zda olan ba\u015fta B\u00fcy\u00fck\u015fehir Belediye Ba\u015fkan\u0131m\u0131z\u2019a, milletvekillerimize, Yeni\u015fehir Belediye Ba\u015fkan\u0131m\u0131z\u2019a ve Oda Ba\u015fkanlar\u0131m\u0131za \u015f\u00fckranlar\u0131m\u0131 sunuyorum\u201d dedi.<\/p>\n","protected":false},"excerpt":{"rendered":"<p>Mersin B\u00fcy\u00fck\u015fehir Belediye Ba\u015fkan\u0131 Vahap Se\u00e7er, Mersin Servis Arac\u0131 \u0130\u015fletmecileri Esnaf Odas\u0131\u2019n\u0131n bu y\u0131l 3\u2019\u00fcnc\u00fcs\u00fcn\u00fc d\u00fczenledi\u011fi Geleneksel Bahar \u015eenli\u011fi\u2019ne kat\u0131ld\u0131. Mersin\u2019de faaliyet g\u00f6steren esnaf odalar\u0131n\u0131n ba\u015fkanlar\u0131 ile g\u00fczel bir diyalog &hellip; <a href=\"https:\/\/akdenizolaygazetesi.com\/?p=14972\" class=\"more-link\">Devam\u0131n\u0131 Oku&#8230;<\/a><\/p>\n","protected":false},"author":2,"featured_media":14973,"comment_status":"open","ping_status":"open","sticky":false,"template":"","format":"standard","meta":[],"categories":[2,3,5],"tags":[],"_links":{"self":[{"href":"https:\/\/akdenizolaygazetesi.com\/index.php?rest_route=\/wp\/v2\/posts\/14972"}],"collection":[{"href":"https:\/\/akdenizolaygazetesi.com\/index.php?rest_route=\/wp\/v2\/posts"}],"about":[{"href":"https:\/\/akdenizolaygazetesi.com\/index.php?rest_route=\/wp\/v2\/types\/post"}],"author":[{"embeddable":true,"href":"https:\/\/akdenizolaygazetesi.com\/index.php?rest_route=\/wp\/v2\/users\/2"}],"replies":[{"embeddable":true,"href":"https:\/\/akdenizolaygazetesi.com\/index.php?rest_route=%2Fwp%2Fv2%2Fcomments&post=14972"}],"version-history":[{"count":1,"href":"https:\/\/akdenizolaygazetesi.com\/index.php?rest_route=\/wp\/v2\/posts\/14972\/revisions"}],"predecessor-version":[{"id":14974,"href":"https:\/\/akdenizolaygazetesi.com\/index.php?rest_route=\/wp\/v2\/posts\/14972\/revisions\/14974"}],"wp:featuredmedia":[{"embeddable":true,"href":"https:\/\/akdenizolaygazetesi.com\/index.php?rest_route=\/wp\/v2\/media\/14973"}],"wp:attachment":[{"href":"https:\/\/akdenizolaygazetesi.com\/index.php?rest_route=%2Fwp%2Fv2%2Fmedia&parent=14972"}],"wp:term":[{"taxonomy":"category","embeddable":true,"href":"https:\/\/akdenizolaygazetesi.com\/index.php?rest_route=%2Fwp%2Fv2%2Fcategories&post=14972"},{"taxonomy":"post_tag","embeddable":true,"href":"https:\/\/akdenizolaygazetesi.com\/index.php?rest_route=%2Fwp%2Fv2%2Ftags&post=14972"}],"curies":[{"name":"wp","href":"https:\/\/api.w.org\/{rel}","templated":true}]}}