{"id":1498,"date":"2020-11-04T18:22:03","date_gmt":"2020-11-04T15:22:03","guid":{"rendered":"http:\/\/mersinekonomipolitikagazetesi.com\/?p=1498"},"modified":"2020-11-04T18:22:03","modified_gmt":"2020-11-04T15:22:03","slug":"ihracatin-ithalata-bagli-olmasi-buyuk-risk","status":"publish","type":"post","link":"https:\/\/akdenizolaygazetesi.com\/?p=1498","title":{"rendered":"\u201c\u0130hracat\u0131n ithalata  ba\u011fl\u0131 olmas\u0131 b\u00fcy\u00fck  risk\u201d"},"content":{"rendered":"<p>Akdeniz Ekonomi Forumu\u2019nun ikinci g\u00fcn\u00fc b\u00f6lge i\u00e7in \u00f6nem ta\u015f\u0131yan tar\u0131m sekt\u00f6r\u00fcn\u00fcn sorunlar\u0131n\u0131n masaya yat\u0131r\u0131lmas\u0131 ile ba\u015flad\u0131. \u0130lk oturumun konusu S\u00fcrd\u00fcr\u00fclebilir \u0130novatif Tar\u0131m ve G\u0131da oldu.<\/p>\n<p style=\"box-sizing: border-box; margin: 0px 0px 10px; font-family: 'Open Sans', sans-serif; font-size: 13px; line-height: 18.5714px;\"><span style=\"font-size:16px;\">Moderat\u00f6rl\u00fc\u011f\u00fcn\u00fc NTV\u2019den Prof. Dr. G\u00fcng\u00f6r Uras\u2019\u0131n yapt\u0131\u011f\u0131 oturumda Akdeniz Havzas\u0131\u2019nda yer alan Mersin\u2019de kurulacak Tar\u0131m G\u0131da Teknopark\u2019\u0131, b\u00f6lge ihracat\u0131nda \u00f6nemli yer tutan ya\u015f meyve sebze ile bakliyat \u00fcr\u00fcnleri ihracat\u0131n\u0131n uluslararas\u0131 rekabette ilk s\u0131ray\u0131 almas\u0131 i\u00e7in gereken tar\u0131msal \u00f6nlemler ve yat\u0131r\u0131mlar, g\u0131da g\u00fcvenli\u011fine uygun tar\u0131msal ve end\u00fcstriyel \u00fcr\u00fcnlerin geli\u015ftirilmesi, sanayi tar\u0131m entegrasyonu ile 2020 y\u0131l\u0131nda Akdeniz Havzas\u0131\u2019nda d\u00fczenlenmesi planlanan D\u00fcnya Turun\u00e7gil Konferans\u0131 ele al\u0131nd\u0131. Bu oturumun konu\u015fmac\u0131lar\u0131 ise; Aves A.\u015e Genel M\u00fcd\u00fcr\u00fc Onat Ang\u0131, Akdeniz \u0130hracat\u00e7\u0131 Birlikleri Koordinat\u00f6r Ba\u015fkan\u0131 Mahmut Arslan, Tarsus Ticaret ve Sanayi Odas\u0131 Ba\u015fkan\u0131 H. Ruhi Ko\u00e7ak ile Adana Ticaret Odas\u0131 Ba\u015fkan\u0131 Atila Menev\u015fe oldu.\u00a0<br style=\"box-sizing: border-box;\" \/><br \/>\nOturumun a\u00e7\u0131l\u0131\u015f\u0131nda konu\u015fan MEP Ba\u015fkan Yard\u0131mc\u0131s\u0131 \u00d6zcan Demir, kent ekonomisi hakk\u0131nda bilgi verip son 5 y\u0131lda ciddi bir geli\u015fme ya\u015fand\u0131\u011f\u0131n\u0131, Kalk\u0131nma Bakan\u0131 L\u00fctfi Elvan\u2019\u0131n da destekleri ile kentin isminin t\u00fcm T\u00fcrkiye\u2019ye duyuruldu\u011fun s\u00f6yledi.\u00a0<\/span><\/p>\n<p style=\"box-sizing: border-box; margin: 0px 0px 10px; font-family: 'Open Sans', sans-serif; font-size: 13px; line-height: 18.5714px;\"><span style=\"font-size:16px;\"><strong style=\"box-sizing: border-box;\">Menev\u015fe: \u201cAdana Tar\u0131m OSB kurulumunda ciddi yol ald\u0131k\u201d<\/strong><br style=\"box-sizing: border-box;\" \/><br \/>\nAdana Ticaret Odas\u0131 Ba\u015fkan\u0131 Atila Menev\u015fe b\u00f6lge tar\u0131m\u0131 ve tar\u0131m alan\u0131nda yap\u0131lan \u00e7al\u0131\u015fmalar hakk\u0131nda bilgi verdi. Adana\u2019da Tar\u0131m Organize Sanayi B\u00f6lgesi (OSB) kurma \u00e7al\u0131\u015fmas\u0131 y\u00fcr\u00fctt\u00fcklerini bildiren Menev\u015fe, 3 bin dekar alanda ba\u015flama karar\u0131 ald\u0131klar\u0131n\u0131, talep toplayabilir miyiz diye d\u00fc\u015f\u00fcn\u00fcrken gelen taleplerle birlikte 12 bin dekara kadar geni\u015fleme alan\u0131 olu\u015fturduklar\u0131n\u0131 s\u00f6yledi. \u201cAncak \u00f6nce deme amac\u0131yla 3 bin dekar alan\u0131 aktif kullanaca\u011f\u0131z\u201d diyen Menev\u015fe, araziyi 25, 50 ve 100 dekarl\u0131k parsellere ay\u0131rd\u0131klar\u0131n\u0131 ve ekim yap\u0131lacak konuya g\u00f6re arazi tahsis edilece\u011fini s\u00f6yledi. OSB\u2019de sebze, meyve, \u00e7i\u00e7ek, muz ve fidecilik \u00fczerine \u00e7al\u0131\u015fmay\u0131 planlad\u0131klar\u0131na de\u011finen Menev\u015fe, \u201cAdana\u2019da bir model olu\u015fturmak istiyoruz. Bunu yapal\u0131m \u00e7ift\u00e7i verim sa\u011flas\u0131n ve di\u011fer \u00e7ift\u00e7iler de buradaki modeli kendi arazilerinde uygulas\u0131n istiyoruz\u201d dedi. Komplike bir yap\u0131 kurulaca\u011f\u0131n\u0131 anlatan Menev\u015fe, so\u011fuk zincir lojisti\u011finin de takip edilebilebilecek altyap\u0131 olu\u015faca\u011f\u0131n\u0131 ve ihracat olana\u011f\u0131n\u0131n geli\u015fece\u011fini s\u00f6yledi.\u00a0<br style=\"box-sizing: border-box;\" \/><br \/>\nB\u00f6lgede havaalan\u0131 yat\u0131r\u0131m\u0131n\u0131n devam etti\u011fini de hat\u0131rlatan Menev\u015fe, yat\u0131r\u0131m\u0131n bitmesiyle birlikte b\u00f6lgenin taze meyve sebzesinin havayolu ile de intikalinin s\u00f6z konusu olaca\u011f\u0131na dikkat \u00e7ekti. \u201cMaliyetlerin y\u00fcksek olaca\u011f\u0131 d\u00fc\u015f\u00fcn\u00fclebilir ama pazarlar\u0131m\u0131z\u0131 kaybetmemek i\u00e7in gerekli olaca\u011f\u0131 durumlar olacakt\u0131r\u201d de\u011ferlendirmesini yapan Menev\u015fe, gerekli durumlarda devletin de bu durumu s\u00fcbvanse etmesi gerekti\u011fini anlatt\u0131.\u00a0<\/span><\/p>\n<p style=\"box-sizing: border-box; margin: 0px 0px 10px; font-family: 'Open Sans', sans-serif; font-size: 13px; line-height: 18.5714px;\"><span style=\"font-size:16px;\"><strong style=\"box-sizing: border-box;\">Ko\u00e7ak: \u201cT\u00fcrkiye\u2019nin en b\u00fcy\u00fck tar\u0131m k\u00fcmesi Tarsus\u2019ta kurulacak\u201d<\/strong><br style=\"box-sizing: border-box;\" \/><br \/>\nTarsus Ticaret ve Sanayi Odas\u0131 Y\u00f6netim Kurulu Ba\u015fkan\u0131 Ruhi Ko\u00e7ak da s\u00fcrd\u00fcr\u00fclebilir tar\u0131m konusuna de\u011findi. \u00c7ukurova\u2019n\u0131n bereketli topraklara sahip oldu\u011funu ve 10 bin y\u0131ld\u0131r kesintisiz ya\u015fam s\u00fcrd\u00fc\u011f\u00fcn\u00fc kaydeden Ko\u00e7ak, b\u00f6lgede y\u00fcksek katmade\u011ferli \u00e7ok say\u0131da \u00fcr\u00fcn \u00fcretilebilecekken m\u0131s\u0131r gibi d\u00fc\u015f\u00fck kazan\u00e7 ve verim sa\u011flayan \u00fcr\u00fcnlerin yeti\u015fmesini do\u011fru bulmad\u0131\u011f\u0131n\u0131 anlatt\u0131. Daha katmade\u011ferli \u00fcr\u00fcn yeti\u015ftirebilmek ad\u0131na 1200 dekarl\u0131k alanda pilot bir \u00e7al\u0131\u015fma ba\u015flatt\u0131klar\u0131n\u0131 ve s\u00fcs bitkisi yeti\u015ftirmek i\u00e7in yola \u00e7\u0131kt\u0131klar\u0131n\u0131 belirten Ko\u00e7ak, son d\u00f6nemlerde yo\u011fun muz yeti\u015ftirme talebi ald\u0131klar\u0131n\u0131 da anlatt\u0131. Muz \u00fcretiminin de do\u011fru bir yakla\u015f\u0131m olaca\u011f\u0131na dikkat \u00e7eken Ko\u00e7ak, \u201cAncak bunun i\u00e7in ciddi \u0131s\u0131tma gerekiyor. Bu nedenle yapmak istedi\u011fimiz yat\u0131r\u0131mlar\u0131 iyi ara\u015ft\u0131rmal\u0131y\u0131z\u201d dedi.\u00a0<br style=\"box-sizing: border-box;\" \/><br \/>\nArt\u0131k tar\u0131m\u0131n maliyetlerinin artt\u0131\u011f\u0131n\u0131 \u00f6l\u00e7ek ekonomisinden g\u00fcn ge\u00e7tik\u00e7e uzakla\u015f\u0131ld\u0131\u011f\u0131n\u0131 kaydeden Ko\u00e7ak \u015funlar\u0131 s\u00f6yledi:\u00a0<br style=\"box-sizing: border-box;\" \/><br \/>\n\u201c\u00c7ift\u00e7i say\u0131s\u0131 ve parsel b\u00fcy\u00fckl\u00fcklerine bak\u0131nca \u00f6l\u00e7ek ekonomisinden bahsetmek zor. \u00c7ift\u00e7i ba\u015f\u0131na 6 parsel d\u00fc\u015f\u00fcyor. Her parsel 10-20 dekar. Aile \u00e7iftli\u011fine ya da kooperatife d\u00f6n\u00fc\u015fmeli. Biz de 5 bin 300 dekar alanda tamamen tar\u0131m ve g\u0131da \u00fcr\u00fcnlerinin yan sanayisinin olu\u015faca\u011f\u0131 Tar\u0131m G\u0131da Teknopark\u2019\u0131 kurulum \u00e7al\u0131\u015fmalar\u0131n\u0131 y\u00fcr\u00fct\u00fcyoruz. Burada tohum \u0131slah\u0131, \u00e7e\u015fitlerin adaptasyonu, en iyi yeti\u015ftirme y\u00f6ntemi, \u00e7evre kirlili\u011fini yok etmek ve kal\u0131nt\u0131s\u0131z \u00fcretim i\u00e7in \u00e7al\u0131\u015fmalar yap\u0131lacak. Demo sahalarda ar-ge \u00e7al\u0131\u015fmalar\u0131 y\u00fcr\u00fct\u00fclecek. Ard\u0131ndan pazarlama, raf \u00f6mr\u00fcn\u00fcn uzat\u0131lmas\u0131 noktas\u0131nda \u00e7al\u0131\u015fmalar y\u00fcr\u00fct\u00fclecek. Terzi usul\u00fc \u00e7al\u0131\u015fma ger\u00e7ekle\u015ftirilecek. T\u00fcrkiye\u2019nin en b\u00fcy\u00fck g\u0131da k\u00fcmelenmesi olu\u015facak.\u00a0<\/span><\/p>\n<p style=\"box-sizing: border-box; margin: 0px 0px 10px; font-family: 'Open Sans', sans-serif; font-size: 13px; line-height: 18.5714px;\"><span style=\"font-size:16px;\"><strong style=\"box-sizing: border-box;\">Arslan: \u201cS\u00fcrd\u00fcr\u00fclebilir tar\u0131m i\u00e7in tohumculuk \u00f6nemli\u201d<\/strong><br style=\"box-sizing: border-box;\" \/><br \/>\nAkdeniz \u0130hracat\u00e7\u0131 Birlikleri Koordinat\u00f6r Ba\u015fkan\u0131 Mahmut Arslan, ise s\u00fcrd\u00fcr\u00fclebilir tar\u0131m\u0131n ipu\u00e7lar\u0131n\u0131 verdi. S\u00fcrd\u00fcr\u00fclebilir tar\u0131m i\u00e7in iki \u00f6nemli konu oldu\u011funu vurgulayan Arslan, bunlardan ilkinin geni\u015f arazi gereklili\u011fi, ikincisinin kaliteli tohum oldu\u011funu s\u00f6yledi.100 d\u00f6n\u00fcm arazi i\u00e7in de 1000 d\u00f6n\u00fcm arazi i\u00e7in de bir trakt\u00f6r\u00fcn yeterli oldu\u011funu anlatan Arslan, \u201cBu nedenle b\u00fcy\u00fck \u00f6l\u00e7ek her zaman \u00f6nemli, k\u00fc\u00e7\u00fck arazi bo\u015fa efor sarf etmek anlam\u0131na geliyor\u201d de\u011ferlendirmesini yapt\u0131.\u00a0<br style=\"box-sizing: border-box;\" \/><br \/>\n\u0130kinci \u00f6nemli konunun tohumculuk oldu\u011funu vurgulayan Mahmut Arslan, s\u00fcrd\u00fcr\u00fclebilirlik i\u00e7in iyi bir tohuma sahip olunmas\u0131 gerekti\u011fini, iyi bir tohum i\u00e7in de de\u011fi\u015fimin, ihtiya\u00e7lar\u0131n s\u00fcrekli takip edilmesi ve inovasyonun b\u0131rak\u0131lmamas\u0131 gerekti\u011fini s\u00f6yledi. T\u00fcrkiye\u2019de ise iyi tohumlar\u0131n bulundu\u011funu ancak \u00e7ift\u00e7iye yeterince tan\u0131t\u0131lmad\u0131\u011f\u0131n\u0131 ve bu nedenle yeterince kullan\u0131lmad\u0131\u011f\u0131n\u0131 kaydeden Arslan, ge\u00e7mi\u015fte oldu\u011fu gibi tarla g\u00fcnlerine devam edilmesi gerekti\u011fini s\u00f6yledi.\u00a0<br style=\"box-sizing: border-box;\" \/><br \/>\n1998 y\u0131l\u0131ndan itibaren kendisinin bizzat tohumculuk sekt\u00f6r\u00fcyle u\u011fra\u015ft\u0131\u011f\u0131n\u0131 anlatan Arslan, \u201cBa\u015fkanl\u0131\u011f\u0131n\u0131 yapt\u0131\u011f\u0131m AK\u0130B\u2019de 10 bin dolar ihracat yapan herkesten 1 dolar toplayarak bir tohumculuk \u015firketi kurduk ve g\u00fczel \u00e7al\u0131\u015fmalar yapt\u0131k. K\u0131br\u0131s\u2019ta G\u00f6k\u00e7e Tohumu ismiyle bir nohut tohumu geli\u015ftirdik ve bu tohumla BM\u2019den kuru tar\u0131mda en uygun tohum \u00e7e\u015fidi \u00f6d\u00fcl\u00fc ald\u0131k\u201d dedi.\u00a0<br style=\"box-sizing: border-box;\" \/><br \/>\nTohumculukta verimin mutlaka art\u0131r\u0131lmas\u0131 gerekti\u011fini vurgulayan Arslan, \u015funlar\u0131 s\u00f6yledi:\u00a0<br style=\"box-sizing: border-box;\" \/><br \/>\n\u201c\u00c7ift\u00e7i her zaman sadece kazanc\u0131na bakar. Para kazand\u0131\u011f\u0131 \u00fcr\u00fcn\u00fc eker. D\u00fcnya n\u00fcfusunun 2050 y\u0131l\u0131nda 10 milyara ula\u015faca\u011f\u0131 tahmin ediliyor. Bu n\u00fcfusu doyurabilmemiz i\u00e7in bug\u00fcnk\u00fc tar\u0131m \u00fcr\u00fcnlerini y\u00fczde 60 art\u0131rmal\u0131s\u0131n\u0131z. Oysa ortada bir \u00e7eli\u015fki var. Topra\u011f\u0131m\u0131z\u0131 b\u00fcy\u00fctemeyiz. D\u00fcnya topra\u011f\u0131 belli. O zaman verimi art\u0131rmal\u0131y\u0131z. Bunu nas\u0131l yapar\u0131z. Tohumculu\u011fu iyile\u015ftirerek. \u00dclkemizde maalesef sertifikal\u0131 tohum \u00e7ok az. Ar-ge\u2019ye a\u011f\u0131rl\u0131k vermeliyiz.\u201d<\/span><\/p>\n<p style=\"box-sizing: border-box; margin: 0px 0px 10px; font-family: 'Open Sans', sans-serif; font-size: 13px; line-height: 18.5714px;\"><span style=\"font-size:16px;\"><strong style=\"box-sizing: border-box;\">Ang\u0131: \u201c\u00d6l\u00e7ek ekonomisini getirmeliyiz\u201d<\/strong><br style=\"box-sizing: border-box;\" \/><br \/>\nAves A.\u015e Genel M\u00fcd\u00fcr\u00fc Onat Ang\u0131, ya\u011fl\u0131 tohumun \u00f6nemi ve bu alanda ya\u015fanan s\u0131k\u0131nt\u0131lar\u0131 anlatt\u0131. T\u00fcrkiye\u2019nin ya\u011fl\u0131 tohum \u00fcretiminde geri kald\u0131\u011f\u0131n\u0131 ve net ithalat\u00e7\u0131 pozisyonunda bulundu\u011funu belirten Ang\u0131, T\u00fcrkiye\u2019nin 850 bin ton ay\u00e7i\u00e7e\u011fi bulunmas\u0131na ra\u011fmen 2 milyon \u00e7ekirde\u011fe ihtiya\u00e7 duydu\u011funu s\u00f6yledi. Ukrayna\u2019n\u0131n daha k\u00fc\u00e7\u00fck topraklarda T\u00fcrkiye\u2019den 10 kat fazla \u00fcretim ger\u00e7ekle\u015ftirdi\u011fini ifade eden Ang\u0131, bu durumu \u00f6l\u00e7ek ekonomisi ile a\u00e7\u0131klad\u0131. Ukrayna ve Rusya\u2019n\u0131n yerli sanayiyi korumak ad\u0131na \u00fcretti\u011fi tohumu yurtd\u0131\u015f\u0131na g\u00f6ndermedi\u011fini, ihracat vergisi koydu\u011funu da kaydeden Ang\u0131, \u201c14 milyon tonluk \u00fcretimin tamam\u0131n\u0131 yurti\u00e7inde kullan\u0131yorlar. \u00c7\u00fcnk\u00fc bu \u00fcr\u00fcn\u00fcn k\u0131r\u0131lmas\u0131 da \u00e7ok \u00f6nemli, kabu\u011fu hayvan yeminde kullan\u0131l\u0131yor o da ayr\u0131 bir end\u00fcstri olu\u015fturuyor. En son olu\u015fan end\u00fcstriyel \u00fcr\u00fcn\u00fc ihra\u00e7 ediyorlar\u201d dedi.\u00a0<br style=\"box-sizing: border-box;\" \/><br \/>\nT\u00fcrkiye\u2019nin ya\u011fl\u0131 tohum ihtiyac\u0131n\u0131 a\u011f\u0131rl\u0131kl\u0131 olarak Moldova, Bulgaristan ve Romanya\u2019dan kar\u015f\u0131lad\u0131\u011f\u0131n\u0131 bildiren Onat Ang\u0131, son d\u00f6nemlerde Bosna Hersek\u2019ten de al\u0131m yap\u0131ld\u0131\u011f\u0131n\u0131 anlatt\u0131.\u00a0<br style=\"box-sizing: border-box;\" \/><br \/>\nT\u00fcrkiye\u2019nin ya\u011fl\u0131 tohumdan elde edilen \u00fcr\u00fcnlerin ihracat\u0131n\u0131n ithalata dayal\u0131 oldu\u011funu kaydeden Ang\u0131, \u201c\u0130hracat\u0131m\u0131z\u0131n y\u00fczde 20\u2019sini sava\u015f sonras\u0131nda BM kanal\u0131 ile Suriye\u2019ye ger\u00e7ekle\u015ftirmeye ba\u015flad\u0131k. Kalan\u0131 ise 104 \u00fclkeye sat\u0131yoruz. Ancak ihracat\u0131n ithalata ba\u011fl\u0131 olmas\u0131 b\u00fcy\u00fck risk\u201d dedi. Ang\u0131 \u00e7\u00f6z\u00fcm yolu olarak mutlak T\u00fcrkiye\u2019de \u00f6l\u00e7ek ekonomisinin getirilmesi gerekti\u011fini s\u00f6zlerine ekledi.\u00a0<\/span><\/p>\n","protected":false},"excerpt":{"rendered":"<p>Akdeniz Ekonomi Forumu\u2019nun ikinci g\u00fcn\u00fc b\u00f6lge i\u00e7in \u00f6nem ta\u015f\u0131yan tar\u0131m sekt\u00f6r\u00fcn\u00fcn sorunlar\u0131n\u0131n masaya yat\u0131r\u0131lmas\u0131 ile ba\u015flad\u0131. \u0130lk oturumun konusu S\u00fcrd\u00fcr\u00fclebilir \u0130novatif Tar\u0131m ve G\u0131da oldu. Moderat\u00f6rl\u00fc\u011f\u00fcn\u00fc NTV\u2019den Prof. Dr. G\u00fcng\u00f6r &hellip; <a href=\"https:\/\/akdenizolaygazetesi.com\/?p=1498\" class=\"more-link\">Devam\u0131n\u0131 Oku&#8230;<\/a><\/p>\n","protected":false},"author":1,"featured_media":0,"comment_status":"open","ping_status":"open","sticky":false,"template":"","format":"standard","meta":[],"categories":[],"tags":[],"_links":{"self":[{"href":"https:\/\/akdenizolaygazetesi.com\/index.php?rest_route=\/wp\/v2\/posts\/1498"}],"collection":[{"href":"https:\/\/akdenizolaygazetesi.com\/index.php?rest_route=\/wp\/v2\/posts"}],"about":[{"href":"https:\/\/akdenizolaygazetesi.com\/index.php?rest_route=\/wp\/v2\/types\/post"}],"author":[{"embeddable":true,"href":"https:\/\/akdenizolaygazetesi.com\/index.php?rest_route=\/wp\/v2\/users\/1"}],"replies":[{"embeddable":true,"href":"https:\/\/akdenizolaygazetesi.com\/index.php?rest_route=%2Fwp%2Fv2%2Fcomments&post=1498"}],"version-history":[{"count":0,"href":"https:\/\/akdenizolaygazetesi.com\/index.php?rest_route=\/wp\/v2\/posts\/1498\/revisions"}],"wp:attachment":[{"href":"https:\/\/akdenizolaygazetesi.com\/index.php?rest_route=%2Fwp%2Fv2%2Fmedia&parent=1498"}],"wp:term":[{"taxonomy":"category","embeddable":true,"href":"https:\/\/akdenizolaygazetesi.com\/index.php?rest_route=%2Fwp%2Fv2%2Fcategories&post=1498"},{"taxonomy":"post_tag","embeddable":true,"href":"https:\/\/akdenizolaygazetesi.com\/index.php?rest_route=%2Fwp%2Fv2%2Ftags&post=1498"}],"curies":[{"name":"wp","href":"https:\/\/api.w.org\/{rel}","templated":true}]}}