{"id":14980,"date":"2021-11-01T12:45:41","date_gmt":"2021-11-01T09:45:41","guid":{"rendered":"http:\/\/akdenizolaygazetesi.com\/?p=14980"},"modified":"2021-11-01T12:45:41","modified_gmt":"2021-11-01T09:45:41","slug":"baskan-gultak-genclerle-sarkilar-soyleyip-sohbet-etti","status":"publish","type":"post","link":"https:\/\/akdenizolaygazetesi.com\/?p=14980","title":{"rendered":"Ba\u015fkan G\u00fcltak gen\u00e7lerle \u015fark\u0131lar s\u00f6yleyip sohbet etti"},"content":{"rendered":"<p>Akdeniz Belediye Ba\u015fkan\u0131 Mustafa G\u00fcltak; il\u00e7ede ya\u015fayan yakla\u015f\u0131k 300 ba\u015far\u0131l\u0131 \u00f6\u011frenciyi kampla \u00f6d\u00fcllendirdi. Gen\u00e7leri Silifke Kap\u0131zl\u0131&#8217;da bulunan kampta ziyaret eden Ba\u015fkan G\u00fcltak; &#8220;\u0130mkan bulamay\u0131p da bir\u00e7ok \u015feyden yararlanamayan gen\u00e7lerimizin d\u00fcnyaya bak\u0131\u015flar\u0131n\u0131n de\u011fi\u015fmesi i\u00e7in bu etkinlikleri \u00f6nemli buluyoruz&#8221; dedi.<br \/>\nAkdeniz Belediyesi K\u00fclt\u00fcr ve Sosyal \u0130\u015fler M\u00fcd\u00fcrl\u00fc\u011f\u00fc il\u00e7e s\u0131n\u0131rlar\u0131 i\u00e7erisinde ya\u015fayan yakla\u015f\u0131k 300 ba\u015far\u0131l\u0131 \u00f6\u011frenciyi Silifke Kap\u0131zl\u0131&#8217;da bulunan gen\u00e7lik kamp\u0131nda a\u011f\u0131rlad\u0131. 29 Ekim Cumhuriyet Bayram\u0131 dolay\u0131s\u0131yla keyifli konserlerle doyas\u0131ya e\u011flenen gen\u00e7lerin, 3 g\u00fcn s\u00fcren etkinlik ile sosyal, k\u00fclt\u00fcrel ve sportif anlamda da kendilerini geli\u015ftirebilmelerine olanak tan\u0131n\u0131yor. G\u00f6reve geldi\u011fi g\u00fcnden bu yana sosyal sorumluluk projeleri ile \u00f6nemli i\u015flere imza atan Ba\u015fkan Mustafa G\u00fcltak da gen\u00e7leri bulunduklar\u0131 kampta ziyaret ederek onlar\u0131n e\u011flencelerine ortak oldu.<br \/>\nBa\u015fkan G\u00fcltak gen\u00e7lerle \u015fark\u0131lar s\u00f6yleyip sohbet etti<br \/>\nGen\u00e7lerle \u015fark\u0131lar s\u00f6yleyip, sohbet eden Ba\u015fkan Mustafa G\u00fcltak burada yapt\u0131\u011f\u0131 konu\u015fmada &#8220;300\u2019e yak\u0131n \u00f6\u011frencimizi kamplarla bulu\u015fturduk. Spor Bakanl\u0131\u011f\u0131m\u0131za ba\u011fl\u0131 e\u011fitmen arkada\u015flar\u0131m\u0131z ve belediyemizin ilgili birimlerine ba\u011fl\u0131 ekiplerimiz buradalar. Gen\u00e7lerimize y\u00f6nelik programlar yap\u0131yorlar. Hem hep beraber Cumhuriyet Bayram\u0131m\u0131z\u0131 kutlam\u0131\u015f olduk hem de onlar\u0131n  e\u011fitim ve gelecekleri konusunda s\u00f6yle\u015filer yapt\u0131k&#8221; dedi.<br \/>\n&#8220;Bar\u0131\u015f\u0131 ve sevgiyi burada buluyorlar&#8221;<br \/>\nBurada \u00f6\u011frencilere kendi kaderleri ve ya\u015fant\u0131lar\u0131 ile ilgili kararlar almalar\u0131n\u0131n gerekli oldu\u011funu hat\u0131rlatt\u0131klar\u0131n\u0131 ifade eden Ba\u015fkan G\u00fcltak; &#8220;\u00c7\u00fcnk\u00fc daha \u00f6nce bu kamplara kat\u0131lan gen\u00e7ler i\u00e7inden farkl\u0131 \u00fclkelere giden, farkl\u0131 \u00fcniversiteler kazan\u0131p daha sonra hayata at\u0131lan bir\u00e7ok gencimizin hikayesi olu\u015ftu. Bu kamplar\u0131n en g\u00fczel yanlar\u0131ndan birisi de budur. Her t\u00fcrl\u00fc din ve mezhepten olan karde\u015flerimiz bir araya gelip bar\u0131\u015f\u0131 ve sevgiyi burada buluyorlar&#8221; diye konu\u015ftu.<br \/>\n&#8220;Kad\u0131nlara, gen\u00e7lere ve ailelere \u00e7ok \u00f6nem veriyoruz&#8221;<br \/>\nBa\u015fkan G\u00fcltak; &#8220;Evlatlar\u0131m\u0131z buran\u0131n imkanlar\u0131n\u0131 g\u00f6rerek de ileriye d\u00f6n\u00fck kendi kendilerine d\u00fc\u015f\u00fcnme f\u0131rsat\u0131 buluyorlar. Sonras\u0131nda t\u0131p fak\u00fcltesini, \u00f6\u011fretmenli\u011fi, i\u015fletme b\u00f6l\u00fcmlerini kazanan \u00f6\u011frencilerimiz var. Biz Akdeniz Belediyesi olarak kad\u0131nlara, gen\u00e7lere ve ailelere \u00e7ok \u00f6nem veriyoruz. Bu Silifke kamplar\u0131 da bu y\u00fczden de\u011ferli. \u0130mkan bulamay\u0131p da bir\u00e7ok \u015feyden yararlanamayan gen\u00e7lerimizin de bunlardan faydalanarak d\u00fcnyaya bak\u0131\u015flar\u0131n\u0131n de\u011fi\u015fmesini ve g\u00f6zlerinin a\u00e7\u0131lmas\u0131n\u0131 istiyoruz. Hayatlar\u0131 ile ilgili en do\u011fru kararlar\u0131 versinler; daha \u00e7ok okusunlar; hem kendileri hem de \u00fclkeleri ile ilgili en do\u011fru kararlar\u0131 versinler istiyoruz&#8221; ifadelerini kulland\u0131. <\/p>\n","protected":false},"excerpt":{"rendered":"<p>Akdeniz Belediye Ba\u015fkan\u0131 Mustafa G\u00fcltak; il\u00e7ede ya\u015fayan yakla\u015f\u0131k 300 ba\u015far\u0131l\u0131 \u00f6\u011frenciyi kampla \u00f6d\u00fcllendirdi. Gen\u00e7leri Silifke Kap\u0131zl\u0131&#8217;da bulunan kampta ziyaret eden Ba\u015fkan G\u00fcltak; &#8220;\u0130mkan bulamay\u0131p da bir\u00e7ok \u015feyden yararlanamayan gen\u00e7lerimizin d\u00fcnyaya &hellip; <a href=\"https:\/\/akdenizolaygazetesi.com\/?p=14980\" class=\"more-link\">Devam\u0131n\u0131 Oku&#8230;<\/a><\/p>\n","protected":false},"author":2,"featured_media":14981,"comment_status":"open","ping_status":"open","sticky":false,"template":"","format":"standard","meta":[],"categories":[3,5],"tags":[],"_links":{"self":[{"href":"https:\/\/akdenizolaygazetesi.com\/index.php?rest_route=\/wp\/v2\/posts\/14980"}],"collection":[{"href":"https:\/\/akdenizolaygazetesi.com\/index.php?rest_route=\/wp\/v2\/posts"}],"about":[{"href":"https:\/\/akdenizolaygazetesi.com\/index.php?rest_route=\/wp\/v2\/types\/post"}],"author":[{"embeddable":true,"href":"https:\/\/akdenizolaygazetesi.com\/index.php?rest_route=\/wp\/v2\/users\/2"}],"replies":[{"embeddable":true,"href":"https:\/\/akdenizolaygazetesi.com\/index.php?rest_route=%2Fwp%2Fv2%2Fcomments&post=14980"}],"version-history":[{"count":1,"href":"https:\/\/akdenizolaygazetesi.com\/index.php?rest_route=\/wp\/v2\/posts\/14980\/revisions"}],"predecessor-version":[{"id":14982,"href":"https:\/\/akdenizolaygazetesi.com\/index.php?rest_route=\/wp\/v2\/posts\/14980\/revisions\/14982"}],"wp:featuredmedia":[{"embeddable":true,"href":"https:\/\/akdenizolaygazetesi.com\/index.php?rest_route=\/wp\/v2\/media\/14981"}],"wp:attachment":[{"href":"https:\/\/akdenizolaygazetesi.com\/index.php?rest_route=%2Fwp%2Fv2%2Fmedia&parent=14980"}],"wp:term":[{"taxonomy":"category","embeddable":true,"href":"https:\/\/akdenizolaygazetesi.com\/index.php?rest_route=%2Fwp%2Fv2%2Fcategories&post=14980"},{"taxonomy":"post_tag","embeddable":true,"href":"https:\/\/akdenizolaygazetesi.com\/index.php?rest_route=%2Fwp%2Fv2%2Ftags&post=14980"}],"curies":[{"name":"wp","href":"https:\/\/api.w.org\/{rel}","templated":true}]}}