{"id":14983,"date":"2021-11-01T12:47:34","date_gmt":"2021-11-01T09:47:34","guid":{"rendered":"http:\/\/akdenizolaygazetesi.com\/?p=14983"},"modified":"2021-11-01T12:47:34","modified_gmt":"2021-11-01T09:47:34","slug":"mersinin-kurtulusunun-100-yilinda-mersinlilerle-beraber-metronun-temelini-atmak-istiyoruz","status":"publish","type":"post","link":"https:\/\/akdenizolaygazetesi.com\/?p=14983","title":{"rendered":"\u201cMERS\u0130N\u2019\u0130N KURTULU\u015eUNUN 100. YILINDA MERS\u0130NL\u0130LERLE BERABER METRONUN TEMEL\u0130N\u0130 ATMAK \u0130ST\u0130YORUZ"},"content":{"rendered":"<p>Mersin B\u00fcy\u00fck\u015fehir Belediye Ba\u015fkan\u0131 Vahap Se\u00e7er, TRT \u00c7ukurova Radyosu\u2019nda yay\u0131nlanan \u201cAkdeniz\u2019den Toroslara\u201d program\u0131n\u0131n canl\u0131 yay\u0131n konu\u011fu oldu. Mersin g\u00fcndemi ve hizmetlerin konu\u015fuldu\u011fu programda Ba\u015fkan Se\u00e7er, B\u00fcy\u00fck\u015fehir Belediyesi\u2019nin \u00e7al\u0131\u015fmalar\u0131n\u0131n istikrarl\u0131 bir \u015fekilde artarak devam edece\u011fini belirterek, \u201cMersinliler gelece\u011fe umutla baks\u0131n, g\u00fcvenle baks\u0131n\u201d dedi. Metro projesini de de\u011ferlendiren Ba\u015fkan Se\u00e7er, \u201cMersin\u2019e her \u015fey yak\u0131\u015f\u0131r, metro da \u00e7ok yak\u0131\u015facak\u201d diye konu\u015ftu.<\/p>\n<p>\u201c3 Ocak\u2019ta Mersinlilerle beraber temelini atmak istiyoruz\u201d<\/p>\n<p>Metro projesini, Mersin tarihinin yerel y\u00f6netimlerdeki en b\u00fcy\u00fck projesi ve parasal a\u00e7\u0131dan da en b\u00fcy\u00fck yat\u0131r\u0131m\u0131 olarak de\u011ferlendiren Se\u00e7er, \u201cMersin\u2019in 100. Kurtulu\u015f y\u0131l d\u00f6n\u00fcm\u00fcnde; bizim i\u00e7in son derece \u00f6nemli bir g\u00fcn biliyorsunuz; Mersin\u2019in Frans\u0131z i\u015fgalinden kurtuldu\u011fu g\u00fcnd\u00fcr 3 Ocak 1922. O g\u00fcn Mersinlilerle beraber temelini atmak istiyoruz\u201d dedi. Y\u00fcklenici firma taraf\u0131ndan \u015fantiye kurulum \u00e7al\u0131\u015fmalar\u0131n\u0131n yap\u0131ld\u0131\u011f\u0131n\u0131 s\u00f6yleyen Se\u00e7er, Mersin Metrosu\u2019nun g\u00fczergah\u0131 hakk\u0131nda bilgiler verdi. <\/p>\n<p>Metro sayesinde 4 merkez il\u00e7eyi birbirine rayl\u0131 sistemlerle ba\u011flayarak, Mersin\u2019in sosyok\u00fclt\u00fcrel ve sosyoekonomik yap\u0131s\u0131n\u0131 birbirine entegre edeceklerini belirten Ba\u015fkan Se\u00e7er, metroyu gelir seviyesine bakmaks\u0131z\u0131n her sosyoekonomik yap\u0131dan insan\u0131n kullanaca\u011f\u0131n\u0131 s\u00f6yledi. Metronun Mersin i\u00e7in gecikmi\u015f bir yat\u0131r\u0131m oldu\u011funa vurgu yapan Se\u00e7er, \u201cAvrupa\u2019da bundan 150 y\u0131l \u00f6nce yap\u0131lm\u0131\u015f. Amerika\u2019da, Uzak Do\u011fu\u2019da, Rusya\u2019da yap\u0131lm\u0131\u015f bu sistemin 1,5 as\u0131r sonra Mersin\u2019de yap\u0131l\u0131yor olmas\u0131 elbette gecikmi\u015f bir proje ama en az\u0131ndan her \u015feyin bir ba\u015flang\u0131c\u0131 var. Bizimle beraber rayl\u0131 sistemler d\u00f6nemini 3 Ocak\u2019ta ba\u015flatm\u0131\u015f olaca\u011f\u0131z. Mersin\u2019e her \u015fey yak\u0131\u015f\u0131r, metro da \u00e7ok yak\u0131\u015facak\u201d diye konu\u015ftu.<\/p>\n<p>\u201cE\u011fitime katk\u0131y\u0131 her ge\u00e7en g\u00fcn daha da art\u0131rarak s\u00fcrd\u00fcrece\u011fiz\u201d<\/p>\n<p>Mersin\u2019in kalk\u0131nmas\u0131 i\u00e7in e\u011fitimin \u00f6nemli oldu\u011funu vurgulayan Ba\u015fkan Se\u00e7er, Mersin\u2019in geli\u015fmesi i\u00e7in e\u011fitimli birey say\u0131s\u0131n\u0131n artmas\u0131 gerekti\u011fini dile getirdi. Se\u00e7er, \u201cD\u00fcnyan\u0131n her yerinde olabilmek, karar mekanizmalar\u0131nda olabilmek, tarihi de\u011fi\u015ftirebilmek, bulu\u015f yapabilmek, etkin birer birey olmak e\u011fitimden ge\u00e7iyor. O nedenle de \u00e7ocuklar\u0131m\u0131za e\u011fitim konusunda b\u00fct\u00e7e yaparken a\u00e7\u0131k\u00e7as\u0131 her t\u00fcrl\u00fc imk\u00e2n\u0131m\u0131z\u0131 seferber ediyoruz. Yap\u0131labilecek ne varsa yapma gayreti i\u00e7erisindeyiz\u201d dedi. Ba\u015fkan Se\u00e7er, Mersin B\u00fcy\u00fck\u015fehir Belediyesi\u2019nin \u00f6\u011frencilere y\u00f6nelik \u00c7ama\u015f\u0131r Kafe hizmetinden \u00f6\u011frenim yard\u0131mlar\u0131na, E\u011fitim ve \u00d6\u011fretimi Destekleme Kurs Merkezlerinden s\u00fct da\u011f\u0131t\u0131m\u0131na kadar e\u011fitim alan\u0131nda s\u00fcrd\u00fcrd\u00fckleri projeleri anlatarak, \u201cE\u011fitim \u00f6nemli. E\u011fitime katk\u0131y\u0131, her ge\u00e7en g\u00fcn daha da art\u0131rarak s\u00fcrd\u00fcrece\u011fiz\u201d diye konu\u015ftu.<\/p>\n<p>\u201cTar\u0131m\u0131n her alan\u0131nda var\u0131z\u201d<\/p>\n<p>Mersin B\u00fcy\u00fck\u015fehir Belediyesi olarak tar\u0131m alan\u0131nda \u00f6zellikle k\u00fc\u00e7\u00fck aile i\u015fletmelerini desteklediklerini belirten Ba\u015fkan Se\u00e7er, Hadi Gel K\u00f6y\u00fcm\u00fcze Destek Verelim Projesi\u2019nden Kazan\u00e7 Projesi\u2019ne, fide, fidan ve ekipman deste\u011finden sulama borusu da\u011f\u0131t\u0131m\u0131na kadar tar\u0131m ve hayvanc\u0131l\u0131k alan\u0131nda hayata ge\u00e7irdikleri projeleri anlatt\u0131. Bu projelerin s\u00fcrd\u00fcr\u00fclebilir olmas\u0131na dikkat \u00e7eken Se\u00e7er, \u201c\u00c7ok g\u00fczel projeler hayata ge\u00e7irdik ve bunlar s\u00fcrd\u00fcr\u00fclebilir. \u0130\u015fi ciddiyetle yapmak laz\u0131m. Ba\u015flad\u0131\u011f\u0131n\u0131z bir i\u015fte ger\u00e7ekten sonucunu g\u00f6rmeniz, alman\u0131z laz\u0131m. El yordam\u0131yla, siyaseten yap\u0131lan i\u015fler de\u011fil. Bundan emin olabilir halk\u0131m\u0131z. \u00c7\u00fcnk\u00fc bunlara biz \u00e7ok de\u011ferli b\u00fct\u00e7eler ay\u0131r\u0131yoruz ve bu kaynaklar da bizim vatanda\u015flar\u0131m\u0131z\u0131n vergisinden kesilip bize aktar\u0131lan kaynaklar. Bu anlamda da bunun alt\u0131n\u0131 \u00f6zenle \u00e7izmek istiyorum\u201d dedi.<\/p>\n<p>\u201cMersinliler gelece\u011fe \u00e7ok umutla baks\u0131n, \u00e7ok g\u00fcvenle baks\u0131n\u201d<\/p>\n<p>Ba\u015fkan Se\u00e7er, Mersin\u2019in demografik, k\u00fclt\u00fcrel, tarihi ve do\u011fal g\u00fczelliklerini d\u00fc\u015f\u00fcnd\u00fc\u011f\u00fcnde kent hakk\u0131nda muazzam bir gelecek g\u00f6rd\u00fc\u011f\u00fcn\u00fc vurgulad\u0131 ve \u201cMersin \u00e7ok iyi olacak, \u00e7ok g\u00fczel olacak. Burada her ge\u00e7en g\u00fcn ekonomi \u00e7ok daha iyi noktalara gelecek\u201d diye konu\u015ftu. Mersinlilerden gelece\u011fe umutla bakmalar\u0131n\u0131 istedi. Se\u00e7er, \u015f\u00f6yle devam etti:<\/p>\n<p>\u201c5\u2019inci, 6\u2019nc\u0131, 7\u2019nci s\u0131ralarda ekonomik b\u00fcy\u00fckl\u00fc\u011f\u00fc olan, vergi toplama kapasitesi olan bir kent haline geldik. Bu daha \u00fcst seviyelere ta\u015f\u0131nacak. Bu da tabi kente refah olarak yans\u0131yacak. Do\u011fudan bat\u0131ya, kuzeyden Orta Anadolu\u2019ya her b\u00f6lgeden insan\u0131n gelip buraya zenginlik katt\u0131\u011f\u0131, yani yo\u011fun i\u00e7 g\u00f6\u00e7 alm\u0131\u015f bir b\u00f6lge. Burada dolay\u0131s\u0131yla bir k\u00fclt\u00fcrel mozaik de var. B\u00fct\u00fcn bunlar\u0131 \u00fcst \u00fcste koydu\u011funuz zaman Mersinliler gelece\u011fe \u00e7ok umutla baks\u0131n, \u00e7ok g\u00fcvenle baks\u0131n. Zaten Ulu \u00d6nder Mustafa Kemal Atat\u00fcrk\u2019\u00fcn dedi\u011fi gibi yeter ki \u2018Mersinliler Mersin\u2019e sahip \u00e7\u0131ks\u0131n\u2019.\u201d<\/p>\n","protected":false},"excerpt":{"rendered":"<p>Mersin B\u00fcy\u00fck\u015fehir Belediye Ba\u015fkan\u0131 Vahap Se\u00e7er, TRT \u00c7ukurova Radyosu\u2019nda yay\u0131nlanan \u201cAkdeniz\u2019den Toroslara\u201d program\u0131n\u0131n canl\u0131 yay\u0131n konu\u011fu oldu. Mersin g\u00fcndemi ve hizmetlerin konu\u015fuldu\u011fu programda Ba\u015fkan Se\u00e7er, B\u00fcy\u00fck\u015fehir Belediyesi\u2019nin \u00e7al\u0131\u015fmalar\u0131n\u0131n istikrarl\u0131 bir &hellip; <a href=\"https:\/\/akdenizolaygazetesi.com\/?p=14983\" class=\"more-link\">Devam\u0131n\u0131 Oku&#8230;<\/a><\/p>\n","protected":false},"author":2,"featured_media":14984,"comment_status":"open","ping_status":"open","sticky":false,"template":"","format":"standard","meta":[],"categories":[3,5],"tags":[],"_links":{"self":[{"href":"https:\/\/akdenizolaygazetesi.com\/index.php?rest_route=\/wp\/v2\/posts\/14983"}],"collection":[{"href":"https:\/\/akdenizolaygazetesi.com\/index.php?rest_route=\/wp\/v2\/posts"}],"about":[{"href":"https:\/\/akdenizolaygazetesi.com\/index.php?rest_route=\/wp\/v2\/types\/post"}],"author":[{"embeddable":true,"href":"https:\/\/akdenizolaygazetesi.com\/index.php?rest_route=\/wp\/v2\/users\/2"}],"replies":[{"embeddable":true,"href":"https:\/\/akdenizolaygazetesi.com\/index.php?rest_route=%2Fwp%2Fv2%2Fcomments&post=14983"}],"version-history":[{"count":1,"href":"https:\/\/akdenizolaygazetesi.com\/index.php?rest_route=\/wp\/v2\/posts\/14983\/revisions"}],"predecessor-version":[{"id":14985,"href":"https:\/\/akdenizolaygazetesi.com\/index.php?rest_route=\/wp\/v2\/posts\/14983\/revisions\/14985"}],"wp:featuredmedia":[{"embeddable":true,"href":"https:\/\/akdenizolaygazetesi.com\/index.php?rest_route=\/wp\/v2\/media\/14984"}],"wp:attachment":[{"href":"https:\/\/akdenizolaygazetesi.com\/index.php?rest_route=%2Fwp%2Fv2%2Fmedia&parent=14983"}],"wp:term":[{"taxonomy":"category","embeddable":true,"href":"https:\/\/akdenizolaygazetesi.com\/index.php?rest_route=%2Fwp%2Fv2%2Fcategories&post=14983"},{"taxonomy":"post_tag","embeddable":true,"href":"https:\/\/akdenizolaygazetesi.com\/index.php?rest_route=%2Fwp%2Fv2%2Ftags&post=14983"}],"curies":[{"name":"wp","href":"https:\/\/api.w.org\/{rel}","templated":true}]}}