{"id":14986,"date":"2021-11-01T12:48:58","date_gmt":"2021-11-01T09:48:58","guid":{"rendered":"http:\/\/akdenizolaygazetesi.com\/?p=14986"},"modified":"2021-11-01T12:48:58","modified_gmt":"2021-11-01T09:48:58","slug":"emekliler-derneginin-uyeleri-buyuksehir-belediyesinin-konugu-oldu","status":"publish","type":"post","link":"https:\/\/akdenizolaygazetesi.com\/?p=14986","title":{"rendered":"EMEKL\u0130LER DERNE\u011e\u0130\u2019N\u0130N \u00dcYELER\u0130 B\u00dcY\u00dcK\u015eEH\u0130R BELED\u0130YES\u0130\u2019N\u0130N KONU\u011eU OLDU"},"content":{"rendered":"<p>Mersin B\u00fcy\u00fck\u015fehir Belediyesi Kad\u0131n ve Aile Hizmetleri Dairesi\u2019ne ba\u011fl\u0131 Tarsus Gen\u00e7lik Kamp\u0131\u2019nda toplumun her kesiminden vatanda\u015flar a\u011f\u0131rlanmaya devam ediyor. B\u00fcy\u00fck\u015fehir Belediyesi Sosyal Hizmetler Dairesi\u2019ne ba\u011fl\u0131 Merkez Emekli Evi\u2019nin koordinesinde d\u00fczenlenen etkinlikle T\u00fcm Emekliler Sosyal Yard\u0131mla\u015fma ve Dayan\u0131\u015fma Derne\u011fi Mezitli \u015eubesi \u00fcyeleri, Tarsus Gen\u00e7lik Kamp\u0131\u2019nda g\u00fczel bir g\u00fcn ge\u00e7irdi.<\/p>\n<p>M\u00fczik dinleyip, dans ettiler<\/p>\n<p>Mersin\u2019den otob\u00fcslerle al\u0131nan ya\u015f alm\u0131\u015f vatanda\u015flar, Tarsus Gen\u00e7lik Kamp\u0131\u2019na g\u00f6t\u00fcr\u00fcld\u00fc. B\u00fcy\u00fck\u015fehir\u2019in yemek ikram\u0131nda bulundu\u011fu misafirler i\u00e7in T\u00fcrk Sanat M\u00fczi\u011fi ekibi unutulmaz eserler seslendirdi. \u00c7al\u0131nan \u015fark\u0131lara e\u015flik eden ya\u015f alm\u0131\u015f yurtta\u015flar, zaman zaman dans ederek, etkinli\u011fe renk katt\u0131.<\/p>\n<p>\u201cHi\u00e7bir zaman yaln\u0131z olmad\u0131\u011f\u0131n\u0131z\u0131 bilin\u201d<\/p>\n<p>Emeklilere y\u00f6nelik bir konu\u015fma yapan Mersin Merkez Emekli Evi sorumlusu G\u00fcl\u015fah Arslan, \u201cMersin B\u00fcy\u00fck\u015fehir Belediye Ba\u015fkan\u0131m\u0131z Say\u0131n Vahap Se\u00e7er\u2019in \u2018Biriz, beraberiz, \u00e7\u00fcnk\u00fc Mersinliyiz\u2019 s\u00f6zlerinden yola \u00e7\u0131karak, hi\u00e7bir zaman yaln\u0131z olmad\u0131\u011f\u0131n\u0131z\u0131 bilin. Vahap Ba\u015fkan\u0131m\u0131z\u0131n \u00f6nc\u00fcl\u00fc\u011f\u00fcnde her zaman sizlerle beraberiz\u201d dedi.<\/p>\n<p>\u201cBelediyemizin bu g\u00fczel imkanlar\u0131ndan yararlan\u0131yoruz\u201d<\/p>\n<p>T\u00fcm Emekliler Sosyal Yard\u0131mla\u015fma ve Dayan\u0131\u015fma Derne\u011fi Ba\u015fkan\u0131 Mehmet Bozkurt, etkinliklerden \u00e7ok memnun kald\u0131klar\u0131n\u0131 belirterek, \u201cBu ikincisini yapt\u0131\u011f\u0131m\u0131z bir aktivite oluyor. 40 ki\u015fiye yak\u0131n bir grupla ger\u00e7ekle\u015ftiriyoruz. Belediyemizin bu g\u00fczel imkanlar\u0131ndan yararlan\u0131yoruz. Emeklilerimizin mutlulu\u011fu g\u00f6zlerinden okunuyor. Bize bu imkan\u0131 sa\u011flad\u0131\u011f\u0131 i\u00e7in Vahap Ba\u015fkan\u0131ma sonsuz te\u015fekk\u00fcrler ediyorum\u201d diye konu\u015ftu.<\/p>\n<p>\u201cOrtam g\u00fczel, her \u015fey g\u00fczel\u201d<\/p>\n<p>E\u015fiyle birlikte kat\u0131ld\u0131\u011f\u0131 etkinlikte dans ederek mutlu anlar ya\u015fayan Haydar Dedeo\u011flu, \u201cPandemiden sonra bize ila\u00e7 gibi geldi. Ortam g\u00fczel, havas\u0131 g\u00fczel, orman g\u00fczel, kamp g\u00fczel, her \u015fey g\u00fczel yani\u201d ifadelerine yer verdi. Kat\u0131l\u0131mc\u0131lardan Halide Renksoy ise \u201cFevkalade olmu\u015f, devam\u0131n\u0131 bekliyoruz\u201d dedi.  <\/p>\n","protected":false},"excerpt":{"rendered":"<p>Mersin B\u00fcy\u00fck\u015fehir Belediyesi Kad\u0131n ve Aile Hizmetleri Dairesi\u2019ne ba\u011fl\u0131 Tarsus Gen\u00e7lik Kamp\u0131\u2019nda toplumun her kesiminden vatanda\u015flar a\u011f\u0131rlanmaya devam ediyor. B\u00fcy\u00fck\u015fehir Belediyesi Sosyal Hizmetler Dairesi\u2019ne ba\u011fl\u0131 Merkez Emekli Evi\u2019nin koordinesinde d\u00fczenlenen &hellip; <a href=\"https:\/\/akdenizolaygazetesi.com\/?p=14986\" class=\"more-link\">Devam\u0131n\u0131 Oku&#8230;<\/a><\/p>\n","protected":false},"author":2,"featured_media":14987,"comment_status":"open","ping_status":"open","sticky":false,"template":"","format":"standard","meta":[],"categories":[3],"tags":[],"_links":{"self":[{"href":"https:\/\/akdenizolaygazetesi.com\/index.php?rest_route=\/wp\/v2\/posts\/14986"}],"collection":[{"href":"https:\/\/akdenizolaygazetesi.com\/index.php?rest_route=\/wp\/v2\/posts"}],"about":[{"href":"https:\/\/akdenizolaygazetesi.com\/index.php?rest_route=\/wp\/v2\/types\/post"}],"author":[{"embeddable":true,"href":"https:\/\/akdenizolaygazetesi.com\/index.php?rest_route=\/wp\/v2\/users\/2"}],"replies":[{"embeddable":true,"href":"https:\/\/akdenizolaygazetesi.com\/index.php?rest_route=%2Fwp%2Fv2%2Fcomments&post=14986"}],"version-history":[{"count":1,"href":"https:\/\/akdenizolaygazetesi.com\/index.php?rest_route=\/wp\/v2\/posts\/14986\/revisions"}],"predecessor-version":[{"id":14988,"href":"https:\/\/akdenizolaygazetesi.com\/index.php?rest_route=\/wp\/v2\/posts\/14986\/revisions\/14988"}],"wp:featuredmedia":[{"embeddable":true,"href":"https:\/\/akdenizolaygazetesi.com\/index.php?rest_route=\/wp\/v2\/media\/14987"}],"wp:attachment":[{"href":"https:\/\/akdenizolaygazetesi.com\/index.php?rest_route=%2Fwp%2Fv2%2Fmedia&parent=14986"}],"wp:term":[{"taxonomy":"category","embeddable":true,"href":"https:\/\/akdenizolaygazetesi.com\/index.php?rest_route=%2Fwp%2Fv2%2Fcategories&post=14986"},{"taxonomy":"post_tag","embeddable":true,"href":"https:\/\/akdenizolaygazetesi.com\/index.php?rest_route=%2Fwp%2Fv2%2Ftags&post=14986"}],"curies":[{"name":"wp","href":"https:\/\/api.w.org\/{rel}","templated":true}]}}