{"id":1499,"date":"2020-11-04T18:22:03","date_gmt":"2020-11-04T15:22:03","guid":{"rendered":"http:\/\/mersinekonomipolitikagazetesi.com\/?p=1499"},"modified":"2020-11-04T18:22:03","modified_gmt":"2020-11-04T15:22:03","slug":"meskiden-su-kesintisi-aciklamasi","status":"publish","type":"post","link":"https:\/\/akdenizolaygazetesi.com\/?p=1499","title":{"rendered":"MESK\u0130\u2019DEN SU KES\u0130NT\u0130S\u0130 A\u00c7IKLAMASI"},"content":{"rendered":"<p>Mersin\u2019in baz\u0131 il\u00e7elerinde haftasonu su s\u0131k\u0131nt\u0131n\u0131n ya\u015fanmas\u0131 nedeniyle Mersin B\u00fcy\u00fck\u015fehir Belediyesi, su sorunlar\u0131n\u0131n \u00e7\u00f6z\u00fcld\u00fc\u011f\u00fcn\u00fc ve neden kaynaklad\u0131\u011f\u0131 konusunda vatanda\u015fa a\u00e7\u0131klamada bulundu.<\/p>\n<blockquote type=\"cite\">\n<div dir=\"ltr\">\n<p><span style=\"font-size:16px;\">MESK\u0130, Mersin Mezitli \u0130l\u00e7esinin tamam\u0131 ile Toroslar, Yeni\u015fehir ve Akdeniz \u0130l\u00e7elerinin baz\u0131 mahallelerinin su ihtiyac\u0131n\u0131 kar\u015f\u0131layan D1-D2 i\u00e7me suyu depolar\u0131 aras\u0131nda bulunan \u00d81000\u2019lik borunun yenilenmesi esnas\u0131nda mevcut boruda \u00f6ng\u00f6r\u00fclemeyecek mahiyette bir ar\u0131za meydana geldi\u011fini belirtti.\u00a0<\/span><\/p>\n<p><span style=\"font-size:16px;\">\u00c7al\u0131\u015fmalar sonucu sorunun halledilerek su s\u0131k\u0131nt\u0131s\u0131n\u0131 ortadan kald\u0131rd\u0131klar\u0131n\u0131 ve y\u00fcksek katta ya\u015fayanlara suyun ge\u00e7 gidece\u011fi kaydedildi.<\/span><\/p>\n<p>\u00a0<\/p>\n<p><span style=\"font-size:16px;\">\u201c24 SAAT ARALIKSIZ \u00c7ALI\u015eMA YAPILDI\u201d<\/span><\/p>\n<p>\u00a0<\/p>\n<p><span style=\"font-size:16px;\">Teknik ekipleri ivedilikle ar\u0131za noktas\u0131na i\u015f makinesi, her t\u00fcrl\u00fc ekip ve ekipman ile yedek par\u00e7alar\u0131 temin ederek zaman kaybetmeden \u00e7al\u0131\u015fmalara ba\u015flad\u0131\u011f\u0131n\u0131 belirten MESK\u0130 yetkilileri, 24 saat aral\u0131ks\u0131z s\u00fcrd\u00fcr\u00fclen \u00f6zverili \u00e7al\u0131\u015fmalar\u0131n ard\u0131ndan \u00d81000\u2019lik borunun i\u00e7me suyu hatt\u0131na ba\u011flant\u0131s\u0131 sa\u011fland\u0131\u011f\u0131 ve \u00e7al\u0131\u015fma s\u0131ras\u0131nda 2 adet vin\u00e7, 6 adet kep\u00e7e, montaj ve demontaj ekibi olmak \u00fczere yakla\u015f\u0131k 50 ki\u015filik ekiple aral\u0131ks\u0131z \u00e7al\u0131\u015fan MESK\u0130 teknik ekipleri \u00a04 Mart 2018 Pazar g\u00fcn\u00fc ba\u015flayan montaj \u00e7al\u0131\u015fmas\u0131n\u0131 05 Mart Pazartesi g\u00fcn\u00fc saat 15:30\u2019ta \u00e7al\u0131\u015fmalar tamamlanarak sorunun ortadan kalkt\u0131\u011f\u0131n\u0131 ifade etti.<\/span><\/p>\n<p>\u00a0<\/p>\n<p><span style=\"font-size:16px;\">\u201cY\u00dcKSEK KATTA YA\u015eAYAN VATANDA\u015eLARA SUYUN ULA\u015eMASI ZAMAN ALACAK\u201d<\/span><\/p>\n<p>\u00a0<\/p>\n<p><span style=\"font-size:16px;\">MESK\u0130 taraf\u0131ndan yap\u0131lan a\u00e7\u0131klamaya g\u00f6re 10 km uzunlu\u011funda \u00d81000 mm \u00e7ap\u0131nda isale hatt\u0131n\u0131n ve depolar\u0131n dolmas\u0131 beklendi\u011fi, akabinde ise kesinti nedeniyle tamamen bo\u015falan \u015fehir \u015febekesine su verildi\u011fini ancak yakla\u015f\u0131k 200 km uzunlu\u011funda olan \u015fehir \u015febekesinin dolmas\u0131 ve y\u00fcksek katta ya\u015fayan vatanda\u015flara suyun ula\u015fmas\u0131 zaman alaca\u011f\u0131 belirtildi.<\/span><\/p>\n<p>\u00a0<\/p>\n<p><span style=\"font-size:16px;\">\u201cKES\u0130NT\u0130S\u0130Z VE \u00d6ZVER\u0130L\u0130 B\u0130R \u00c7ALI\u015eMA \u0130LE S\u00dcRATLE TAMAMLANDI\u201d<\/span><\/p>\n<p>\u00a0<\/p>\n<p><span style=\"font-size:16px;\">MESK\u0130, An\u0131lan hatta saniyede 30 litrelik bir su kayb\u0131 ve ka\u00e7a\u011f\u0131n\u0131n olmas\u0131 ile su kaynaklar\u0131n\u0131n korunmas\u0131 ve gelecekte bu hattan kaynaklanacak olan su kesintilerinin kesin olarak \u00e7\u00f6z\u00fclmesi maksad\u0131yla tek seferde an\u0131lan hatt\u0131n yenilenmesi gerekti\u011fini aktard\u0131. S\u00f6z konusu hatt\u0131n yenilenmesi i\u015fi 400 metrelik bir \u00e7al\u0131\u015fma olup, 300 metresi tamamland\u0131ktan sonra 100 metrelik k\u0131sm\u0131n yenilenmesi s\u0131ras\u0131nda kente su veren borunun hayli eski olmas\u0131 ve 1980\u2019lerde d\u00f6\u015fenen hatt\u0131n 6-7 metre derinde kalmas\u0131 nedeniyle bu hatta ar\u0131za meydana geldi\u011fini kaydeden MESK\u0130 yetkilileri bu m\u00fccbir durum kar\u015f\u0131s\u0131nda s\u00f6z konusu su kesintisi hadisesi ya\u015fand\u0131\u011f\u0131n\u0131 kesintisiz ve \u00f6zverili bir \u00e7al\u0131\u015fma ile s\u00fcratle tamamlanan hat yenilenmesi neticesinde saniyede 30 litrelik su kayb\u0131 \u00f6nlendi\u011fini ka\u00e7ak ve kayb\u0131n ise Ayd\u0131nc\u0131k ve \u00c7aml\u0131yayla il\u00e7elerinin bir y\u0131ll\u0131k su t\u00fcketimine tekab\u00fcl etti\u011fini a\u00e7\u0131klad\u0131.<\/span><\/p>\n<p>\u00a0<\/p>\n<p><span style=\"font-size:16px;\">MESK\u0130 yetkilileri son olarak vatanda\u015flara ya\u015fanan bu beklenmedik ar\u0131za nedeniyle olu\u015fan su kesintisi sonucunda vatanda\u015flar\u0131n g\u00f6sterdi\u011fi sab\u0131r ve ho\u015fg\u00f6r\u00fcden \u00f6t\u00fcr\u00fc te\u015fekk\u00fcr etti.<\/span><\/p>\n<p>\u00a0<\/p>\n<\/div>\n<\/blockquote>\n","protected":false},"excerpt":{"rendered":"<p>Mersin\u2019in baz\u0131 il\u00e7elerinde haftasonu su s\u0131k\u0131nt\u0131n\u0131n ya\u015fanmas\u0131 nedeniyle Mersin B\u00fcy\u00fck\u015fehir Belediyesi, su sorunlar\u0131n\u0131n \u00e7\u00f6z\u00fcld\u00fc\u011f\u00fcn\u00fc ve neden kaynaklad\u0131\u011f\u0131 konusunda vatanda\u015fa a\u00e7\u0131klamada bulundu. MESK\u0130, Mersin Mezitli \u0130l\u00e7esinin tamam\u0131 ile Toroslar, Yeni\u015fehir ve &hellip; <a href=\"https:\/\/akdenizolaygazetesi.com\/?p=1499\" class=\"more-link\">Devam\u0131n\u0131 Oku&#8230;<\/a><\/p>\n","protected":false},"author":1,"featured_media":0,"comment_status":"open","ping_status":"open","sticky":false,"template":"","format":"standard","meta":[],"categories":[],"tags":[],"_links":{"self":[{"href":"https:\/\/akdenizolaygazetesi.com\/index.php?rest_route=\/wp\/v2\/posts\/1499"}],"collection":[{"href":"https:\/\/akdenizolaygazetesi.com\/index.php?rest_route=\/wp\/v2\/posts"}],"about":[{"href":"https:\/\/akdenizolaygazetesi.com\/index.php?rest_route=\/wp\/v2\/types\/post"}],"author":[{"embeddable":true,"href":"https:\/\/akdenizolaygazetesi.com\/index.php?rest_route=\/wp\/v2\/users\/1"}],"replies":[{"embeddable":true,"href":"https:\/\/akdenizolaygazetesi.com\/index.php?rest_route=%2Fwp%2Fv2%2Fcomments&post=1499"}],"version-history":[{"count":0,"href":"https:\/\/akdenizolaygazetesi.com\/index.php?rest_route=\/wp\/v2\/posts\/1499\/revisions"}],"wp:attachment":[{"href":"https:\/\/akdenizolaygazetesi.com\/index.php?rest_route=%2Fwp%2Fv2%2Fmedia&parent=1499"}],"wp:term":[{"taxonomy":"category","embeddable":true,"href":"https:\/\/akdenizolaygazetesi.com\/index.php?rest_route=%2Fwp%2Fv2%2Fcategories&post=1499"},{"taxonomy":"post_tag","embeddable":true,"href":"https:\/\/akdenizolaygazetesi.com\/index.php?rest_route=%2Fwp%2Fv2%2Ftags&post=1499"}],"curies":[{"name":"wp","href":"https:\/\/api.w.org\/{rel}","templated":true}]}}