{"id":14995,"date":"2021-11-02T11:52:53","date_gmt":"2021-11-02T08:52:53","guid":{"rendered":"http:\/\/akdenizolaygazetesi.com\/?p=14995"},"modified":"2021-11-02T11:52:53","modified_gmt":"2021-11-02T08:52:53","slug":"turk-insaninin-ve-turk-genclerinin-siginmacilar-kadar-degeri-yok-mu","status":"publish","type":"post","link":"https:\/\/akdenizolaygazetesi.com\/?p=14995","title":{"rendered":"\u201cT\u00fcrk insan\u0131n\u0131n ve T\u00fcrk gen\u00e7lerinin s\u0131\u011f\u0131nmac\u0131lar kadar de\u011feri yok mu?\u201d"},"content":{"rendered":"<p>\u0130stanbul Fatih \u0130l\u00e7esinde ofisi bulunan Alibaba Academy isimli bir firman\u0131n sosyal medya hesab\u0131ndan Afgan uyruklu bir ki\u015fiyi s\u0131navs\u0131z olarak t\u0131p fak\u00fcltesine yerle\u015ftirdiklerini video ile anlatmas\u0131 sonras\u0131 CHP konuyu Meclise ta\u015f\u0131d\u0131.<\/p>\n<p>CHP Mersin Milletvekili Alpay Antmen, Milli E\u011fitim Bakan\u0131 Mahmut \u00d6zer taraf\u0131ndan yan\u0131tlanmas\u0131 istemiyle verdi\u011fi soru \u00f6nergesinde, videoda Arif isimli Afgan uyruklu \u015fahs\u0131n, Dicle \u00dcniversitesi T\u0131p Fak\u00fcltesi\u2019ne yerle\u015fti\u011fini, bu s\u00fcre\u00e7te Alibaba Academy\u2019nin kendisine yard\u0131mc\u0131 oldu\u011funu anlatt\u0131\u011f\u0131n\u0131 belirterek \u201cAlibaba Academy adl\u0131 firma, g\u00f6r\u00fcnt\u00fcleri sosyal medya hesaplar\u0131ndan \u2018T\u00fcrkiye\u2019de yabanc\u0131 uyruklu \u00f6\u011frencimizi s\u0131navs\u0131z t\u0131p fak\u00fcltesi kazand\u0131rd\u0131k\u2019 notuyla payla\u015fm\u0131\u015ft\u0131r\u201d dedi.<\/p>\n<p>Alpay Antmen bunun \u00fczerine \u201cT\u00fcrk insan\u0131n\u0131n ve T\u00fcrk gen\u00e7lerinin s\u0131\u011f\u0131nmac\u0131lar kadar de\u011feri yok mu?\u201d diye tepki g\u00f6sterdi.<\/p>\n<p>Antmen\u2019in \u00f6nergesinde yer alan sorular \u015funlar;<\/p>\n<p>\u2013 Bahsi ge\u00e7en video do\u011fru mudur? Arif ad\u0131ndaki Afgan uyruklu \u015fah\u0131s Dicle \u00dcniversitesi T\u0131p Fak\u00fcltesine s\u0131navs\u0131z olarak yerle\u015fmi\u015f midir?<\/p>\n<p>\u2013\u0130ddialar do\u011fruysa; bu ki\u015fi nas\u0131l olur da hem de t\u0131p fak\u00fcltesi gibi bir b\u00f6l\u00fcme s\u0131navs\u0131z yerle\u015febilmi\u015ftir? T\u00fcrkiye Cumhuriyeti vatanda\u015flar\u0131 uzun y\u0131llar maddi manevi bedeller \u00f6deyerek, sanc\u0131l\u0131 ve yorucu emek sarf ederek t\u0131p fak\u00fcltelerine girmek i\u00e7in u\u011fra\u015f\u0131rken s\u0131\u011f\u0131nmac\u0131lar nas\u0131l oluyor da ellerini kollar\u0131n\u0131 sallayarak bu fak\u00fcltelere girebiliyor? T\u00fcrk insan\u0131n\u0131n ve T\u00fcrk gen\u00e7lerinin s\u0131\u011f\u0131nmac\u0131lar kadar de\u011feri yok mu?<\/p>\n<p>\u2013 2015 Ocak ila 2021 Kas\u0131m ay\u0131 aras\u0131nda ge\u00e7en s\u00fcrede; T\u00fcrkiye\u2019deki \u00fcniversitelere s\u0131navs\u0131z \u015fekilde giren s\u0131\u011f\u0131nmac\u0131, g\u00f6\u00e7men ve m\u00fclteci say\u0131s\u0131 ka\u00e7t\u0131r? Bunlar hangi \u00fcniversitelerin hangi b\u00f6l\u00fcmlerine girmi\u015flerdir? Bu ki\u015filerin uyruklar\u0131 nelerdir?<\/p>\n<p>\u2013 Milli E\u011fitim Bakanl\u0131\u011f\u0131\u2019n\u0131n 2015 Ocak ila 2021 Kas\u0131m ay\u0131 aras\u0131nda ge\u00e7en s\u00fcrede s\u0131\u011f\u0131nmac\u0131, g\u00f6\u00e7men ve m\u00fclteci \u00f6\u011frencilere harcad\u0131\u011f\u0131 gider ne kadard\u0131r?<\/p>\n<p>\u2013 \u00d6nergenin yan\u0131tland\u0131\u011f\u0131 tarih itibariyle; T\u00fcrkiye\u2019de okullarda bulunan s\u0131\u011f\u0131nmac\u0131, g\u00f6\u00e7men ve m\u00fclteci \u00f6\u011frenci say\u0131s\u0131 ka\u00e7t\u0131r? Bunlar hangi illerdedir?<\/p>\n","protected":false},"excerpt":{"rendered":"<p>\u0130stanbul Fatih \u0130l\u00e7esinde ofisi bulunan Alibaba Academy isimli bir firman\u0131n sosyal medya hesab\u0131ndan Afgan uyruklu bir ki\u015fiyi s\u0131navs\u0131z olarak t\u0131p fak\u00fcltesine yerle\u015ftirdiklerini video ile anlatmas\u0131 sonras\u0131 CHP konuyu Meclise ta\u015f\u0131d\u0131. &hellip; <a href=\"https:\/\/akdenizolaygazetesi.com\/?p=14995\" class=\"more-link\">Devam\u0131n\u0131 Oku&#8230;<\/a><\/p>\n","protected":false},"author":2,"featured_media":14996,"comment_status":"open","ping_status":"open","sticky":false,"template":"","format":"standard","meta":[],"categories":[1,3,5,6],"tags":[],"_links":{"self":[{"href":"https:\/\/akdenizolaygazetesi.com\/index.php?rest_route=\/wp\/v2\/posts\/14995"}],"collection":[{"href":"https:\/\/akdenizolaygazetesi.com\/index.php?rest_route=\/wp\/v2\/posts"}],"about":[{"href":"https:\/\/akdenizolaygazetesi.com\/index.php?rest_route=\/wp\/v2\/types\/post"}],"author":[{"embeddable":true,"href":"https:\/\/akdenizolaygazetesi.com\/index.php?rest_route=\/wp\/v2\/users\/2"}],"replies":[{"embeddable":true,"href":"https:\/\/akdenizolaygazetesi.com\/index.php?rest_route=%2Fwp%2Fv2%2Fcomments&post=14995"}],"version-history":[{"count":1,"href":"https:\/\/akdenizolaygazetesi.com\/index.php?rest_route=\/wp\/v2\/posts\/14995\/revisions"}],"predecessor-version":[{"id":14997,"href":"https:\/\/akdenizolaygazetesi.com\/index.php?rest_route=\/wp\/v2\/posts\/14995\/revisions\/14997"}],"wp:featuredmedia":[{"embeddable":true,"href":"https:\/\/akdenizolaygazetesi.com\/index.php?rest_route=\/wp\/v2\/media\/14996"}],"wp:attachment":[{"href":"https:\/\/akdenizolaygazetesi.com\/index.php?rest_route=%2Fwp%2Fv2%2Fmedia&parent=14995"}],"wp:term":[{"taxonomy":"category","embeddable":true,"href":"https:\/\/akdenizolaygazetesi.com\/index.php?rest_route=%2Fwp%2Fv2%2Fcategories&post=14995"},{"taxonomy":"post_tag","embeddable":true,"href":"https:\/\/akdenizolaygazetesi.com\/index.php?rest_route=%2Fwp%2Fv2%2Ftags&post=14995"}],"curies":[{"name":"wp","href":"https:\/\/api.w.org\/{rel}","templated":true}]}}