{"id":1500,"date":"2020-11-04T18:22:03","date_gmt":"2020-11-04T15:22:03","guid":{"rendered":"http:\/\/mersinekonomipolitikagazetesi.com\/?p=1500"},"modified":"2020-11-04T18:22:03","modified_gmt":"2020-11-04T15:22:03","slug":"kadin-siddetinin-yasal-boyutu-aktarildi","status":"publish","type":"post","link":"https:\/\/akdenizolaygazetesi.com\/?p=1500","title":{"rendered":"KADIN \u015e\u0130DDET\u0130N\u0130N YASAL BOYUTU AKTARILDI"},"content":{"rendered":"<p>Mersin \u00dcniversitesi Kamp\u00fcs\u00fcnde 8 Mart Kad\u0131nlar G\u00fcn\u00fc etkinlikleri, Mersin \u00dcniversitesi Kad\u0131n Sorunlar\u0131n\u0131 Ara\u015ft\u0131rma ve Uygulama Merkezi taraf\u0131ndan d\u00fczenlendi.<\/p>\n<blockquote type=\"cite\">\n<div dir=\"ltr\">\n<p><span style=\"font-size:16px;\">\u00a0G\u00dcN M\u00dcCADELE G\u00dcN\u00dc<\/span><\/p>\n<p><span style=\"font-size:16px;\">Mersin \u00dcniversitesi Kad\u0131n Sorunlar\u0131n\u0131 Ara\u015ft\u0131rma ve Uygulama Merkezi (MERKAM) taraf\u0131ndan 8 Mart D\u00fcnya Kad\u0131nlar G\u00fcn\u00fc kutlamas\u0131 yap\u0131ld\u0131. Kutlama kapsam\u0131nda ilk olarak \u2018Kad\u0131na Y\u00f6nelik \u015eiddetin Yasal Boyutu ve Uygulamalar\u2019 konulu panel ger\u00e7ekle\u015fti. Prof. Dr. U\u011fur Oral K\u00fclt\u00fcr Merkezi\u2019nde yap\u0131lan panele; MERKAM y\u00f6netim kurulu \u00fcyeleri, akademik personel ve \u00f6\u011frenciler de yer ald\u0131.<\/span><\/p>\n<p><span style=\"font-size:16px;\">Etkinli\u011fin MERKAM M\u00fcd\u00fcr Yard\u0131mc\u0131s\u0131 Do\u00e7. Dr. Duygu Vefikulu\u00e7ay Y\u0131lmaz\u2019\u0131n \u00f6nc\u00fcl\u00fc\u011f\u00fcnde \u00a0ger\u00e7ekle\u015fti. Avukat Nursen Y\u00fccesoy Temizkan, Jandarma Astsubay \u00c7avu\u015f Remziye Kumargal, Psikolog Fatma Uslu, Komiser Tu\u011fba Tu\u011f\u00e7e Kulak ve Polis Memuru Aynur Kol konu\u015fmac\u0131 olarak yer ald\u0131.<\/span><\/p>\n<p>\u00a0<\/p>\n<p><span style=\"font-size:16px;\">\u201cAYRIMCILI\u011eA VE \u015e\u0130DDETE KAR\u015eI M\u00dcCADELE G\u00dcN\u00dcD\u00dcR\u201d<\/span><\/p>\n<p>\u00a0<\/p>\n<p><span style=\"font-size:16px;\">Kad\u0131na y\u00f6nelik \u015fiddete dikkat \u00e7eken MERKAM M\u00fcd\u00fcr Yard\u0131mc\u0131s\u0131 \u00d6\u011fr. G\u00f6r. Asiye Uzel: \u201cAile ve Sosyal Politikalar Bakanl\u0131\u011f\u0131 taraf\u0131ndan ger\u00e7ekle\u015ftirilen ara\u015ft\u0131rma sonu\u00e7lar\u0131na g\u00f6re toplumda kad\u0131nlar\u0131n y\u00fczde 35.5\u2019i fiziksel, y\u00fczde 53\u2019\u00fc s\u00f6zel \u015fiddete maruz kalmaktad\u0131r. \u015eiddetin akt\u00f6rleri erkekler ma\u011fdurlar\u0131 ise kad\u0131nlard\u0131r. \u00c7ocuklu\u011funda \u015fiddet g\u00f6renlerin \u015fiddet uygulad\u0131\u011f\u0131, sosyo-ekonomik durumu k\u00f6t\u00fc olanlarda \u015fiddetin daha fazla g\u00f6r\u00fcld\u00fc\u011f\u00fc, ma\u011fdurlar\u0131n sustu\u011fu ve \u015fiddet \u00f6nlemede e\u011fitimin \u00f6nemli oldu\u011fu g\u00f6r\u00fclmektedir. 8 Mart bir kutlama g\u00fcn\u00fc de\u011fil, kad\u0131na y\u00f6nelik her t\u00fcrl\u00fc e\u015fitsizli\u011fe, ayr\u0131mc\u0131l\u0131\u011fa ve \u015fiddete kar\u015f\u0131 m\u00fccadele g\u00fcn\u00fcd\u00fcr. Etkinli\u011fimize kat\u0131ld\u0131\u011f\u0131n\u0131z i\u00e7in te\u015fekk\u00fcr ediyorum\u201d \u015feklinde konu\u015ftu.<\/span><\/p>\n<p><span style=\"font-size:16px;\">Yap\u0131lan panelde, di\u011fer konu\u015fmac\u0131lar, kat\u0131l\u0131mc\u0131lar\u0131n\u0131n sorular\u0131n\u0131n cevaplanmas\u0131 ve panelistlere te\u015fekk\u00fcr belgesi verilmesiyle sona erdi.<\/span><\/p>\n<\/div>\n<\/blockquote>\n","protected":false},"excerpt":{"rendered":"<p>Mersin \u00dcniversitesi Kamp\u00fcs\u00fcnde 8 Mart Kad\u0131nlar G\u00fcn\u00fc etkinlikleri, Mersin \u00dcniversitesi Kad\u0131n Sorunlar\u0131n\u0131 Ara\u015ft\u0131rma ve Uygulama Merkezi taraf\u0131ndan d\u00fczenlendi. \u00a0G\u00dcN M\u00dcCADELE G\u00dcN\u00dc Mersin \u00dcniversitesi Kad\u0131n Sorunlar\u0131n\u0131 Ara\u015ft\u0131rma ve Uygulama Merkezi (MERKAM) &hellip; <a href=\"https:\/\/akdenizolaygazetesi.com\/?p=1500\" class=\"more-link\">Devam\u0131n\u0131 Oku&#8230;<\/a><\/p>\n","protected":false},"author":1,"featured_media":0,"comment_status":"open","ping_status":"open","sticky":false,"template":"","format":"standard","meta":[],"categories":[],"tags":[],"_links":{"self":[{"href":"https:\/\/akdenizolaygazetesi.com\/index.php?rest_route=\/wp\/v2\/posts\/1500"}],"collection":[{"href":"https:\/\/akdenizolaygazetesi.com\/index.php?rest_route=\/wp\/v2\/posts"}],"about":[{"href":"https:\/\/akdenizolaygazetesi.com\/index.php?rest_route=\/wp\/v2\/types\/post"}],"author":[{"embeddable":true,"href":"https:\/\/akdenizolaygazetesi.com\/index.php?rest_route=\/wp\/v2\/users\/1"}],"replies":[{"embeddable":true,"href":"https:\/\/akdenizolaygazetesi.com\/index.php?rest_route=%2Fwp%2Fv2%2Fcomments&post=1500"}],"version-history":[{"count":0,"href":"https:\/\/akdenizolaygazetesi.com\/index.php?rest_route=\/wp\/v2\/posts\/1500\/revisions"}],"wp:attachment":[{"href":"https:\/\/akdenizolaygazetesi.com\/index.php?rest_route=%2Fwp%2Fv2%2Fmedia&parent=1500"}],"wp:term":[{"taxonomy":"category","embeddable":true,"href":"https:\/\/akdenizolaygazetesi.com\/index.php?rest_route=%2Fwp%2Fv2%2Fcategories&post=1500"},{"taxonomy":"post_tag","embeddable":true,"href":"https:\/\/akdenizolaygazetesi.com\/index.php?rest_route=%2Fwp%2Fv2%2Ftags&post=1500"}],"curies":[{"name":"wp","href":"https:\/\/api.w.org\/{rel}","templated":true}]}}