{"id":15008,"date":"2021-11-02T12:00:11","date_gmt":"2021-11-02T09:00:11","guid":{"rendered":"http:\/\/akdenizolaygazetesi.com\/?p=15008"},"modified":"2021-11-02T12:00:11","modified_gmt":"2021-11-02T09:00:11","slug":"juri-uyelerinden-sinav-oncesi-baskan-secere-ziyaret","status":"publish","type":"post","link":"https:\/\/akdenizolaygazetesi.com\/?p=15008","title":{"rendered":"J\u00dcR\u0130 \u00dcYELER\u0130NDEN SINAV \u00d6NCES\u0130 BA\u015eKAN SE\u00c7ER\u2019E Z\u0130YARET"},"content":{"rendered":"<p>Mersin B\u00fcy\u00fck\u015fehir Belediyesi K\u00fclt\u00fcr ve Sosyal \u0130\u015fler Dairesi, b\u00fcnyesinde hizmet veren  Kent Orkestras\u0131\u2019na enstr\u00fcman sanat\u00e7\u0131s\u0131 ve solist sanat\u00e7\u0131 al\u0131m\u0131 i\u00e7in s\u0131nav ger\u00e7ekle\u015ftiriyor. J\u00fcri \u00fcyeleri ve g\u00f6zlemci \u00fcyeler, s\u0131nav \u00f6ncesinde Mersin B\u00fcy\u00fck\u015fehir Belediye Ba\u015fkan\u0131 Vahap Se\u00e7er\u2019i ziyaret etti. B\u00fcy\u00fck\u015fehir b\u00fcnyesindeki sanat kadrolar\u0131n\u0131 yeni al\u0131mlarla g\u00fc\u00e7lendirdiklerini s\u00f6yleyen Ba\u015fkan Se\u00e7er, \u201cMersin\u2019de k\u00fclt\u00fcr ve sanatla ilgili \u00e7\u0131tam\u0131z y\u00fcksek\u201d dedi.<br \/>\nZiyarette; Mersin B\u00fcy\u00fck\u015fehir Belediyesi K\u00fclt\u00fcr ve Sosyal \u0130\u015fler Dairesi Ba\u015fkan Vekili Serdal G\u00f6kayaz, Mersin B\u00fcy\u00fck\u015fehir Belediyesi K\u00fclt\u00fcr ve Sosyal \u0130\u015fler Dairesi Ba\u015fkanl\u0131\u011f\u0131 Koordinat\u00f6r\u00fc Bengi \u0130spir \u00d6zd\u00fclger, Orkestra \u015eefi Prof. Rengim G\u00f6kmen, \u0130zmir Devlet Opera ve Balesi M\u00fcd\u00fcrl\u00fc\u011f\u00fc Orkestra \u015eefi \u0130brahim Yaz\u0131c\u0131, Ankara B\u00fcy\u00fck\u015fehir Belediyesi Kent Orkestras\u0131 Orkestra \u015eefi Kemal G\u00fcn\u00fc\u00e7, \u00c7ukurova Devlet Senfoni Orkestras\u0131 M\u00fcd\u00fcr\u00fc Artun\u00e7 \u00c7oruh, Mersin Devlet Opera ve Balesi M\u00fcd\u00fcrl\u00fc\u011f\u00fc Konzertmaister Marina Kvl\u0131v\u0131dze, Mersin Devlet Opera ve Balesi M\u00fcd\u00fcrl\u00fc\u011f\u00fc Keman Sanat\u00e7\u0131s\u0131 A. Deniz \u015eaml\u0131o\u011flu, Mersin Devlet Opera ve Balesi M\u00fcd\u00fcrl\u00fc\u011f\u00fc Trompet Sanat\u00e7\u0131s\u0131 Ezgi Arman, Ankara Devlet Opera ve Balesi M\u00fcd\u00fcrl\u00fc\u011f\u00fc Solist Sanat\u00e7\u0131 ve Devlet Tiyatrosu Opera ve Balesi \u00c7al\u0131\u015fanlar\u0131 Yard\u0131mla\u015fma Vakf\u0131 (TOBAV) Genel Ba\u015fkan\u0131 Mehmet Y\u0131lmaz ile g\u00f6zlemci \u00fcye \u015eehir Tiyatrosu Genel Sanat Y\u00f6netmeni Murat Atak yer ald\u0131.<br \/>\n\u201cMersin\u2019de k\u00fclt\u00fcr ve sanatla ilgili \u00e7\u0131tam\u0131z y\u00fcksek\u201d<br \/>\nBa\u015fkan Se\u00e7er, Mersin\u2019de k\u00fclt\u00fcr ve sanat alan\u0131nda iyi i\u015fler yapt\u0131klar\u0131n\u0131 ve yapmaya devam edeceklerini s\u00f6yledi. K\u00fclt\u00fcr ve Sosyal \u0130\u015fler Dairesi b\u00fcnyesinde k\u00fclt\u00fcr-sanat ekibinin yeni sanat\u00e7\u0131 al\u0131mlar\u0131yla g\u00fc\u00e7lendi\u011fini vurgulayan Ba\u015fkan Se\u00e7er, Mersin\u2019in m\u00fczik ve tiyatro ba\u015fta olmak \u00fczere sanat\u0131n her dal\u0131nda g\u00fc\u00e7l\u00fc ve verimli bir kent oldu\u011funu s\u00f6yledi. Se\u00e7er, \u201cMersin\u2019de k\u00fclt\u00fcr ve sanatla ilgili \u00e7\u0131tam\u0131z y\u00fcksek. Umut ediyorum biz daha da iyi noktalara getirece\u011fiz\u201d dedi.<br \/>\n21 sanat\u00e7\u0131 al\u0131n\u0131yor<br \/>\nKent Orkestras\u0131\u2019na d\u00fczenlenen s\u0131navla 4 keman sanat\u00e7\u0131s\u0131, 2 viyola sanat\u00e7\u0131s\u0131, 2 viyolonsel sanat\u00e7\u0131s\u0131 (\u00e7ellist\/viyolonist), 1 kontrbas sanat\u00e7\u0131s\u0131, 1 trompet sanat\u00e7\u0131s\u0131, 2 trombon sanat\u00e7\u0131s\u0131, 1 klarnet sanat\u00e7\u0131s\u0131, 1 tuba sanat\u00e7\u0131s\u0131, 1 korno sanat\u00e7\u0131s\u0131, 1 gitar sanat\u00e7\u0131s\u0131 (bas gitar), 1 gitar sanat\u00e7\u0131s\u0131 (elektro gitar), 1 fl\u00fct sanat\u00e7\u0131s\u0131, 1 ses sanat\u00e7\u0131s\u0131 (erkek), 1 klavye sanat\u00e7\u0131s\u0131 ve 1 vurmal\u0131 sazlar (bateri) sanat\u00e7\u0131s\u0131 al\u0131m\u0131 yap\u0131lacak. S\u0131navda, Ba\u015fkan Se\u00e7er\u2019i ziyaret eden j\u00fcri heyetinin yan\u0131 s\u0131ra Eski\u015fehir B\u00fcy\u00fck\u015fehir Belediyesi Obua Sanat\u00e7\u0131s\u0131 M. Serkan Alt\u0131nok, Ankara Devlet Opera ve Balesi M\u00fcd\u00fcrl\u00fc\u011f\u00fc Solist Sanat\u00e7\u0131 Mehmet Y\u0131lmaz ile g\u00f6zlemci \u00fcye B\u00fcy\u00fck\u015fehir Belediyesi Tiyatro ve Sanat Koordinat\u00f6r\u00fc Z. Alev Tol yer ald\u0131.<br \/>\n\u00d6zd\u00fclger: \u201cSanat\u0131 ve sanat kurumlar\u0131n\u0131 geni\u015fletmek ve b\u00fcy\u00fctmek bizim g\u00f6revimiz\u201d<br \/>\nMersin B\u00fcy\u00fck\u015fehir Belediyesi K\u00fclt\u00fcr ve Sosyal \u0130\u015fler Dairesi Ba\u015fkanl\u0131\u011f\u0131 Koordinat\u00f6r\u00fc Bengi \u0130spir \u00d6zd\u00fclger, Kent Orkestras\u0131\u2019n\u0131n kadrosunu geni\u015fletmek i\u00e7in a\u00e7t\u0131klar\u0131 s\u0131navda \u00e7ok de\u011ferli sanat\u00e7\u0131lar\u0131n j\u00fcri koltu\u011funda oturdu\u011funu belirterek, \u015funlar\u0131 s\u00f6yledi:<br \/>\n\u201cBug\u00fcn yine \u00e7ok heyecanl\u0131, g\u00fczel bir g\u00fcn\u00fc ya\u015f\u0131yoruz. De\u011ferli j\u00fcri \u00fcyelerimizle birlikte Kent Orkestras\u0131\u2019n\u0131 geni\u015fletmek amac\u0131yla bu s\u0131nav\u0131 ger\u00e7ekle\u015ftiriyoruz. Sanata ve sanat\u00e7\u0131ya her zaman destek veren bir Ba\u015fkan\u0131m\u0131z var. \u00c7ok memnunuz, mutluyuz. \u00d6nemli bir s\u0131nav ger\u00e7ekle\u015ftiriyoruz. Gen\u00e7 sanat\u00e7\u0131 arkada\u015flar\u0131m\u0131zla beraber bir arada olmak, s\u0131navlar\u0131n\u0131 de\u011ferlendirmek, onlar\u0131n yapt\u0131klar\u0131 \u00e7al\u0131\u015fmalar\u0131n bir d\u00f6n\u00fc\u015f\u00fcn\u00fc almak bizim i\u00e7in de\u011ferli. G\u00fczel bir s\u0131nav ger\u00e7ekle\u015ftiriyoruz. \u00dc\u00e7 g\u00fcn s\u00fcrecek bu s\u0131nav\u0131m\u0131z\u0131n sonunda de\u011ferlendirmelerimizi a\u00e7\u0131klayaca\u011f\u0131z. Her \u015fey sanat i\u00e7in, k\u00fclt\u00fcr i\u00e7in. \u00dclkemizde sanat\u0131 ve sanat kurumlar\u0131n\u0131 geni\u015fletmek ve b\u00fcy\u00fctmek bizim g\u00f6revimiz. Bu anlamda da bu misyonumuzu yerine getirmek i\u00e7in \u00e7al\u0131\u015f\u0131yoruz.\u201d<br \/>\nG\u00f6kmen: \u201cMersin\u2019de \u00e7ok \u00f6nemli k\u00fclt\u00fcr hareketlerinin ba\u015flat\u0131ld\u0131\u011f\u0131n\u0131 g\u00f6r\u00fcyoruz\u201d<br \/>\nS\u0131navda J\u00fcri Ba\u015fkanl\u0131\u011f\u0131 yapan Orkestra \u015eefi Prof. Rengim G\u00f6kmen, Mersin\u2019in \u00e7ok \u00f6nemli bir k\u00fclt\u00fcr kenti oldu\u011funu ifade ederek, \u201c1992 y\u0131l\u0131nda kurulan Mersin Devlet Opera ve Balesi vesilesiyle \u00e7e\u015fitli defalar Mersin\u2019e geldim ve her zaman Mersin\u2019in ayd\u0131nl\u0131k y\u00fcz\u00fcne tan\u0131k oldum. \u015eimdi ise Say\u0131n Ba\u015fkan\u2019\u0131n \u00e7ok geni\u015f vizyonu ve ayd\u0131nlanmac\u0131 yakla\u015f\u0131m\u0131 sayesinde Mersin&#8217;de \u00e7ok \u00f6nemli k\u00fclt\u00fcr hareketlerinin ba\u015flat\u0131ld\u0131\u011f\u0131n\u0131 g\u00f6r\u00fcyoruz. \u015eehir Tiyatrolar\u0131n\u0131n kurulu\u015fu bunun en \u00f6nemli g\u00f6stergelerinden birisi. \u015eimdi de burada var olan orkestraya destek verilmesi; yepyeni bir Mersin&#8217;i \u00f6n\u00fcm\u00fczdeki y\u0131llarda g\u00f6rece\u011fimizin m\u00fcjdecisi. Zannediyorum ki \u00f6n\u00fcm\u00fczdeki 10 y\u0131lda Mersin\u2019in ad\u0131n\u0131 k\u00fclt\u00fcr ve sanat alan\u0131nda s\u0131k s\u0131k duyaca\u011f\u0131z. Bunun i\u00e7in Say\u0131n Ba\u015fkan\u2019a \u015fimdiden bir sanat\u00e7\u0131 olarak, t\u00fcm sanat\u00e7\u0131lar ad\u0131na te\u015fekk\u00fcrlerimi sunuyorum\u201d diye konu\u015ftu.<br \/>\n\u201cBu s\u0131navda yer almaktan mutluluk duyuyorum\u201d<br \/>\nKeman sanat\u00e7\u0131s\u0131 Cemil Dursun, s\u0131navda yer almaktan b\u00fcy\u00fck mutluluk duydu\u011funu belirterek, \u201cMersin\u2019de ya\u015f\u0131yorum. Keman sanat\u00e7\u0131s\u0131y\u0131m. \u0130\u00e7eride daha b\u00fcy\u00fck \u00fcstatlar\u0131m\u0131z var. B\u00fcy\u00fck\u015fehir Belediyesi\u2019nin a\u00e7m\u0131\u015f oldu\u011fu bu s\u0131navda yer almaktan mutluluk duyuyorum. Umar\u0131m herkesin \u015fans\u0131 bol olur, istedi\u011fi yerlerde olur. B\u00fcy\u00fck\u015fehir Belediyesi\u2019ne ayr\u0131ca te\u015fekk\u00fcr ediyoruz. G\u00fczel bir orkestrada yer almaktan mutluluk duyar\u0131z\u201d ifadelerine yer verdi.<br \/>\nGazi \u00dcniversitesi M\u00fczik \u00d6\u011fretmenli\u011fi b\u00f6l\u00fcm\u00fc y\u00fcksek lisans mezunu Halil \u0130brahim \u015eahin, m\u00fczik \u00f6\u011fretmenli\u011fi yapt\u0131\u011f\u0131n\u0131 fakat sanatla daha \u00e7ok i\u00e7 i\u00e7e olmak istedi\u011fini ifade ederek, \u201cMersin B\u00fcy\u00fck\u015fehir Belediyesi\u2019nin a\u00e7t\u0131\u011f\u0131 bu kadroda in\u015fallah yer almak istiyorum. Keman sanat\u00e7\u0131l\u0131\u011f\u0131 yaparak hayat\u0131m\u0131 kazanmak istiyorum, bu y\u00fczden buraday\u0131m. Elimden geleni yapaca\u011f\u0131m\u201d dedi.<br \/>\nS\u0131nav i\u00e7in Eski\u015fehir\u2019den gelen ve Anadolu \u00dcniversitesi Devlet Konservatuvar\u0131 \u00f6\u011frencisi olan Gamze Su Kay\u0131\u015f, \u201cHedefim Mersin B\u00fcy\u00fck\u015fehir Belediyesi\u2019nin kadrosunda sanat\u00e7\u0131 olmak. Burada se\u00e7ilen arkada\u015flar\u0131mla birlikte m\u00fczik yapmak, hep beraber bir orkestrada bulunmak\u201d diye konu\u015ftu.<\/p>\n","protected":false},"excerpt":{"rendered":"<p>Mersin B\u00fcy\u00fck\u015fehir Belediyesi K\u00fclt\u00fcr ve Sosyal \u0130\u015fler Dairesi, b\u00fcnyesinde hizmet veren Kent Orkestras\u0131\u2019na enstr\u00fcman sanat\u00e7\u0131s\u0131 ve solist sanat\u00e7\u0131 al\u0131m\u0131 i\u00e7in s\u0131nav ger\u00e7ekle\u015ftiriyor. J\u00fcri \u00fcyeleri ve g\u00f6zlemci \u00fcyeler, s\u0131nav \u00f6ncesinde Mersin &hellip; <a href=\"https:\/\/akdenizolaygazetesi.com\/?p=15008\" class=\"more-link\">Devam\u0131n\u0131 Oku&#8230;<\/a><\/p>\n","protected":false},"author":2,"featured_media":15009,"comment_status":"open","ping_status":"open","sticky":false,"template":"","format":"standard","meta":[],"categories":[1,2,3],"tags":[],"_links":{"self":[{"href":"https:\/\/akdenizolaygazetesi.com\/index.php?rest_route=\/wp\/v2\/posts\/15008"}],"collection":[{"href":"https:\/\/akdenizolaygazetesi.com\/index.php?rest_route=\/wp\/v2\/posts"}],"about":[{"href":"https:\/\/akdenizolaygazetesi.com\/index.php?rest_route=\/wp\/v2\/types\/post"}],"author":[{"embeddable":true,"href":"https:\/\/akdenizolaygazetesi.com\/index.php?rest_route=\/wp\/v2\/users\/2"}],"replies":[{"embeddable":true,"href":"https:\/\/akdenizolaygazetesi.com\/index.php?rest_route=%2Fwp%2Fv2%2Fcomments&post=15008"}],"version-history":[{"count":1,"href":"https:\/\/akdenizolaygazetesi.com\/index.php?rest_route=\/wp\/v2\/posts\/15008\/revisions"}],"predecessor-version":[{"id":15010,"href":"https:\/\/akdenizolaygazetesi.com\/index.php?rest_route=\/wp\/v2\/posts\/15008\/revisions\/15010"}],"wp:featuredmedia":[{"embeddable":true,"href":"https:\/\/akdenizolaygazetesi.com\/index.php?rest_route=\/wp\/v2\/media\/15009"}],"wp:attachment":[{"href":"https:\/\/akdenizolaygazetesi.com\/index.php?rest_route=%2Fwp%2Fv2%2Fmedia&parent=15008"}],"wp:term":[{"taxonomy":"category","embeddable":true,"href":"https:\/\/akdenizolaygazetesi.com\/index.php?rest_route=%2Fwp%2Fv2%2Fcategories&post=15008"},{"taxonomy":"post_tag","embeddable":true,"href":"https:\/\/akdenizolaygazetesi.com\/index.php?rest_route=%2Fwp%2Fv2%2Ftags&post=15008"}],"curies":[{"name":"wp","href":"https:\/\/api.w.org\/{rel}","templated":true}]}}