{"id":15012,"date":"2021-11-03T12:57:04","date_gmt":"2021-11-03T09:57:04","guid":{"rendered":"http:\/\/akdenizolaygazetesi.com\/?p=15012"},"modified":"2021-11-03T12:57:04","modified_gmt":"2021-11-03T09:57:04","slug":"baskan-gultak-akdenize-yeni-spor-tesisleri-kazandirmaya-devam-edecegiz","status":"publish","type":"post","link":"https:\/\/akdenizolaygazetesi.com\/?p=15012","title":{"rendered":"Ba\u015fkan G\u00fcltak; \u201cAkdeniz\u2019e yeni spor tesisleri kazand\u0131rmaya devam edece\u011fiz\u201d"},"content":{"rendered":"<p>Ba\u015fkan G\u00fcltak; Mersin \u0130dman Yurdu\u2019nun uzun y\u0131llar formas\u0131n\u0131 giyen sevilen futbolcular, teknik direkt\u00f6rler ve kaptanlar\u0131n kat\u0131l\u0131m\u0131yla organize edilen dostluk ma\u00e7\u0131nda bir araya geldi. Ma\u00e7 sonras\u0131 duygu ve d\u00fc\u015f\u00fcncelerini dile getiren kentin sevilen spor adamlar\u0131, Mersin ve Akdeniz\u2019e kazand\u0131rd\u0131\u011f\u0131 ve toplamda yakla\u015f\u0131k 40 milyon liray\u0131 bulan spor tesisleri ve yat\u0131r\u0131mlar\u0131 nedeniyle Ba\u015fkan G\u00fcltak\u2019a te\u015fekk\u00fcr ettiler.<br \/>\nGe\u00e7mi\u015fte profesyonel bir futbolcu olan Akdeniz Belediye Ba\u015fkan\u0131 M. Mustafa G\u00fcltak; T\u00fcrkiye Futbol Antren\u00f6rleri Derne\u011fi (T\u00dcFAD) ile Akdeniz Belediyesi aras\u0131nda; suni \u00e7im ile kaplan\u0131p tamamen yenilenen Seyfi Ali T\u00fcrko\u011flu-\u015eafak Erdur Futbol Sahas\u0131\u2019nda d\u00fczenlenen \u2018Veteranlar Dostluk Ma\u00e7\u0131\u2019nda forma giydi. Ba\u015fkan G\u00fcltak, \u00e7eki\u015fmeli ve centilmence ge\u00e7en ma\u00e7ta att\u0131\u011f\u0131 g\u00fczel bir gol ile futbol yetene\u011finden hi\u00e7bir \u015fey kaybetmedi\u011fini de g\u00f6sterdi.<br \/>\nBa\u015fkan G\u00fcltak; \u201cAkdeniz\u2019e yeni spor tesisleri kazand\u0131rmaya devam edece\u011fiz\u201d<br \/>\nMa\u00e7\u0131n ard\u0131ndan bir a\u00e7\u0131klama yapan Ba\u015fkan G\u00fcltak; \u201cY\u0131llar sonra T\u00dcFAD ile d\u00fczenledi\u011fimiz veteranlar ma\u00e7\u0131nda sahaya \u00e7\u0131kt\u0131k. Mersin \u0130dman Yurdu\u2019nun efsane isimleri ile ayn\u0131 sahaya \u00e7\u0131kmak ger\u00e7ekten \u00e7ok g\u00fczel bir duygu. Biraz \u00e7ekinerek oynad\u0131m ama finali iyi yapt\u0131k. G\u00fczel bir an\u0131 oldu hepimiz i\u00e7in. Bizleri k\u0131rmay\u0131p bu \u00f6zel ma\u00e7a kat\u0131lan herkese \u00e7ok te\u015fekk\u00fcr ediyorum. Akdeniz\u2019e bug\u00fcne dek 40 milyon lira civar\u0131nda spor yat\u0131r\u0131mlar\u0131, tesis ve sahalar\u0131 kazand\u0131rd\u0131k. \u0130l\u00e7emize yeni spor tesisleri kazand\u0131rmak, gen\u00e7lerimizi ve her ya\u015ftan insan\u0131m\u0131z\u0131 spora y\u00f6nlendirmek i\u00e7in elimizden geleni yapmaya devam edece\u011fiz\u201d dedi.<br \/>\nBilir; \u201cBa\u015fkan\u0131m\u0131z, spor tesislerinin artmas\u0131nda \u00f6nc\u00fcl\u00fck yap\u0131yor\u201d<br \/>\nT\u00dcFAD Mersin \u015eube Ba\u015fkan\u0131 Mesut Bilir ise yapt\u0131\u011f\u0131 konu\u015fmada; \u201cBu davet i\u00e7in ve ayr\u0131ca gelip bizimle ayn\u0131 sahada ma\u00e7 yapt\u0131\u011f\u0131 i\u00e7in Say\u0131n Ba\u015fkan\u0131m\u0131za ayr\u0131 ayr\u0131 te\u015fekk\u00fcr ediyorum. Mersin\u2019de bu tesislerin \u00e7o\u011falmas\u0131 gerekiyor. Ba\u015fkan\u0131m\u0131z da bunun \u00f6nc\u00fcl\u00fc\u011f\u00fcn\u00fc \u00e7ok iyi yap\u0131yor. Bunun i\u00e7in de T\u00dcFAD Ailesi olarak ba\u015fkan\u0131m\u0131za \u00e7ok te\u015fekk\u00fcr ediyorum\u201d ifadelerini kulland\u0131.<br \/>\nG\u00f6k; \u201cUmar\u0131m bu t\u00fcr tesislerin say\u0131s\u0131 Mersin\u2019de \u00e7o\u011fal\u0131r\u201d<br \/>\n\u201c\u00d6ncelikle, bu g\u00fczel sahay\u0131 futbola ve Mersin\u2019e kazand\u0131rd\u0131\u011f\u0131 i\u00e7in Mustafa G\u00fcltak Ba\u015fkan\u0131m\u0131za te\u015fekk\u00fcr ediyoruz\u201d T\u00dcFAD Genel Sekreteri Ayhan G\u00f6k; \u201cUmuyorum O\u2019nun sayesinde \u00e7ocuklar\u0131m\u0131z ve gen\u00e7lerimiz burada futboldaki hedeflerine ula\u015f\u0131rlar. Bizler de bug\u00fcn burada sahaya \u00e7\u0131kmaktan \u00e7ok mutlu olduk. Umar\u0131m bu tesisler, kentimizin di\u011fer bir\u00e7ok yerinde de yap\u0131l\u0131r. Mersinimiz b\u00f6ylesi tesislere lay\u0131k. Kim bu tesislere katk\u0131 veriyorsa, gen\u00e7ler ve futbol ad\u0131na \u015f\u00fckranlar\u0131m\u0131 sunuyorum\u201d diye konu\u015ftu.<br \/>\n\u00d6z; \u201cSpora ve sporcuya deste\u011finden \u00f6t\u00fcr\u00fc ba\u015fkan\u0131m\u0131za te\u015fekk\u00fcr ediyoruz\u201d<br \/>\nM\u0130Y\u2019in efsane kaptanlar\u0131ndan Ayhan \u00d6z ise, duygular\u0131n\u0131 \u015fu s\u00f6zlerle dile getirdi; \u201cBu organizasyonda eme\u011fi ge\u00e7en Say\u0131n Ba\u015fkan\u0131m\u0131za te\u015fekk\u00fcr ediyoruz. G\u00fczel bir tesis haz\u0131rlanm\u0131\u015f. Kendisi de futbolun i\u00e7inden gelen, sporu seven faal bir insan. Mersin ve Akdeniz\u2019e \u00e7ok g\u00fczel hizmetler de sunuluyor. Bundan daha g\u00fczle bir ortam olabilir mi? Kentimizde spora ve sporcuya verdi\u011fi b\u00fct\u00fcn destek ve katk\u0131lar\u0131 nedeniyle Say\u0131n Ba\u015fkan\u0131m\u0131za \u00e7ok te\u015fekk\u00fcr ediyorum.\u201d<br \/>\nNacir; \u201c\u0130nan\u0131lmaz bir tesiste ma\u00e7 yapt\u0131k\u201d<br \/>\nTeknik Direkt\u00f6r Mehmet Nacir de yapt\u0131\u011f\u0131 k\u0131sa konu\u015fmas\u0131nda; \u201cBug\u00fcn bizi buraya davet ederek ve eski futbolcular\u0131 bir araya toplayan Akdeniz Belediye Ba\u015fkan\u0131m\u0131z Say\u0131n Mustafa G\u00fcltak\u2019a \u00e7ok te\u015fekk\u00fcr ediyoruz. \u0130nan\u0131lmaz bir tesis yapm\u0131\u015f, bizler de burada ma\u00e7 oynad\u0131k. Say\u0131n Ba\u015fkan\u0131m\u0131z spora ve sporcuya inan\u0131lmaz derecede sahip \u00e7\u0131k\u0131yor. Her \u015fey i\u00e7in Say\u0131n Ba\u015fkan\u0131m\u0131za te\u015fekk\u00fcr ediyorum\u201d dedi.<br \/>\n\u00d6m\u00fcr; \u201cBa\u015fkan\u0131m\u0131z\u0131n sporun i\u00e7inden gelmesi bizim i\u00e7in b\u00fcy\u00fck \u015fans\u201d<br \/>\n\u201cAkdeniz Belediye Ba\u015fkan\u0131m\u0131z Say\u0131n Mustafa G\u00fcltak\u2019\u0131n da sporun i\u00e7inden gelmesi bizim i\u00e7in \u00e7ok \u00f6nemli\u201d diyen Teknik Direkt\u00f6r \u0130sa \u00d6m\u00fcr ise, \u201cMersin ve Akdeniz\u2019de spora, sporcuya ve altyap\u0131ya y\u00f6nelik hayata katt\u0131\u011f\u0131 t\u00fcm hizmetler ve sa\u011flad\u0131\u011f\u0131 \u00f6nemli katk\u0131lardan dolay\u0131 Ba\u015fkan\u0131m\u0131za sonsuz te\u015fekk\u00fcrlerimi sunuyor, daha g\u00fczel \u015feyler yapaca\u011f\u0131na da inan\u0131yorum\u201d ifadelerini kulland\u0131.<br \/>\n\u00d6zbalta; \u201cBu tesis, 24 saat ma\u00e7 oynanabilecek \u015fekilde yenilendi\u201d<br \/>\nM\u0130Y teknik direkt\u00f6rlerinden Memduh \u00d6zbalta ise a\u00e7\u0131klamas\u0131nda; \u201cBuras\u0131 daha \u00f6nce \u00e7im saha idi. \u00d6zellikle ya\u011f\u0131\u015fl\u0131 havalarda zemin bozulur, futbol oynamaya m\u00fcsait olmazd\u0131. Fakat zemin ve \u0131\u015f\u0131kland\u0131rma yenilendi. Burada 24 saat ma\u00e7 oynanabilir. Gerek spora ve sporcuya sa\u011flad\u0131\u011f\u0131 katk\u0131lardan \u00f6t\u00fcr\u00fc, gerekse eski arkada\u015flar\u0131 bir araya getiren bu g\u00fczel etkinlik nedeniyle G\u00fcltak Ba\u015fkan\u0131m\u0131za te\u015fekk\u00fcr ediyorum\u201d diye konu\u015ftu.<br \/>\n\u00d6zy\u0131lmaz; \u201cBa\u015fkan\u0131m\u0131z G\u00fcltak, Mersin i\u00e7in b\u00fcy\u00fck bir \u015fans\u201d<br \/>\nM\u0130Y\u2019in eski futbolcular\u0131ndan Tarkan \u00d6zy\u0131lmaz ise duygular\u0131n\u0131; \u201cBizleri bu ma\u00e7a davet eden Say\u0131n Ba\u015fkan\u0131m\u0131za ve bizlerle bir arada olan ekibine te\u015fekk\u00fcr ediyorum. Ba\u015fkan\u0131m\u0131z G\u00fcltak, muhte\u015fem bir tesiste muhte\u015fem bir gol att\u0131. Mustafa G\u00fcltak Ba\u015fkan\u0131m\u0131z, Mersin ve Akdeniz i\u00e7in ger\u00e7ekten b\u00fcy\u00fck bir \u015fans. Sevgi ve sayg\u0131lar\u0131m\u0131 iletiyor, b\u00f6ylesi g\u00fczel etkinliklerin s\u00fcrmesini diliyorum\u201d s\u00f6zleriyle dile getirdi.<\/p>\n","protected":false},"excerpt":{"rendered":"<p>Ba\u015fkan G\u00fcltak; Mersin \u0130dman Yurdu\u2019nun uzun y\u0131llar formas\u0131n\u0131 giyen sevilen futbolcular, teknik direkt\u00f6rler ve kaptanlar\u0131n kat\u0131l\u0131m\u0131yla organize edilen dostluk ma\u00e7\u0131nda bir araya geldi. Ma\u00e7 sonras\u0131 duygu ve d\u00fc\u015f\u00fcncelerini dile getiren &hellip; <a href=\"https:\/\/akdenizolaygazetesi.com\/?p=15012\" class=\"more-link\">Devam\u0131n\u0131 Oku&#8230;<\/a><\/p>\n","protected":false},"author":2,"featured_media":15013,"comment_status":"open","ping_status":"open","sticky":false,"template":"","format":"standard","meta":[],"categories":[3,10],"tags":[],"_links":{"self":[{"href":"https:\/\/akdenizolaygazetesi.com\/index.php?rest_route=\/wp\/v2\/posts\/15012"}],"collection":[{"href":"https:\/\/akdenizolaygazetesi.com\/index.php?rest_route=\/wp\/v2\/posts"}],"about":[{"href":"https:\/\/akdenizolaygazetesi.com\/index.php?rest_route=\/wp\/v2\/types\/post"}],"author":[{"embeddable":true,"href":"https:\/\/akdenizolaygazetesi.com\/index.php?rest_route=\/wp\/v2\/users\/2"}],"replies":[{"embeddable":true,"href":"https:\/\/akdenizolaygazetesi.com\/index.php?rest_route=%2Fwp%2Fv2%2Fcomments&post=15012"}],"version-history":[{"count":1,"href":"https:\/\/akdenizolaygazetesi.com\/index.php?rest_route=\/wp\/v2\/posts\/15012\/revisions"}],"predecessor-version":[{"id":15014,"href":"https:\/\/akdenizolaygazetesi.com\/index.php?rest_route=\/wp\/v2\/posts\/15012\/revisions\/15014"}],"wp:featuredmedia":[{"embeddable":true,"href":"https:\/\/akdenizolaygazetesi.com\/index.php?rest_route=\/wp\/v2\/media\/15013"}],"wp:attachment":[{"href":"https:\/\/akdenizolaygazetesi.com\/index.php?rest_route=%2Fwp%2Fv2%2Fmedia&parent=15012"}],"wp:term":[{"taxonomy":"category","embeddable":true,"href":"https:\/\/akdenizolaygazetesi.com\/index.php?rest_route=%2Fwp%2Fv2%2Fcategories&post=15012"},{"taxonomy":"post_tag","embeddable":true,"href":"https:\/\/akdenizolaygazetesi.com\/index.php?rest_route=%2Fwp%2Fv2%2Ftags&post=15012"}],"curies":[{"name":"wp","href":"https:\/\/api.w.org\/{rel}","templated":true}]}}