{"id":1502,"date":"2020-11-04T18:22:03","date_gmt":"2020-11-04T15:22:03","guid":{"rendered":"http:\/\/mersinekonomipolitikagazetesi.com\/?p=1502"},"modified":"2020-11-04T18:22:03","modified_gmt":"2020-11-04T15:22:03","slug":"toroslar-belediyesi-kadinlar-gununde-fark-olusturdu","status":"publish","type":"post","link":"https:\/\/akdenizolaygazetesi.com\/?p=1502","title":{"rendered":"Toroslar Belediyesi, kad\u0131nlar g\u00fcn\u00fcnde fark olu\u015fturdu"},"content":{"rendered":"<p>Toroslar Belediyesi, &#8216;8 Mart D\u00fcnya Kad\u0131nlar G\u00fcn\u00fc\u2019n\u00fc d\u00fczenledi\u011fi \u00e7e\u015fitli etkinliklerle kutlad\u0131.<\/p>\n<p><span style=\"font-size:16px;\"><span style=\"font-family: sans-serif; line-height: 20px; text-align: justify; background-color: rgb(242, 244, 245);\">Kad\u0131n\u0131n\u0131n ekonomik ve sosyal hayata kat\u0131l\u0131m\u0131n\u0131n \u00f6nemine de dikkat \u00e7ekilen etkinliklere Belediye Ba\u015fkan\u0131 Hamit Tuna da kat\u0131larak kad\u0131nlar\u0131 yaln\u0131z b\u0131rakmad\u0131.\u00a0<\/span><br style=\"box-sizing: border-box; font-family: sans-serif; font-size: 14px; line-height: 20px; text-align: justify; background-color: rgb(242, 244, 245);\" \/><br \/>\n<span style=\"font-family: sans-serif; line-height: 20px; text-align: justify; background-color: rgb(242, 244, 245);\">TORTEK\u2019te meslek \u00f6\u011frenen kursiyerler kendi i\u015fyerlerini a\u00e7t\u0131\u00a0<\/span><br style=\"box-sizing: border-box; font-family: sans-serif; font-size: 14px; line-height: 20px; text-align: justify; background-color: rgb(242, 244, 245);\" \/><br \/>\n<span style=\"font-family: sans-serif; line-height: 20px; text-align: justify; background-color: rgb(242, 244, 245);\">Kad\u0131nlar g\u00fcn\u00fcn\u00fcn en anlaml\u0131 mesaj\u0131 Toroslar Belediyesi Teknik ve Mesleki E\u011fitim Kurslar\u0131n\u0131n (TORTEK) istihdama sundu\u011fu katk\u0131 oldu. Belediye Ba\u015fkan\u0131 Hamit Tuna, kuaf\u00f6rl\u00fck bran\u015f\u0131nda meslek \u00f6\u011frenen kursiyerler Sena Ummak ve Mehtap Ta\u015f\u00e7\u0131\u2019n\u0131n Osmaniye Mahallesi\u2019nde birlikte hizmete sundu\u011fu kuaf\u00f6r salonunun a\u00e7\u0131l\u0131\u015f\u0131n\u0131 ger\u00e7ekle\u015ftirerek, hay\u0131rl\u0131 olsun temennisinde bulundu.\u00a0<\/span><br style=\"box-sizing: border-box; font-family: sans-serif; font-size: 14px; line-height: 20px; text-align: justify; background-color: rgb(242, 244, 245);\" \/><br \/>\n<span style=\"font-family: sans-serif; line-height: 20px; text-align: justify; background-color: rgb(242, 244, 245);\">\u00c7al\u0131\u015fma hayatlar\u0131na kat\u0131lan kursiyerleri bu giri\u015fimlerinden dolay\u0131 tebrik ederek ba\u015far\u0131 dileyen Tuna, \u201cB\u00f6yle anlaml\u0131 ve \u00f6zel g\u00fcnde bu i\u015fletmeyi a\u00e7maktan b\u00fcy\u00fck \u015feref duydum. 2005 y\u0131l\u0131ndan beri temelini att\u0131\u011f\u0131m\u0131z ve hep hayalini kurdu\u011fumuz TORTEK\u2019e gelip bu kurslardan e\u011fitim alan ve meslek \u00f6\u011frenen kursiyerlerimizin bu meslekle gelecek hayatlar\u0131n\u0131 in\u015fa etmeleri ve \u00f6zellikle ev ekonomilerine katk\u0131 sa\u011flamalar\u0131 bizleri olduk\u00e7a mutlu etmektedir&#8221; dedi.\u00a0<\/span><br style=\"box-sizing: border-box; font-family: sans-serif; font-size: 14px; line-height: 20px; text-align: justify; background-color: rgb(242, 244, 245);\" \/><br \/>\n<span style=\"font-family: sans-serif; line-height: 20px; text-align: justify; background-color: rgb(242, 244, 245);\">Toroslar Belediyesi\u2019nin kad\u0131nlar g\u00fcn\u00fc kapsam\u0131nda fark\u0131ndal\u0131k olu\u015fturmak amac\u0131yla organize etti\u011fi &#8216;Kad\u0131n\u0131n Toplumdaki Rol\u00fc&#8217; konulu konferans yo\u011fun ilgi g\u00f6rd\u00fc. Yunus Emre K\u00fclt\u00fcr Merkezi\u2019nde ger\u00e7ekle\u015ftirilen konferansa, emniyet amiri, uzak yol gemi kaptan\u0131, vin\u00e7 operat\u00f6r\u00fc, kad\u0131n motosiklet\u00e7i gibi farkl\u0131 meslek gruplar\u0131ndan kad\u0131nlar konu\u015fmac\u0131 olarak kat\u0131larak, meslek hayatlar\u0131 ile ilgili deneyimlerini kat\u0131l\u0131mc\u0131larla payla\u015ft\u0131.\u00a0<\/span><br style=\"box-sizing: border-box; font-family: sans-serif; font-size: 14px; line-height: 20px; text-align: justify; background-color: rgb(242, 244, 245);\" \/><br \/>\n<span style=\"font-family: sans-serif; line-height: 20px; text-align: justify; background-color: rgb(242, 244, 245);\">Ba\u015fkan Tuna, kad\u0131nlar g\u00fcn\u00fcnde yap\u0131lan etkinliklerin sadece e\u011flence de\u011fil ayn\u0131 zamanda fark\u0131ndal\u0131k olu\u015fturmak amac\u0131yla yap\u0131ld\u0131\u011f\u0131na dikkat \u00e7ekerek, Toroslar Belediyesi olarak g\u00f6reve geldikleri 14 y\u0131ld\u0131r \u00f6zel g\u00fcnlerde d\u00fczenledikleri \u00e7e\u015fitli etkinliklerle kad\u0131nlar\u0131n her zaman yanlar\u0131nda olduklar\u0131n\u0131 s\u00f6yledi. Tuna, \u201cMersin\u2019in genelinde yap\u0131lan anketlerde kad\u0131nlar\u0131m\u0131za y\u00f6nelik bug\u00fcne kadar yapt\u0131\u011f\u0131m\u0131z \u00e7al\u0131\u015fmalar\u0131m\u0131z sa\u011fl\u0131k, hukuk ve giri\u015fimcilik konular\u0131nda ger\u00e7ekle\u015ftirdi\u011fimiz panellerimizin getirdi\u011fi sonu\u00e7ta, bilimin \u0131\u015f\u0131\u011f\u0131nda Toroslard ya\u015fayan kad\u0131nlar\u0131m\u0131z haklar\u0131n\u0131 biliyor ve \u00f6zg\u00fcvenlerini net bir \u015fekilde ifade ediyorlar. Bu bizim i\u00e7in \u00e7ok anlaml\u0131 ve \u00f6nemli&#8221; diye konu\u015ftu.\u00a0<\/span><br style=\"box-sizing: border-box; font-family: sans-serif; font-size: 14px; line-height: 20px; text-align: justify; background-color: rgb(242, 244, 245);\" \/><br \/>\n<span style=\"font-family: sans-serif; line-height: 20px; text-align: justify; background-color: rgb(242, 244, 245);\">Kad\u0131n yazarlar Toroslar\u2019da bulu\u015ftu\u00a0<\/span><br style=\"box-sizing: border-box; font-family: sans-serif; font-size: 14px; line-height: 20px; text-align: justify; background-color: rgb(242, 244, 245);\" \/><br \/>\n<span style=\"font-family: sans-serif; line-height: 20px; text-align: justify; background-color: rgb(242, 244, 245);\">Toroslar Belediye Ba\u015fkan\u0131 Hamit Tuna, Mersin Yazarlar Derne\u011fi (MEYAD) ile birlikte Kuvayi Milliye Caddesi \u00fczerindeki K\u00fclt\u00fcr Sanat Kald\u0131r\u0131m\u0131nda d\u00fczenledikleri \u2018Kad\u0131n Yazarlar \u0130mza G\u00fcn\u00fc\u2019nde Mersinli kad\u0131n yazarlarla bir araya geldi.\u00a0<\/span><br style=\"box-sizing: border-box; font-family: sans-serif; font-size: 14px; line-height: 20px; text-align: justify; background-color: rgb(242, 244, 245);\" \/><br \/>\n<span style=\"font-family: sans-serif; line-height: 20px; text-align: justify; background-color: rgb(242, 244, 245);\">8 Mart D\u00fcnya Kad\u0131nlar G\u00fcn\u00fc i\u00e7in \u00f6zel haz\u0131rlanan imza g\u00fcn\u00fcnde yer alan kad\u0131n yazarlara, kitapseverlere ve vatanda\u015flara \u00e7i\u00e7ek takdim ederek, kad\u0131nlar g\u00fcn\u00fcn\u00fc kutlayan Tuna, \u201cKad\u0131nlara f\u0131rsat verildi\u011finde neler yapabileceklerini ispat eden bir sonu\u00e7la kar\u015f\u0131m\u0131zdalar. Biz de bu ortamda olmaktan b\u00fcy\u00fck \u015feref duydum&#8221; ifadelerini kulland\u0131.\u00a0<\/span><\/span><\/p>\n","protected":false},"excerpt":{"rendered":"<p>Toroslar Belediyesi, &#8216;8 Mart D\u00fcnya Kad\u0131nlar G\u00fcn\u00fc\u2019n\u00fc d\u00fczenledi\u011fi \u00e7e\u015fitli etkinliklerle kutlad\u0131. Kad\u0131n\u0131n\u0131n ekonomik ve sosyal hayata kat\u0131l\u0131m\u0131n\u0131n \u00f6nemine de dikkat \u00e7ekilen etkinliklere Belediye Ba\u015fkan\u0131 Hamit Tuna da kat\u0131larak kad\u0131nlar\u0131 yaln\u0131z &hellip; <a href=\"https:\/\/akdenizolaygazetesi.com\/?p=1502\" class=\"more-link\">Devam\u0131n\u0131 Oku&#8230;<\/a><\/p>\n","protected":false},"author":1,"featured_media":0,"comment_status":"open","ping_status":"open","sticky":false,"template":"","format":"standard","meta":[],"categories":[],"tags":[],"_links":{"self":[{"href":"https:\/\/akdenizolaygazetesi.com\/index.php?rest_route=\/wp\/v2\/posts\/1502"}],"collection":[{"href":"https:\/\/akdenizolaygazetesi.com\/index.php?rest_route=\/wp\/v2\/posts"}],"about":[{"href":"https:\/\/akdenizolaygazetesi.com\/index.php?rest_route=\/wp\/v2\/types\/post"}],"author":[{"embeddable":true,"href":"https:\/\/akdenizolaygazetesi.com\/index.php?rest_route=\/wp\/v2\/users\/1"}],"replies":[{"embeddable":true,"href":"https:\/\/akdenizolaygazetesi.com\/index.php?rest_route=%2Fwp%2Fv2%2Fcomments&post=1502"}],"version-history":[{"count":0,"href":"https:\/\/akdenizolaygazetesi.com\/index.php?rest_route=\/wp\/v2\/posts\/1502\/revisions"}],"wp:attachment":[{"href":"https:\/\/akdenizolaygazetesi.com\/index.php?rest_route=%2Fwp%2Fv2%2Fmedia&parent=1502"}],"wp:term":[{"taxonomy":"category","embeddable":true,"href":"https:\/\/akdenizolaygazetesi.com\/index.php?rest_route=%2Fwp%2Fv2%2Fcategories&post=1502"},{"taxonomy":"post_tag","embeddable":true,"href":"https:\/\/akdenizolaygazetesi.com\/index.php?rest_route=%2Fwp%2Fv2%2Ftags&post=1502"}],"curies":[{"name":"wp","href":"https:\/\/api.w.org\/{rel}","templated":true}]}}