{"id":15029,"date":"2021-11-04T13:32:29","date_gmt":"2021-11-04T10:32:29","guid":{"rendered":"http:\/\/akdenizolaygazetesi.com\/?p=15029"},"modified":"2021-11-04T13:32:29","modified_gmt":"2021-11-04T10:32:29","slug":"kargemin-kentimize-ulkemize-hayirli-olmasini-diliyorum","status":"publish","type":"post","link":"https:\/\/akdenizolaygazetesi.com\/?p=15029","title":{"rendered":"\u201cKARGEM\u2019\u0130N KENT\u0130M\u0130ZE, \u00dcLKEM\u0130ZE HAYIRLI OLMASINI D\u0130L\u0130YORUM\u201d"},"content":{"rendered":"<p>Mersin B\u00fcy\u00fck\u015fehir Belediye Ba\u015fkan Vekili G\u00fclcan K\u0131\u015f, Mersin \u0130l Milli E\u011fitim M\u00fcd\u00fcrl\u00fc\u011f\u00fc taraf\u0131ndan meslek liseleri d\u00fczeyinde kurulan Kariyer Geli\u015ftirme ve Uygulama Merkezi\u2019nin (KARGEM) tan\u0131t\u0131m etkinli\u011fine kat\u0131ld\u0131. Ba\u015fkan Vekili G\u00fclcan K\u0131\u015f, Mersin B\u00fcy\u00fck\u015fehir Belediyesi olarak hayata ge\u00e7irdikleri Kariyer Merkezi\u2019nin \u00f6nemine dikkat \u00e7ekerek, \u201c\u0130\u015f g\u00fcc\u00fc piyasas\u0131n\u0131 koordine eden bir belediyecilik anlay\u0131\u015f\u0131yla hareket ediyoruz\u201d dedi.<br \/>\nYeni\u015fehir Atat\u00fcrk K\u00fclt\u00fcr Merkezi\u2019ndeki etkinli\u011fe, Mersin B\u00fcy\u00fck\u015fehir Belediye Ba\u015fkan Vekili G\u00fclcan K\u0131\u015f\u2019\u0131n yan\u0131 s\u0131ra Mersin Valisi Ali \u0130hsan Su, Mersin \u0130l Milli E\u011fitim M\u00fcd\u00fcr\u00fc Adem Koca, Mersin Ticaret ve Sanayi Odas\u0131 (MTSO) Ba\u015fkan\u0131 Ayhan K\u0131z\u0131ltan ve \u00e7ok say\u0131da meslek lisesi \u00f6\u011frencisi kat\u0131ld\u0131.<br \/>\nVali Su: \u201c\u00c7a\u011f\u0131m\u0131zda her g\u00fcn yeni meslekler ortaya \u00e7\u0131k\u0131yor\u201d<br \/>\nMersin Valisi Ali \u0130hsan Su, KARGEM\u2019in rol\u00fcne de\u011finerek teknoloji ile d\u00fcnyan\u0131n h\u0131zl\u0131 bir de\u011fi\u015fim ve d\u00f6n\u00fc\u015f\u00fcm ya\u015fad\u0131\u011f\u0131n\u0131 s\u00f6yledi. \u201cTeknoloji geli\u015fiyor. \u00c7a\u011f\u0131m\u0131zda her g\u00fcn yeni meslekler ortaya \u00e7\u0131k\u0131yor, bir taraftan da baz\u0131 meslekler bitiyor\u201d ifadelerini kullanan Vali Su, KARGEM\u2019in bu nedenle \u00f6nemli oldu\u011funu ve gen\u00e7lere gelecekleri konusunda yard\u0131mc\u0131 olaca\u011f\u0131n\u0131 kaydetti.<br \/>\nBa\u015fkan Vekili G\u00fclcan K\u0131\u015f: \u201cBu gururu kentimiz ad\u0131na hepimiz ya\u015f\u0131yoruz\u201d<br \/>\nMersin B\u00fcy\u00fck\u015fehir Belediye Ba\u015fkan\u0131 Vahap Se\u00e7er ad\u0131na protokol\u00fc ve \u00f6\u011frencileri selamlayarak konu\u015fmas\u0131na ba\u015flayan Ba\u015fkan Vekili G\u00fclcan K\u0131\u015f, Kariyer Geli\u015ftirme Merkezi\u2019nin hayata ge\u00e7irilmesinde eme\u011fi ge\u00e7enleri kutlad\u0131. Ekonomik b\u00fcy\u00fcme ve geli\u015fmenin ancak do\u011fru insan kaynaklar\u0131 ve politikalar\u0131 ile yarat\u0131labilece\u011fini belirten G\u00fclcan K\u0131\u015f, g\u00fcn\u00fcm\u00fcz\u00fcn en \u00f6nemli sorunlar\u0131n\u0131n ba\u015f\u0131nda gelen istihdam ve i\u015fsizlik sorununa kar\u015f\u0131 hayata ge\u00e7irdikleri Kariyer Merkezi hakk\u0131nda bilgiler vererek, \u015funlar\u0131 s\u00f6yledi:<br \/>\n\u201cKariyer Merkezi\u2019nin hayata ge\u00e7mesinden k\u0131sa bir s\u00fcre sonra kentimizdeki kamu kurum ve kurulu\u015flar\u0131;  \u00fcniversitelerin yan\u0131 s\u0131ra ilgili sivil toplum kurulu\u015flar\u0131n\u0131n temsilcilerinin yer ald\u0131\u011f\u0131 \u0130\u015f g\u00fcc\u00fc Piyasas\u0131 Koordinasyon Kurulu olu\u015fturuldu. Toplam 36 kurum ve kurulu\u015f temsilcisinin aktif olarak i\u00e7inde yer ald\u0131\u011f\u0131 bu kurul, \u00e7ok \u00f6nemli \u00e7al\u0131\u015fmalara imza at\u0131yor. Bir taraftan kurumlar aras\u0131 i\u015f birli\u011fini en \u00fcst seviyede tutuyor, bir yandan da piyasan\u0131n ihtiya\u00e7lar\u0131na y\u00f6nelik ortak projelere imza atman\u0131n mutlulu\u011funu hepimize ya\u015fat\u0131yor. Bu gururu kentimiz ad\u0131na hepimiz ya\u015f\u0131yoruz.&#8221;<br \/>\n\u201c\u0130\u015f g\u00fcc\u00fc piyasas\u0131n\u0131 koordine eden bir belediyecilik anlay\u0131\u015f\u0131yla hareket ediyoruz\u201d<br \/>\nPandemi s\u00fcreci ile birlikte d\u00fcnyada bir de\u011fi\u015fim s\u00fcreci ya\u015fand\u0131\u011f\u0131n\u0131 dile getiren G\u00fclcan K\u0131\u015f, ekonomiden sosyal hayata, e\u011fitimden sa\u011fl\u0131\u011fa bir\u00e7ok alanda de\u011fi\u015fimler ya\u015fand\u0131\u011f\u0131na dikkat \u00e7ekti. G\u00fclcan K\u0131\u015f, \u201cB\u00f6ylesine bir e\u015fikte; B\u00fcy\u00fck\u015fehir Belediyesi olarak kentimizdeki 4 \u00fcniversite ve \u0130l Milli E\u011fitim M\u00fcd\u00fcrl\u00fc\u011f\u00fcm\u00fczle beraber \u2018Online Kariyer G\u00fcnleri\u2019 projesini ger\u00e7ekle\u015ftirdik. 16 programda, toplam 3 bin \u00f6\u011frenciye ula\u015farak gelece\u011fin meslekleri \u00fczerinde fark\u0131ndal\u0131k uyand\u0131rd\u0131k. \u0130lk defa Dijital Kat\u0131l\u0131m Belgesi uygulamas\u0131n\u0131 ba\u015flatarak \u00f6\u011frencilerimizin \u00f6zge\u00e7mi\u015flerine katk\u0131 sa\u011flamaya \u00e7al\u0131\u015ft\u0131k\u201d ifadelerini kulland\u0131. Ba\u015fkan Vekili G\u00fclcan K\u0131\u015f, uzun s\u00fcredir \u00fczerinde \u00e7al\u0131\u015ft\u0131klar\u0131  \u2018Yetenek D\u00f6n\u00fc\u015f\u00fcm Projesi\u2019ne de de\u011finerek, projede y\u00fcr\u00fctecekleri hizmetlerle T\u00fcrkiye\u2019de ilk defa bir paket hizmet sunmay\u0131 hedeflediklerini s\u00f6yledi. \u201cB\u00fcy\u00fck\u015fehir Belediye Ba\u015fkan\u0131m\u0131z Vahap Se\u00e7er\u2019in \u00f6nc\u00fcl\u00fc\u011f\u00fcnde, i\u015f g\u00fcc\u00fc piyasas\u0131n\u0131 izleyen de\u011fil koordine eden bir belediyecilik anlay\u0131\u015f\u0131yla hareket ediyoruz\u201d ifadelerini kullanan G\u00fclcan K\u0131\u015f, Kariyer Merkezi\u2019nin Milli E\u011fitim M\u00fcd\u00fcrl\u00fckleri aras\u0131nda bir ilke imza atarak olu\u015fturdu\u011fu KARGEM\u2019in kurulu\u015funda etkin bir rol model oldu\u011funu, bunun da kendilerine b\u00fcy\u00fck bir gurur ya\u015fatt\u0131\u011f\u0131n\u0131 vurgulad\u0131.<br \/>\nBa\u015fkan Vekili G\u00fclcan K\u0131\u015f, gen\u00e7lere tavsiyelerde bulundu<br \/>\nB\u00fcy\u00fck\u015fehir Belediye Ba\u015fkan Vekili G\u00fclcan K\u0131\u015f, son olarak salondaki \u00f6\u011frencilere \u015fu tavsiyelerde bulundu:<br \/>\n\u201cSevgili gen\u00e7ler; de\u011fi\u015ftiremeyece\u011finiz bir ge\u00e7mi\u015f geride dururken, \u015fekillendirip sahip olabilece\u011finiz bir gelecek sizleri bekliyor. Kendinizi ve kariyerinizi y\u00f6netin ki, d\u00fcnyay\u0131 y\u00f6netecek g\u00fcc\u00fcn\u00fcz olsun. Ayn\u0131 zamanda bir i\u015f insan\u0131 olarak sizlere tavsiyem; hayat\u0131n\u0131zda iyilik yapma f\u0131rsat\u0131n\u0131 asla ka\u00e7\u0131rmay\u0131n, yeteneklerinizle insanlar\u0131n sayg\u0131s\u0131n\u0131 ve sevgisini kazan\u0131n. Do\u011fru insanlarla i\u015f arkada\u015fl\u0131\u011f\u0131 yap\u0131n, i\u015f arkada\u015flar\u0131n\u0131z\u0131n sorunlar\u0131n\u0131 \u00e7\u00f6zme f\u0131rsat\u0131n\u0131 ka\u00e7\u0131rmay\u0131n. Her zaman iyi bir tak\u0131m \u00fcyesi ve iyi bir i\u015f arkada\u015f\u0131 olmay\u0131 hedefleyin ve yapt\u0131\u011f\u0131n\u0131z i\u015fte daima mutlu olun. Zira mutlu de\u011filseniz ve o i\u015f i\u00e7in bir tutkunuz yoksa ba\u015far\u0131s\u0131z olman\u0131z ka\u00e7\u0131n\u0131lmazd\u0131r. Unutmay\u0131n, kariyer yolculu\u011fu hep k\u00fc\u00e7\u00fck ad\u0131mlarla ba\u015flar. Etkinli\u011fimizin, ba\u015flang\u0131\u00e7 ad\u0131m\u0131n\u0131za katk\u0131da bulunmas\u0131n\u0131 diliyorum. Bu duygu ve d\u00fc\u015f\u00fcncelerle; KARGEM\u2019in gen\u00e7lerimizin kariyer yolculuklar\u0131nda daima yan\u0131nda olaca\u011f\u0131n\u0131 \u00e7ok iyi biliyor, i\u015f birli\u011fine dayal\u0131 daha nice ba\u015far\u0131l\u0131 \u00e7al\u0131\u015fmalara imza ataca\u011f\u0131na y\u00fcrekten inan\u0131yorum. KARGEM\u2019in kentimize, \u00fclkemize hay\u0131rl\u0131 olmas\u0131n\u0131 diliyorum.\u201d<br \/>\nMersin \u0130l Milli E\u011fitim M\u00fcd\u00fcr\u00fc Adem Koca ise gen\u00e7lerin \u00fclkenin umudu oldu\u011funu belirterek, KARGEM\u2019i gen\u00e7lerin katk\u0131lar\u0131yla olu\u015fturduklar\u0131n\u0131 ve her daim gen\u00e7lerin yan\u0131nda olacaklar\u0131n\u0131 s\u00f6yledi.<\/p>\n","protected":false},"excerpt":{"rendered":"<p>Mersin B\u00fcy\u00fck\u015fehir Belediye Ba\u015fkan Vekili G\u00fclcan K\u0131\u015f, Mersin \u0130l Milli E\u011fitim M\u00fcd\u00fcrl\u00fc\u011f\u00fc taraf\u0131ndan meslek liseleri d\u00fczeyinde kurulan Kariyer Geli\u015ftirme ve Uygulama Merkezi\u2019nin (KARGEM) tan\u0131t\u0131m etkinli\u011fine kat\u0131ld\u0131. Ba\u015fkan Vekili G\u00fclcan K\u0131\u015f, &hellip; <a href=\"https:\/\/akdenizolaygazetesi.com\/?p=15029\" class=\"more-link\">Devam\u0131n\u0131 Oku&#8230;<\/a><\/p>\n","protected":false},"author":2,"featured_media":15030,"comment_status":"open","ping_status":"open","sticky":false,"template":"","format":"standard","meta":[],"categories":[3,5],"tags":[],"_links":{"self":[{"href":"https:\/\/akdenizolaygazetesi.com\/index.php?rest_route=\/wp\/v2\/posts\/15029"}],"collection":[{"href":"https:\/\/akdenizolaygazetesi.com\/index.php?rest_route=\/wp\/v2\/posts"}],"about":[{"href":"https:\/\/akdenizolaygazetesi.com\/index.php?rest_route=\/wp\/v2\/types\/post"}],"author":[{"embeddable":true,"href":"https:\/\/akdenizolaygazetesi.com\/index.php?rest_route=\/wp\/v2\/users\/2"}],"replies":[{"embeddable":true,"href":"https:\/\/akdenizolaygazetesi.com\/index.php?rest_route=%2Fwp%2Fv2%2Fcomments&post=15029"}],"version-history":[{"count":1,"href":"https:\/\/akdenizolaygazetesi.com\/index.php?rest_route=\/wp\/v2\/posts\/15029\/revisions"}],"predecessor-version":[{"id":15031,"href":"https:\/\/akdenizolaygazetesi.com\/index.php?rest_route=\/wp\/v2\/posts\/15029\/revisions\/15031"}],"wp:featuredmedia":[{"embeddable":true,"href":"https:\/\/akdenizolaygazetesi.com\/index.php?rest_route=\/wp\/v2\/media\/15030"}],"wp:attachment":[{"href":"https:\/\/akdenizolaygazetesi.com\/index.php?rest_route=%2Fwp%2Fv2%2Fmedia&parent=15029"}],"wp:term":[{"taxonomy":"category","embeddable":true,"href":"https:\/\/akdenizolaygazetesi.com\/index.php?rest_route=%2Fwp%2Fv2%2Fcategories&post=15029"},{"taxonomy":"post_tag","embeddable":true,"href":"https:\/\/akdenizolaygazetesi.com\/index.php?rest_route=%2Fwp%2Fv2%2Ftags&post=15029"}],"curies":[{"name":"wp","href":"https:\/\/api.w.org\/{rel}","templated":true}]}}