{"id":1503,"date":"2020-11-04T18:22:03","date_gmt":"2020-11-04T15:22:03","guid":{"rendered":"http:\/\/mersinekonomipolitikagazetesi.com\/?p=1503"},"modified":"2020-11-04T18:22:03","modified_gmt":"2020-11-04T15:22:03","slug":"ogrenciler-sokak-ortasinda-kitap-okudu","status":"publish","type":"post","link":"https:\/\/akdenizolaygazetesi.com\/?p=1503","title":{"rendered":"\u00d6\u011frenciler sokak ortas\u0131nda kitap okudu"},"content":{"rendered":"<p>Mersin&#8217;in Erdemli il\u00e7esinde milli e\u011fitim m\u00fcd\u00fcrl\u00fc\u011f\u00fcnce y\u00fcr\u00fct\u00fclmekte olan \u201cKitap Okuyorum Fark\u0131nda m\u0131s\u0131n?\u201d projesi kapsam\u0131nda ilkokul \u00f6\u011frencileri sokakta kitap okudu<\/p>\n<p><span style=\"font-size:16px;\"><span style=\"font-family: sans-serif; line-height: 20px; text-align: justify; background-color: rgb(242, 244, 245);\">\u015eehit \u00d6\u011fretmen Hac\u0131 \u00d6mer Serin \u0130lkokulu 80 \u00f6\u011frenci ile Alparslan T\u00fcrke\u015f Bulvar\u0131 \u00fczerinde kitap okuma etkinli\u011fi ger\u00e7ekle\u015ftirdi. Bu etkinlikle \u00f6\u011frencilere ve topluma kitap okuma al\u0131\u015fkanl\u0131\u011f\u0131 kazand\u0131rmak hedeflendi.\u00a0<\/span><br style=\"box-sizing: border-box; font-family: sans-serif; font-size: 14px; line-height: 20px; text-align: justify; background-color: rgb(242, 244, 245);\" \/><br \/>\n<span style=\"font-family: sans-serif; line-height: 20px; text-align: justify; background-color: rgb(242, 244, 245);\">Erdemli \u0130l\u00e7e Milli E\u011fitim M\u00fcd\u00fcr\u00fc Mehmet Metin, \u201cErdemli \u0130l\u00e7e Milli E\u011fitim M\u00fcd\u00fcrl\u00fc\u011f\u00fc olarak Erdemli\u2019de \u00e7ocuklar\u0131m\u0131z\u0131n okudu\u011funu, okuman\u0131n yerinin ve ya\u015f\u0131n\u0131n olmad\u0131\u011f\u0131n\u0131 halk\u0131m\u0131za anlatmak i\u00e7in d\u00fczenledi\u011fimiz bir projedir. Erdemli\u2019deki okullar\u0131m\u0131z g\u00fcn i\u00e7erisinde kendi belirledikleri alanlarda okuma \u00e7al\u0131\u015fmas\u0131 yapacaklar. Etkinlik i\u00e7erisinde \u015fiir okuma ve tiyatro, m\u00fczik ve dans g\u00f6sterisinde bulunacaklar. Bizim buradaki ilk amac\u0131m\u0131z okuman\u0131n ve e\u011fitimin sadece okulda d\u00f6rt duvar aras\u0131nda olmad\u0131\u011f\u0131, sokakta her zaman her yerde e\u011fitimin oldu\u011fu, kitap okunabilece\u011fini ispatlamakt\u0131. Bunun da g\u00fczel bir \u00f6rne\u011fini \u00f6\u011frencilerimiz burada g\u00f6steriyorlar\u201d dedi.\u00a0<\/span><br style=\"box-sizing: border-box; font-family: sans-serif; font-size: 14px; line-height: 20px; text-align: justify; background-color: rgb(242, 244, 245);\" \/><br \/>\n<span style=\"font-family: sans-serif; line-height: 20px; text-align: justify; background-color: rgb(242, 244, 245);\">\u015eehit \u00d6\u011fretmen Hac\u0131 \u00d6mer Serin \u0130lkokulu \u00f6\u011frencileri ise, \u201cKitap okuman\u0131n \u00f6nemini anlatmak i\u00e7in bu etkinli\u011fi yapt\u0131k. Her yerde kitap okunabilir oldu\u011funu vatanda\u015flar\u0131m\u0131za g\u00f6stermek istiyoruz\u201d dediler.\u00a0<\/span><\/span><\/p>\n","protected":false},"excerpt":{"rendered":"<p>Mersin&#8217;in Erdemli il\u00e7esinde milli e\u011fitim m\u00fcd\u00fcrl\u00fc\u011f\u00fcnce y\u00fcr\u00fct\u00fclmekte olan \u201cKitap Okuyorum Fark\u0131nda m\u0131s\u0131n?\u201d projesi kapsam\u0131nda ilkokul \u00f6\u011frencileri sokakta kitap okudu \u015eehit \u00d6\u011fretmen Hac\u0131 \u00d6mer Serin \u0130lkokulu 80 \u00f6\u011frenci ile Alparslan T\u00fcrke\u015f &hellip; <a href=\"https:\/\/akdenizolaygazetesi.com\/?p=1503\" class=\"more-link\">Devam\u0131n\u0131 Oku&#8230;<\/a><\/p>\n","protected":false},"author":1,"featured_media":0,"comment_status":"open","ping_status":"open","sticky":false,"template":"","format":"standard","meta":[],"categories":[],"tags":[],"_links":{"self":[{"href":"https:\/\/akdenizolaygazetesi.com\/index.php?rest_route=\/wp\/v2\/posts\/1503"}],"collection":[{"href":"https:\/\/akdenizolaygazetesi.com\/index.php?rest_route=\/wp\/v2\/posts"}],"about":[{"href":"https:\/\/akdenizolaygazetesi.com\/index.php?rest_route=\/wp\/v2\/types\/post"}],"author":[{"embeddable":true,"href":"https:\/\/akdenizolaygazetesi.com\/index.php?rest_route=\/wp\/v2\/users\/1"}],"replies":[{"embeddable":true,"href":"https:\/\/akdenizolaygazetesi.com\/index.php?rest_route=%2Fwp%2Fv2%2Fcomments&post=1503"}],"version-history":[{"count":0,"href":"https:\/\/akdenizolaygazetesi.com\/index.php?rest_route=\/wp\/v2\/posts\/1503\/revisions"}],"wp:attachment":[{"href":"https:\/\/akdenizolaygazetesi.com\/index.php?rest_route=%2Fwp%2Fv2%2Fmedia&parent=1503"}],"wp:term":[{"taxonomy":"category","embeddable":true,"href":"https:\/\/akdenizolaygazetesi.com\/index.php?rest_route=%2Fwp%2Fv2%2Fcategories&post=1503"},{"taxonomy":"post_tag","embeddable":true,"href":"https:\/\/akdenizolaygazetesi.com\/index.php?rest_route=%2Fwp%2Fv2%2Ftags&post=1503"}],"curies":[{"name":"wp","href":"https:\/\/api.w.org\/{rel}","templated":true}]}}