{"id":15035,"date":"2021-11-04T13:35:56","date_gmt":"2021-11-04T10:35:56","guid":{"rendered":"http:\/\/akdenizolaygazetesi.com\/?p=15035"},"modified":"2021-11-04T13:35:56","modified_gmt":"2021-11-04T10:35:56","slug":"umutlar-solmasin-engelli-haklari-koruma-dernegi-yeni-binasina-kavustu","status":"publish","type":"post","link":"https:\/\/akdenizolaygazetesi.com\/?p=15035","title":{"rendered":"UMUTLAR SOLMASIN ENGELL\u0130 HAKLARI KORUMA DERNE\u011e\u0130 YEN\u0130 B\u0130NASINA KAVU\u015eTU"},"content":{"rendered":"<p>Ba\u015fkan G\u00fcltak, Akdeniz Belediyesi taraf\u0131ndan Mahmudiye Mahallesi\u2019nde bulunan \u2018Umutlar Solmas\u0131n Engelli Haklar\u0131 Koruma Derne\u011fi\u2019ne tahsis edilip ba\u015ftan sona d\u00fczenlenen binan\u0131n a\u00e7\u0131l\u0131\u015f t\u00f6renine kat\u0131ld\u0131. Engelli vatanda\u015flar\u0131n daima yan\u0131nda olacaklar\u0131n\u0131 s\u00f6yleyen Ba\u015fkan G\u00fcltak, her t\u00fcrl\u00fc deste\u011fi vermeye devam edeceklerinin de alt\u0131n\u0131 \u00e7izdi.<br \/>\nAK Parti Akdeniz \u0130l\u00e7e Ba\u015fkan\u0131 Emin Gen\u00e7, Belediye Ba\u015fkan yard\u0131mc\u0131lar\u0131 ile Meclis \u00fcyelerinin de e\u015flik etti\u011fi bulu\u015fmada, ilk olarak Mahmudiye Mahalle Muhtar\u0131 Fahri Ku\u015f\u00e7u\u2019yu ziyaret etti. Ziyaretinde minik \u00e7ocuklarla yak\u0131ndan ilgilenen Akdeniz Belediye Ba\u015fkan\u0131 M. Mustafa G\u00fcltak, esnaflar\u0131 ziyaret etti, kad\u0131nlar, gen\u00e7ler ve Koronavir\u00fcs a\u015f\u0131s\u0131 vurmak i\u00e7in sa\u011fl\u0131k oca\u011f\u0131na gelen vatanda\u015flarla sohbet etti, zaman\u0131 geldi\u011finde a\u015f\u0131lar\u0131n\u0131 geciktirmemeleri y\u00f6n\u00fcnde uyar\u0131da bulundu.<br \/>\n\u201cBas\u0131nla bulu\u015fup 2 bu\u00e7uk y\u0131ldaki icraatlar\u0131m\u0131z\u0131 anlatt\u0131k\u201d<br \/>\nBa\u015fkan G\u00fcltak, g\u00fcn i\u00e7inde, belediyenin tahsis edip d\u00fczenledi\u011fi ve \u2018Umutlar Solmas\u0131n Engelli Haklar\u0131 Koruma Derne\u011fi\u2019ne tahsis etti\u011fi binan\u0131n a\u00e7\u0131l\u0131\u015f t\u00f6renine de kat\u0131ld\u0131. Burada bir konu\u015fma yapan Ba\u015fkan G\u00fcltak, belediyenin 2 bu\u00e7uk y\u0131ll\u0131k icraatlar\u0131n\u0131, hizmet, proje ve yat\u0131r\u0131mlar\u0131n\u0131 anlatt\u0131\u011f\u0131 bir bas\u0131n toplant\u0131s\u0131 d\u00fczenlediklerini belirterek; \u201c\u015eu an Mersin Merkezde ve B\u00fcy\u00fck\u015fehir Belediyesi de d\u00e2hil, aradan ge\u00e7en 2 bu\u00e7uk y\u0131lda ne yapt\u0131\u011f\u0131n\u0131 anlatan, bas\u0131n b\u00fcltenleri haz\u0131rlay\u0131p ayr\u0131ca bas\u0131nla bulu\u015fan ba\u015fka bir belediye ba\u015fkan\u0131 yok. Sadece biz bas\u0131nla bulu\u015ftuk ve gazetecilere ve kentimiz kamuoyuna detayl\u0131 bir bilgilendirme yapt\u0131k\u201d diye konu\u015ftu.<br \/>\n\u201cAkdeniz\u2019in bir\u00e7ok mahallesi kentsel d\u00f6n\u00fc\u015f\u00fcme ihtiya\u00e7 duyuyor\u201d<br \/>\n\u00c7ay Mahallesi\u2019nde bitmek \u00fczere olan; Bar\u0131\u015f Mahallesi\u2019nde yeni ba\u015flayan, Turgut Reis Mahallesi\u2019nde de y\u0131lba\u015f\u0131nda ba\u015flayacak olan kentsel d\u00f6n\u00fc\u015f\u00fcm projelerine de\u011finen Ba\u015fkan G\u00fcltak; \u201cAkdeniz\u2019de, en az 80-100 y\u0131ll\u0131k mahallelerimiz var. Nas\u0131l de\u011fi\u015ftirece\u011fiz? Tek \u00e7\u00f6z\u00fcm\u00fc yerinde kentsel d\u00f6n\u00fc\u015f\u00fcm projeleri. \u2018Yapamazs\u0131n\u2019 dediler, \u00c7ay Mahallesi bitti, birka\u00e7 ay sonra mahalle sakinlerine teslim edece\u011fiz. Bar\u0131\u015f Mahallesi\u2019nde de temel atmaya y\u0131lba\u015f\u0131nda ba\u015fl\u0131yoruz. \u0130halesi bitti, y\u00fcklenici firma belirlendi. Tapu devirleri y\u00fczde 80\u2019inin \u00fczerinde tamamland\u0131. Y\u0131k\u0131m devam ediyor, bitti\u011finde o kadar g\u00fczel bir mahalle olacak ki inanamayacaks\u0131n\u0131z\u201d ifadelerini kulland\u0131.<br \/>\n\u201c\u0130nsanlar\u0131m\u0131za, \u015fehir ya\u015fam\u0131n\u0131n sa\u011flad\u0131\u011f\u0131 t\u00fcm hizmetleri sunmak istiyoruz\u201d<br \/>\nBa\u015fkan G\u00fcltak; Mersin\u2019in kurtulu\u015funun kentsel d\u00f6n\u00fc\u015f\u00fcmle m\u00fcmk\u00fcn oldu\u011funu yineleyerek; \u201cY\u0131llar boyunca bu mahallelere dokunulmam\u0131z, kendi haline b\u0131rak\u0131lm\u0131\u015f. Ne alt ne de \u00fcst yap\u0131s\u0131 yenilenmemi\u015f ve buralar mak\u00fbs talihine b\u0131rak\u0131lm\u0131\u015f. Oysa bug\u00fcn bir\u00e7ok ilimizde kentsel d\u00f6n\u00fc\u015f\u00fcm projeleri sayesinde parklar\u0131 ve ye\u015fil alanlar\u0131, okul, cami, k\u00fclt\u00fcr merkezi ve bulvarlar\u0131 ile yeni mahalleler, modern ve konforlu yerle\u015fim alanlar\u0131 yarat\u0131ld\u0131. Bu nedenle bizler de kentimizin en b\u00fcy\u00fck sorunu olan \u00e7arp\u0131k ve plans\u0131z kentle\u015fmenin ortadan kalkmas\u0131, vatanda\u015flar\u0131m\u0131za \u015fehir ya\u015fam\u0131n\u0131n sa\u011flad\u0131\u011f\u0131 konforu, g\u00fcvenli\u011fi ve huzuru sa\u011flamak amac\u0131yla Akdeniz\u2019de kentsel d\u00f6n\u00fc\u015f\u00fcm\u00fc h\u0131zland\u0131rd\u0131k\u201d \u015feklinde konu\u015ftu.<br \/>\n\u201cMersin\u2019de, engelsiz e-ticaret yapan tek derne\u011fin kurulmas\u0131na vesile olduk\u201d<br \/>\nEngellilere y\u00f6nelik hizmet ve projeleri de anlatt\u0131\u011f\u0131 konu\u015fmas\u0131nda Ba\u015fkan G\u00fcltak; \u201cEngelli derneklerimizi her zaman destekliyoruz. T\u00fcrkiye\u2019de 7 tane engelli kooperatifinin 7\u2019ncisini Mersin\u2019e biz a\u00e7t\u0131rd\u0131k. Engelsiz e-ticaret yapan tek kooperatif var o da Mersin\u2019de ve bizim kooperatifimiz. Baya\u011f\u0131 bir \u00fcretim de yap\u0131yorlar. Metropol civar\u0131nda, 2 kad\u0131n kooperatifi ile bir engelli kooperatifimize \u00fcr\u00fcnlerini sat\u0131p gelir elde edebilecekleri Kad\u0131n Eme\u011fi Diyar\u0131\u2019n\u0131 \u00fccretsiz tahsis ettik\u201d dedi.<br \/>\nHer t\u00fcrl\u00fc etkinlik i\u00e7in kullan\u0131labilecek<br \/>\nUmutlar Solmas\u0131n Engelli Haklar\u0131 Koruma Derne\u011fi Ba\u015fkan\u0131 Hatice Ekici ise konu\u015fmas\u0131nda; \u201cDernek olarak bu m\u00fccadeleyi 6 y\u0131ld\u0131r s\u00fcrd\u00fcr\u00fcyor ve ayl\u0131k bin lira kira veriyorduk. Say\u0131n Belediye Ba\u015fkan\u0131m\u0131z G\u00fcltak, bu binay\u0131 derne\u011fimize tahsis etti. Bu kutlu yolda, desteklerini esirgemeyen Say\u0131n Belediye Ba\u015fkan\u0131m\u0131z Mustafa G\u00fcltak\u2019a, ba\u015fkan yard\u0131mc\u0131lar\u0131m\u0131za ve bizlere destek veren herkese \u00e7ok te\u015fekk\u00fcr ediyor, emeklerine ve y\u00fcreklerine sa\u011fl\u0131k diyorum\u201d dedi. Mahmudiye Mahalle Muhtar\u0131 Fahri Ku\u015f\u00e7u da, \u201cDerne\u011fimizi, Say\u0131n G\u00fcltak Ba\u015fkan\u0131m\u0131z bize tahsis ettikten sonra k\u0131sa s\u00fcrede bu konuma getirdik. Engelli arkada\u015flar\u0131m\u0131z i\u00e7in, gelip sohbet edebilecekleri, etkinlikler yapabilecekleri g\u00fczel bir mek\u00e2n oldu. Deste\u011finden dolay\u0131 Ba\u015fkan\u0131m\u0131z Say\u0131n G\u00fcltak\u2019a ve ba\u015fkan yard\u0131mc\u0131lar\u0131m\u0131za \u00e7ok te\u015fekk\u00fcr ediyorum\u201d diye konu\u015ftu.<br \/>\nKonu\u015fmalardan sonra, Akdeniz Belediyesi taraf\u0131ndan Mahmudiye Mahallesi\u2019nde; \u2018Umutlar Solmas\u0131n Engelli Haklar\u0131 Koruma Derne\u011fi\u2019ne tahsis edilen binan\u0131n a\u00e7\u0131l\u0131\u015f\u0131, Ba\u015fkan G\u00fcltak, dernek y\u00f6netimi, \u00fcyeler, muhtarlar ve mahalle sakinlerinin kat\u0131l\u0131m\u0131yla ger\u00e7ekle\u015ftirildi.<\/p>\n","protected":false},"excerpt":{"rendered":"<p>Ba\u015fkan G\u00fcltak, Akdeniz Belediyesi taraf\u0131ndan Mahmudiye Mahallesi\u2019nde bulunan \u2018Umutlar Solmas\u0131n Engelli Haklar\u0131 Koruma Derne\u011fi\u2019ne tahsis edilip ba\u015ftan sona d\u00fczenlenen binan\u0131n a\u00e7\u0131l\u0131\u015f t\u00f6renine kat\u0131ld\u0131. Engelli vatanda\u015flar\u0131n daima yan\u0131nda olacaklar\u0131n\u0131 s\u00f6yleyen Ba\u015fkan &hellip; <a href=\"https:\/\/akdenizolaygazetesi.com\/?p=15035\" class=\"more-link\">Devam\u0131n\u0131 Oku&#8230;<\/a><\/p>\n","protected":false},"author":2,"featured_media":15036,"comment_status":"open","ping_status":"open","sticky":false,"template":"","format":"standard","meta":[],"categories":[2,3],"tags":[],"_links":{"self":[{"href":"https:\/\/akdenizolaygazetesi.com\/index.php?rest_route=\/wp\/v2\/posts\/15035"}],"collection":[{"href":"https:\/\/akdenizolaygazetesi.com\/index.php?rest_route=\/wp\/v2\/posts"}],"about":[{"href":"https:\/\/akdenizolaygazetesi.com\/index.php?rest_route=\/wp\/v2\/types\/post"}],"author":[{"embeddable":true,"href":"https:\/\/akdenizolaygazetesi.com\/index.php?rest_route=\/wp\/v2\/users\/2"}],"replies":[{"embeddable":true,"href":"https:\/\/akdenizolaygazetesi.com\/index.php?rest_route=%2Fwp%2Fv2%2Fcomments&post=15035"}],"version-history":[{"count":1,"href":"https:\/\/akdenizolaygazetesi.com\/index.php?rest_route=\/wp\/v2\/posts\/15035\/revisions"}],"predecessor-version":[{"id":15037,"href":"https:\/\/akdenizolaygazetesi.com\/index.php?rest_route=\/wp\/v2\/posts\/15035\/revisions\/15037"}],"wp:featuredmedia":[{"embeddable":true,"href":"https:\/\/akdenizolaygazetesi.com\/index.php?rest_route=\/wp\/v2\/media\/15036"}],"wp:attachment":[{"href":"https:\/\/akdenizolaygazetesi.com\/index.php?rest_route=%2Fwp%2Fv2%2Fmedia&parent=15035"}],"wp:term":[{"taxonomy":"category","embeddable":true,"href":"https:\/\/akdenizolaygazetesi.com\/index.php?rest_route=%2Fwp%2Fv2%2Fcategories&post=15035"},{"taxonomy":"post_tag","embeddable":true,"href":"https:\/\/akdenizolaygazetesi.com\/index.php?rest_route=%2Fwp%2Fv2%2Ftags&post=15035"}],"curies":[{"name":"wp","href":"https:\/\/api.w.org\/{rel}","templated":true}]}}