{"id":15041,"date":"2021-11-05T12:54:39","date_gmt":"2021-11-05T09:54:39","guid":{"rendered":"http:\/\/akdenizolaygazetesi.com\/?p=15041"},"modified":"2021-11-05T12:54:39","modified_gmt":"2021-11-05T09:54:39","slug":"buyuksehirin-gonullulerinden-sac-kesim-ve-tasarim-etkinligi","status":"publish","type":"post","link":"https:\/\/akdenizolaygazetesi.com\/?p=15041","title":{"rendered":"B\u00dcY\u00dcK\u015eEH\u0130R\u2019\u0130N G\u00d6N\u00dcLL\u00dcLER\u0130NDEN SA\u00c7 KES\u0130M VE TASARIM ETK\u0130NL\u0130\u011e\u0130"},"content":{"rendered":"<p>Mersin B\u00fcy\u00fck\u015fehir Belediyesi\u2019nin \u00f6zellikle dar gelirli mahallelere ula\u015fan Mobil Kuaf\u00f6r arac\u0131, bu kez y\u00f6n\u00fcn\u00fc Toroslar il\u00e7esi Mevlana Mahallesi\u2019ne \u00e7evirdi. Kad\u0131n ve Aile Hizmetleri Dairesi \u00f6nc\u00fcl\u00fc\u011f\u00fcnde d\u00fczenlenen \u201cSa\u00e7 Kesim ve Tasar\u0131m Etkinli\u011fi\u201d ile B\u00fcy\u00fck\u015fehir Belediyesi\u2019nin g\u00f6n\u00fcll\u00fc kuaf\u00f6rleri, Mobil Kuaf\u00f6r\u2019de vatanda\u015flara sa\u00e7 kesim ve bak\u0131m hizmeti verdi.<br \/>\nB\u00fcy\u00fck\u015fehir\u2019in g\u00f6n\u00fcll\u00fc kuaf\u00f6rleri ara\u00e7ta yerini ald\u0131<br \/>\nKad\u0131n ve Aile Hizmetleri Dairesi\u2019ne ba\u011fl\u0131 G\u00f6n\u00fcll\u00fcler \u015eube M\u00fcd\u00fcrl\u00fc\u011f\u00fc\u2019ne kay\u0131tl\u0131 4 kuaf\u00f6r, Mevlana Mahallesi\u2019ndeki kad\u0131n ve \u00e7ocuklar\u0131n sa\u00e7lar\u0131n\u0131 kesti. Kad\u0131n ve Aile Hizmetleri Dairesi b\u00fcnyesinde faaliyet y\u00fcr\u00fcten Kad\u0131n ve \u00c7ocuk At\u00f6lyesi \u00f6n\u00fcne park eden Mobil Kuaf\u00f6r\u2019e, mahalle sakinlerinin yan\u0131 s\u0131ra at\u00f6lyede diki\u015f, nak\u0131\u015f kursuna kat\u0131lan kad\u0131nlar ve ayn\u0131 at\u00f6lyede kre\u015f e\u011fitimi alan \u00e7ocuklar da geldi. Diledikleri gibi sa\u00e7lar\u0131n\u0131 kestiren kad\u0131nlar ve \u00e7ocuklar, ara\u00e7tan mutlu ayr\u0131ld\u0131.<br \/>\n\u201c\u0130nsanlara dokunmay\u0131 seviyoruz\u201d<br \/>\nB\u00fcy\u00fck\u015fehir\u2019in g\u00f6n\u00fcll\u00fc kuaf\u00f6rlerinden Hanife T\u00fcrker, B\u00fcy\u00fck\u015fehir Belediyesi arac\u0131l\u0131\u011f\u0131yla dar gelirli vatanda\u015flara ula\u015fabildiklerini s\u00f6yleyerek, \u201cKuaf\u00f6rl\u00fck yap\u0131yoruz, bu i\u015ften de keyif al\u0131yoruz. Bu t\u00fcr etkinliklerde bulunmay\u0131 seviyoruz. \u0130nsanlara dokunmay\u0131 seviyoruz. Ne zaman bize ihtiya\u00e7 varsa gelmeye haz\u0131r\u0131z. G\u00f6n\u00fcll\u00fcler \u015eube M\u00fcd\u00fcrl\u00fc\u011f\u00fc\u2019nde kayd\u0131m\u0131z var, g\u00f6n\u00fcll\u00fc \u00fcyeyiz. Her f\u0131rsatta yard\u0131mc\u0131 olmak istiyoruz. Belediyeye hizmet vermekten mutluyuz\u201d dedi.<br \/>\n\u201cKuaf\u00f6rlerimizden \u00e7ok memnun kald\u0131k\u201d<br \/>\nG\u00f6n\u00fcll\u00fc kuaf\u00f6rlerin verdi\u011fi hizmetten \u00e7ok memnun kald\u0131\u011f\u0131n\u0131 s\u00f6yleyen Hatice S\u00f6nmez, \u201cHizmetlerden yararland\u0131k. Memnunuz, g\u00fczel ge\u00e7ti. Mersin B\u00fcy\u00fck\u015fehir Belediyesi ve ekibine \u00e7ok te\u015fekk\u00fcr ediyoruz. \u0130lgilerinden ve hizmetlerinden \u00e7ok memnun kald\u0131k\u201d ifadelerine yer verdi.<br \/>\n\u201c\u00c7ok mutluyum sa\u00e7lar\u0131mdan, \u00e7ok sevdim\u201d<br \/>\nKad\u0131n ve \u00c7ocuk At\u00f6lyesi\u2019nin kre\u015finde e\u011fitim g\u00f6ren \u0130kra S\u00f6nmez, Mobil Kuaf\u00f6r\u2019de sa\u00e7lar\u0131n\u0131 kestirdi. Sa\u00e7lar\u0131n\u0131 \u00e7ok be\u011fendi\u011fini ifade eden minik \u0130kra, \u201cG\u00f6n\u00fcll\u00fc kuaf\u00f6rler geldi. Sa\u00e7\u0131m\u0131z\u0131 kestiler, \u00e7ok g\u00fczel kestiler. \u00c7ok mutluyum sa\u00e7lar\u0131mdan, \u00e7ok sevdim. G\u00f6n\u00fcll\u00fc gelen kuaf\u00f6rlere te\u015fekk\u00fcr ederim. Vahap Amca\u2019ya \u00e7ok te\u015fekk\u00fcr ederim\u201d diye konu\u015ftu.<\/p>\n","protected":false},"excerpt":{"rendered":"<p>Mersin B\u00fcy\u00fck\u015fehir Belediyesi\u2019nin \u00f6zellikle dar gelirli mahallelere ula\u015fan Mobil Kuaf\u00f6r arac\u0131, bu kez y\u00f6n\u00fcn\u00fc Toroslar il\u00e7esi Mevlana Mahallesi\u2019ne \u00e7evirdi. Kad\u0131n ve Aile Hizmetleri Dairesi \u00f6nc\u00fcl\u00fc\u011f\u00fcnde d\u00fczenlenen \u201cSa\u00e7 Kesim ve Tasar\u0131m &hellip; <a href=\"https:\/\/akdenizolaygazetesi.com\/?p=15041\" class=\"more-link\">Devam\u0131n\u0131 Oku&#8230;<\/a><\/p>\n","protected":false},"author":2,"featured_media":15042,"comment_status":"open","ping_status":"open","sticky":false,"template":"","format":"standard","meta":[],"categories":[3,5],"tags":[],"_links":{"self":[{"href":"https:\/\/akdenizolaygazetesi.com\/index.php?rest_route=\/wp\/v2\/posts\/15041"}],"collection":[{"href":"https:\/\/akdenizolaygazetesi.com\/index.php?rest_route=\/wp\/v2\/posts"}],"about":[{"href":"https:\/\/akdenizolaygazetesi.com\/index.php?rest_route=\/wp\/v2\/types\/post"}],"author":[{"embeddable":true,"href":"https:\/\/akdenizolaygazetesi.com\/index.php?rest_route=\/wp\/v2\/users\/2"}],"replies":[{"embeddable":true,"href":"https:\/\/akdenizolaygazetesi.com\/index.php?rest_route=%2Fwp%2Fv2%2Fcomments&post=15041"}],"version-history":[{"count":1,"href":"https:\/\/akdenizolaygazetesi.com\/index.php?rest_route=\/wp\/v2\/posts\/15041\/revisions"}],"predecessor-version":[{"id":15043,"href":"https:\/\/akdenizolaygazetesi.com\/index.php?rest_route=\/wp\/v2\/posts\/15041\/revisions\/15043"}],"wp:featuredmedia":[{"embeddable":true,"href":"https:\/\/akdenizolaygazetesi.com\/index.php?rest_route=\/wp\/v2\/media\/15042"}],"wp:attachment":[{"href":"https:\/\/akdenizolaygazetesi.com\/index.php?rest_route=%2Fwp%2Fv2%2Fmedia&parent=15041"}],"wp:term":[{"taxonomy":"category","embeddable":true,"href":"https:\/\/akdenizolaygazetesi.com\/index.php?rest_route=%2Fwp%2Fv2%2Fcategories&post=15041"},{"taxonomy":"post_tag","embeddable":true,"href":"https:\/\/akdenizolaygazetesi.com\/index.php?rest_route=%2Fwp%2Fv2%2Ftags&post=15041"}],"curies":[{"name":"wp","href":"https:\/\/api.w.org\/{rel}","templated":true}]}}