{"id":15044,"date":"2021-11-05T12:56:13","date_gmt":"2021-11-05T09:56:13","guid":{"rendered":"http:\/\/akdenizolaygazetesi.com\/?p=15044"},"modified":"2021-11-05T12:56:13","modified_gmt":"2021-11-05T09:56:13","slug":"buyuksehirin-gocmen-katli-kavsak-projesi-hazirlik-calismalari-kapsaminda-yol-trafige-kapatildi","status":"publish","type":"post","link":"https:\/\/akdenizolaygazetesi.com\/?p=15044","title":{"rendered":"B\u00dcY\u00dcK\u015eEH\u0130R\u2019\u0130N G\u00d6\u00c7MEN KATLI KAV\u015eAK PROJES\u0130 HAZIRLIK \u00c7ALI\u015eMALARI KAPSAMINDA YOL TRAF\u0130\u011eE KAPATILDI"},"content":{"rendered":"<p>Mersin B\u00fcy\u00fck\u015fehir Belediyesi, \u015fehir i\u00e7i trafik yo\u011funlu\u011funu azaltacak \u00e7al\u0131\u015fmalar\u0131n\u0131 s\u00fcrd\u00fcr\u00fcyor. B\u00fcy\u00fck\u015fehir Belediyesi taraf\u0131ndan yap\u0131m\u0131na ba\u015flanacak olan &#8220;G\u00f6\u00e7men Katl\u0131 Kav\u015fak Projesi&#8221;nin alt yap\u0131 deplase i\u015fi i\u00e7in devam eden \u00e7al\u0131\u015fmalar kapsam\u0131nda yol trafi\u011fe kapat\u0131ld\u0131.<br \/>\nTrafik ak\u0131\u015f\u0131 alternatif g\u00fczerg\u00e2hlardan sa\u011flan\u0131yor<br \/>\nMersin B\u00fcy\u00fck\u015fehir Belediyesi Mersin Su ve Kanalizasyon \u0130daresi (MESK\u0130) Genel M\u00fcd\u00fcrl\u00fc\u011f\u00fc taraf\u0131ndan yap\u0131lan ya\u011fmur suyu ile i\u00e7me suyu deplasesi \u00e7al\u0131\u015fmalar\u0131 h\u0131zla devam ediyor. Yeni\u015fehir il\u00e7esi H\u00fcseyin Okan Merzeci Bulvar\u0131\u2019nda yap\u0131lacak katl\u0131 kav\u015fak projesi \u00f6ncesi deplase \u00e7al\u0131\u015fmalar\u0131 sonucunda trafik ak\u0131\u015f\u0131 alternatif g\u00fczerg\u00e2hlar \u00fczerinden sa\u011flanmaya ba\u015flad\u0131.<br \/>\nH\u00fcseyin Okan Merzeci Bulvar\u0131\u2019n\u0131n 38. Cadde ile Nevit Kodall\u0131 Kav\u015fa\u011f\u0131 aras\u0131 trafi\u011fe kapat\u0131ld\u0131. G\u00f6\u00e7men Kav\u015fa\u011f\u0131\u2019nda yap\u0131lacak olan deplase \u00e7al\u0131\u015fmalar\u0131 nedeniyle 3 Kas\u0131m\u2019dan itibaren trafi\u011fin 10-12 g\u00fcn boyunca kapal\u0131 olaca\u011f\u0131 tahmin ediliyor. Vatanda\u015flar\u0131n ma\u011fdur olmamas\u0131 i\u00e7in trafik ak\u0131\u015f\u0131 yeni olu\u015fturulan ba\u011flant\u0131 yollar\u0131ndan sa\u011flanmaya ba\u015flad\u0131.<br \/>\nAlternatif g\u00fczerg\u00e2hlar ise \u015f\u00f6yle:<br \/>\nDo\u011fu geli\u015f i\u00e7in vatanda\u015flar, Okan Merzeci Bulvar\u0131\u2019ndan 38. Cadde Kuzey\u2019e do\u011fru gidip, halk aras\u0131nda 2,5 \u00c7evre Yolu olarak bilinen kav\u015fa\u011fa girip, orada Bat\u0131 istikametine do\u011fru Nevit Kodall\u0131 Kav\u015fa\u011f\u0131\u2019ndan G\u00fcney\u2019e inip tekrar Okan Merzeci Buvar\u0131\u2019na kat\u0131labilecek.<br \/>\nBat\u0131 geli\u015f i\u00e7in ise vatanda\u015flar, Okan Merzeci Bulvar\u0131 istikametinden ister sa\u011fa d\u00f6n\u00fcp GMK Bulvar\u0131\u2019n\u0131, ister sola d\u00f6n\u00fcp 2,5 \u00c7evre Yolu\u2019nu kullanabilecek. Vatanda\u015flar, ayr\u0131ca trafi\u011fe a\u00e7\u0131k olan H\u00fcseyin Okan Merzeci Bulvar\u0131 G\u00f6\u00e7men Kav\u015fa\u011f\u0131 Kuzey-G\u00fcney istikametini kullanabilecek.<br \/>\nMESK\u0130, b\u00f6lgelere modern i\u00e7me suyu ve ya\u011fmur suyu hatlar\u0131 kazand\u0131r\u0131yor<br \/>\nG\u00f6\u00e7men Kav\u015fa\u011f\u0131\u2019na yap\u0131lacak olan katl\u0131 kav\u015fak dolay\u0131s\u0131yla MESK\u0130 Genel M\u00fcd\u00fcrl\u00fc\u011f\u00fc taraf\u0131ndan 26. Cadde, H\u00fcseyin Okan Merzeci Bulvar\u0131 ve E\u011fri\u00e7am Mahallesi\u2019ni kapsayacak deplase \u00e7al\u0131\u015fmalar\u0131na devam ediliyor. \u00c7al\u0131\u015fma kapsam\u0131nda yeni yap\u0131lacak katl\u0131 kav\u015fa\u011f\u0131n ge\u00e7ece\u011fi yolun alt\u0131nda bulunan ya\u011fmur suyu ve i\u00e7me suyu hatlar\u0131 yenilenerek ta\u015f\u0131n\u0131yor. \u00c7al\u0131\u015fmalar\u0131n tamamlanmas\u0131yla s\u00f6z konusu b\u00f6lgelere modern i\u00e7me suyu ve ya\u011fmur suyu hatlar\u0131 kazand\u0131r\u0131lm\u0131\u015f olacak.<\/p>\n","protected":false},"excerpt":{"rendered":"<p>Mersin B\u00fcy\u00fck\u015fehir Belediyesi, \u015fehir i\u00e7i trafik yo\u011funlu\u011funu azaltacak \u00e7al\u0131\u015fmalar\u0131n\u0131 s\u00fcrd\u00fcr\u00fcyor. B\u00fcy\u00fck\u015fehir Belediyesi taraf\u0131ndan yap\u0131m\u0131na ba\u015flanacak olan &#8220;G\u00f6\u00e7men Katl\u0131 Kav\u015fak Projesi&#8221;nin alt yap\u0131 deplase i\u015fi i\u00e7in devam eden \u00e7al\u0131\u015fmalar kapsam\u0131nda yol &hellip; <a href=\"https:\/\/akdenizolaygazetesi.com\/?p=15044\" class=\"more-link\">Devam\u0131n\u0131 Oku&#8230;<\/a><\/p>\n","protected":false},"author":2,"featured_media":15045,"comment_status":"open","ping_status":"open","sticky":false,"template":"","format":"standard","meta":[],"categories":[1,3,5],"tags":[],"_links":{"self":[{"href":"https:\/\/akdenizolaygazetesi.com\/index.php?rest_route=\/wp\/v2\/posts\/15044"}],"collection":[{"href":"https:\/\/akdenizolaygazetesi.com\/index.php?rest_route=\/wp\/v2\/posts"}],"about":[{"href":"https:\/\/akdenizolaygazetesi.com\/index.php?rest_route=\/wp\/v2\/types\/post"}],"author":[{"embeddable":true,"href":"https:\/\/akdenizolaygazetesi.com\/index.php?rest_route=\/wp\/v2\/users\/2"}],"replies":[{"embeddable":true,"href":"https:\/\/akdenizolaygazetesi.com\/index.php?rest_route=%2Fwp%2Fv2%2Fcomments&post=15044"}],"version-history":[{"count":1,"href":"https:\/\/akdenizolaygazetesi.com\/index.php?rest_route=\/wp\/v2\/posts\/15044\/revisions"}],"predecessor-version":[{"id":15046,"href":"https:\/\/akdenizolaygazetesi.com\/index.php?rest_route=\/wp\/v2\/posts\/15044\/revisions\/15046"}],"wp:featuredmedia":[{"embeddable":true,"href":"https:\/\/akdenizolaygazetesi.com\/index.php?rest_route=\/wp\/v2\/media\/15045"}],"wp:attachment":[{"href":"https:\/\/akdenizolaygazetesi.com\/index.php?rest_route=%2Fwp%2Fv2%2Fmedia&parent=15044"}],"wp:term":[{"taxonomy":"category","embeddable":true,"href":"https:\/\/akdenizolaygazetesi.com\/index.php?rest_route=%2Fwp%2Fv2%2Fcategories&post=15044"},{"taxonomy":"post_tag","embeddable":true,"href":"https:\/\/akdenizolaygazetesi.com\/index.php?rest_route=%2Fwp%2Fv2%2Ftags&post=15044"}],"curies":[{"name":"wp","href":"https:\/\/api.w.org\/{rel}","templated":true}]}}