{"id":15050,"date":"2021-11-05T13:00:00","date_gmt":"2021-11-05T10:00:00","guid":{"rendered":"http:\/\/akdenizolaygazetesi.com\/?p=15050"},"modified":"2021-11-05T13:00:38","modified_gmt":"2021-11-05T10:00:38","slug":"hebilli-ve-bahsis-mahallelerinden-62-kadin-tarsusu-gezdi","status":"publish","type":"post","link":"https:\/\/akdenizolaygazetesi.com\/?p=15050","title":{"rendered":"Hebilli ve Bah\u015fi\u015f mahallelerinden 62 kad\u0131n Tarsus\u2019u gezdi"},"content":{"rendered":"\n<p>Akdeniz Belediyesi; \u201c25 Kas\u0131m Kad\u0131na Y\u00f6nelik \u015eiddetle Uluslar aras\u0131 M\u00fccadele G\u00fcn\u00fc\u201d etkinlikleri kapsam\u0131nda Akdenizli kad\u0131nlar\u0131, \u00e7ocuklar\u0131yla birlikte kentin tarihi ve turistik yerlerine geziye g\u00f6t\u00fcr\u00fcyor.<br>Akdeniz Belediyesi Kad\u0131n ve Aile Hizmetleri M\u00fcd\u00fcrl\u00fc\u011f\u00fc; \u201c25 Kas\u0131m Kad\u0131na Y\u00f6nelik \u015eiddetle Uluslar aras\u0131 M\u00fccadele G\u00fcn\u00fc\u201d dolay\u0131s\u0131yla \u00e7e\u015fitli etkinlikler ba\u015flatt\u0131. Bu kapsamda her hafta 2 otob\u00fcsle yakla\u015f\u0131k 500 kad\u0131n, Eshab-\u0131 Kehf, Nusret May\u0131n Gemisi, Tarsus \u015eelalesi ile Berdan Baraj\u0131\u2019na geziye g\u00f6t\u00fcr\u00fclecek.<br>Hebilli ve Bah\u015fi\u015f mahallelerinden 62 kad\u0131n Tarsus\u2019u gezdi<br>G\u00fcn nedeniyle ba\u015flayan etkinlikler dizisinde ilk olarak Hebilli ve Bah\u015fi\u015f mahallelerinde ya\u015fayan 62 kad\u0131n, \u00e7ocuklar\u0131yla birlikte Tarsus Gezisi\u2019ne g\u00f6t\u00fcr\u00fcld\u00fc. Gezide kad\u0131nlara ve \u00e7ocuklar\u0131na kumanya da verildi. Eshab-\u0131 Kehf ve Berdan Baraj\u0131 gibi Tarsus\u2019un tarihi ve turistik yerlerini ziyaret eden kad\u0131nlar, kendileri veya sevdiklerine \u00e7e\u015fitli hediyelikler ald\u0131. \u0130lk olarak Tarsus Yedi Uyurlar Ma\u011faras\u0131\u2019n\u0131 ziyaret eden kad\u0131nlar, burada dualar edip hat\u0131ra foto\u011fraflar\u0131 \u00e7ekti. Anneleriyle birlikte geziye kat\u0131lan k\u00fc\u00e7\u00fck \u00e7ocuklar da oyun ve e\u011flence parklar\u0131nda g\u00f6n\u00fcllerince bir g\u00fcn ya\u015fad\u0131.<br>Geziye kat\u0131lan Akdeniz Belediyesi Ba\u015fkan Yard\u0131mc\u0131s\u0131 Tufan Nenni yapt\u0131\u011f\u0131 a\u00e7\u0131klamada; \u201cHebilli ve Bah\u015fi\u015f mahallelerimizden iki otob\u00fcsle Eshab-\u0131 Kehf\u2019e geldik. Burada \u00f6\u011fle namaz\u0131 k\u0131l\u0131nd\u0131 ve dualar edildi. Sonras\u0131nda baraj\u0131 gezece\u011fiz. Her hafta iki mahallemize otob\u00fcsler g\u00f6t\u00fcr\u00fcp, dileyen mahalleli kad\u0131nlar\u0131 bu gezilerimize g\u00f6t\u00fcrece\u011fiz\u201d dedi.<br>G\u00fcn nedeniyle etkinlikler s\u00fcrecek<br>\u00d6te yandan, Tarsus gezisine kat\u0131lan kad\u0131nlar da kendilerine bu g\u00fczel imkan\u0131 sunan Akdeniz Belediye Ba\u015fkan\u0131 M. Mustafa G\u00fcltak\u2019a te\u015fekk\u00fcr ettiler, etkinliklerin devam\u0131n\u0131 beklediklerini dile getirdiler. Kad\u0131n ve Aile Hizmetleri M\u00fcd\u00fcrl\u00fc\u011f\u00fc; \u201c25 Kas\u0131m Kad\u0131na Y\u00f6nelik \u015eiddetle Uluslar aras\u0131 M\u00fccadele G\u00fcn\u00fc\u201d dolay\u0131s\u0131yla \u00e7e\u015fitli aktiviteler ve fark\u0131ndal\u0131k yaratan etkinlikler dizisini s\u00fcrd\u00fcrecek.<\/p>\n","protected":false},"excerpt":{"rendered":"<p>Akdeniz Belediyesi; \u201c25 Kas\u0131m Kad\u0131na Y\u00f6nelik \u015eiddetle Uluslar aras\u0131 M\u00fccadele G\u00fcn\u00fc\u201d etkinlikleri kapsam\u0131nda Akdenizli kad\u0131nlar\u0131, \u00e7ocuklar\u0131yla birlikte kentin tarihi ve turistik yerlerine geziye g\u00f6t\u00fcr\u00fcyor.Akdeniz Belediyesi Kad\u0131n ve Aile Hizmetleri M\u00fcd\u00fcrl\u00fc\u011f\u00fc; &hellip; <a href=\"https:\/\/akdenizolaygazetesi.com\/?p=15050\" class=\"more-link\">Devam\u0131n\u0131 Oku&#8230;<\/a><\/p>\n","protected":false},"author":2,"featured_media":15051,"comment_status":"open","ping_status":"open","sticky":false,"template":"","format":"standard","meta":[],"categories":[3,5],"tags":[],"_links":{"self":[{"href":"https:\/\/akdenizolaygazetesi.com\/index.php?rest_route=\/wp\/v2\/posts\/15050"}],"collection":[{"href":"https:\/\/akdenizolaygazetesi.com\/index.php?rest_route=\/wp\/v2\/posts"}],"about":[{"href":"https:\/\/akdenizolaygazetesi.com\/index.php?rest_route=\/wp\/v2\/types\/post"}],"author":[{"embeddable":true,"href":"https:\/\/akdenizolaygazetesi.com\/index.php?rest_route=\/wp\/v2\/users\/2"}],"replies":[{"embeddable":true,"href":"https:\/\/akdenizolaygazetesi.com\/index.php?rest_route=%2Fwp%2Fv2%2Fcomments&post=15050"}],"version-history":[{"count":2,"href":"https:\/\/akdenizolaygazetesi.com\/index.php?rest_route=\/wp\/v2\/posts\/15050\/revisions"}],"predecessor-version":[{"id":15053,"href":"https:\/\/akdenizolaygazetesi.com\/index.php?rest_route=\/wp\/v2\/posts\/15050\/revisions\/15053"}],"wp:featuredmedia":[{"embeddable":true,"href":"https:\/\/akdenizolaygazetesi.com\/index.php?rest_route=\/wp\/v2\/media\/15051"}],"wp:attachment":[{"href":"https:\/\/akdenizolaygazetesi.com\/index.php?rest_route=%2Fwp%2Fv2%2Fmedia&parent=15050"}],"wp:term":[{"taxonomy":"category","embeddable":true,"href":"https:\/\/akdenizolaygazetesi.com\/index.php?rest_route=%2Fwp%2Fv2%2Fcategories&post=15050"},{"taxonomy":"post_tag","embeddable":true,"href":"https:\/\/akdenizolaygazetesi.com\/index.php?rest_route=%2Fwp%2Fv2%2Ftags&post=15050"}],"curies":[{"name":"wp","href":"https:\/\/api.w.org\/{rel}","templated":true}]}}